{"id":986,"date":"2015-03-24T22:06:33","date_gmt":"2015-03-24T22:06:33","guid":{"rendered":"http:\/\/vettensjournal.de\/klassischer-journalismus\/?p=986"},"modified":"2015-03-24T22:17:41","modified_gmt":"2015-03-24T22:17:41","slug":"jager-und-sammler","status":"publish","type":"post","link":"https:\/\/vettensjournal.de\/klassischer-journalismus\/jager-und-sammler\/","title":{"rendered":"J\u00c4GER UND SAMMLER"},"content":{"rendered":"<p><em><strong>berlin, 24. m\u00e4rz 2015<\/strong><\/em><\/p>\n<p><strong>Isses wahr? Schon 499-mal haben die Kerls vom &#8220;Tr\u00f6deltrupp&#8221; in deutschen Heimen aufger\u00e4umt, und die RTL-2-Kunden haben ihnen dabei zugesehen? Ja, das stimmt! An diesem Abend steigt um viertel nach acht die Jubil\u00e4umssendung. &#8220;Tr\u00f6deltrupp&#8221;, zum F\u00fcnfhundertsten. Protokoll des ganz normalen Entsorge-Wahnsinns an einem Dienstagabend. Der Dreh war in Niedermoschel\/Rheinland-Pfalz:<\/strong><\/p>\n<p>Sonore Stimme aus dem Off:<\/p>\n<p style=\"text-align: center\"><em>&#8220;So sieht das absolute Chaos aus. Das ist kein Garten, das ist eine M\u00fcllkippe. Doch Andreas kann nicht los lassen.\u00a0<\/em><\/p>\n<p style=\"text-align: center\"><em>Mauro, Otto und S\u00fckr\u00fc sind:<\/em><\/p>\n<p style=\"text-align: center\"><em>DER TR\u00d6DEL TRUPP.&#8221;<\/em><\/p>\n<figure id=\"attachment_1001\" aria-describedby=\"caption-attachment-1001\" style=\"width: 300px\" class=\"wp-caption aligncenter\"><img loading=\"lazy\" decoding=\"async\" class=\"wp-image-1001 size-medium\" src=\"http:\/\/vettensjournal.de\/klassischer-journalismus\/wp-content\/uploads\/2015\/03\/IMG_3296-300x245.jpg\" alt=\"IMG_3296\" width=\"300\" height=\"245\" srcset=\"https:\/\/vettensjournal.de\/klassischer-journalismus\/wp-content\/uploads\/2015\/03\/IMG_3296-300x245.jpg 300w, https:\/\/vettensjournal.de\/klassischer-journalismus\/wp-content\/uploads\/2015\/03\/IMG_3296-600x489.jpg 600w, https:\/\/vettensjournal.de\/klassischer-journalismus\/wp-content\/uploads\/2015\/03\/IMG_3296.jpg 980w\" sizes=\"auto, (max-width: 300px) 100vw, 300px\" \/><figcaption id=\"caption-attachment-1001\" class=\"wp-caption-text\">120 Minuten Beinahe-Trag\u00f6die. Im Anschluss Pfusch am Bau. Einen sch\u00f6nen Abend w\u00fcnscht RTL II.<\/figcaption><\/figure>\n<p>Die Stimme wird stumm. Musik, ein bisschen Wagner, ein bisschen &#8220;Rocky&#8221;.<\/p>\n<p>Ein \u00fcberforderter Bruder: &#8220;Die Sammelwut von Andreas ist schon extrem.\u00a0Wenn sich das nicht \u00e4ndert, ziehe ich aus.&#8221;<\/p>\n<p>Den Andreas ficht das nicht an. &#8220;Mein Vadder war en J\u00e4cher un Sammler &#8211; und ich han det geerbt.\u00a0Mei Werkzeuch und mei Autos will isch behalte.&#8221;<\/p>\n<p>Der Trupp sieht sich die Bescherung an. Garagen, voll mit Schrott und alten Autos. Zimmer, unzug\u00e4nglich wegen der Kartons. Flure, die Hindernis-Parcours sind. Ein Keller wie ein Dschungel. Vorg\u00e4rten, in denen nichts w\u00e4chst &#8211; au\u00dfer M\u00fcll. Noch ein Auto, noch ein Gebirge von Kartons. Noch und noch und noch.\u00a0Geld weg, Schulden ohne Ende.\u00a0Bruder verzweifelt, Schw\u00e4gerin stinkesauer. Der Andreas sieht nicht ein, dass es schlimm steht.<\/p>\n<p>&#8220;Mei Ersatzteil&#8217; und mei Eise &#8211; des is tabu.&#8221;<\/p>\n<p>Arggh!<\/p>\n<p>Die Story ist perfekt.<\/p>\n<figure id=\"attachment_1000\" aria-describedby=\"caption-attachment-1000\" style=\"width: 300px\" class=\"wp-caption aligncenter\"><img loading=\"lazy\" decoding=\"async\" class=\"wp-image-1000 size-medium\" src=\"http:\/\/vettensjournal.de\/klassischer-journalismus\/wp-content\/uploads\/2015\/03\/IMG_3300-300x230.jpg\" alt=\"IMG_3300\" width=\"300\" height=\"230\" srcset=\"https:\/\/vettensjournal.de\/klassischer-journalismus\/wp-content\/uploads\/2015\/03\/IMG_3300-300x230.jpg 300w, https:\/\/vettensjournal.de\/klassischer-journalismus\/wp-content\/uploads\/2015\/03\/IMG_3300-600x460.jpg 600w, https:\/\/vettensjournal.de\/klassischer-journalismus\/wp-content\/uploads\/2015\/03\/IMG_3300.jpg 980w\" sizes=\"auto, (max-width: 300px) 100vw, 300px\" \/><figcaption id=\"caption-attachment-1000\" class=\"wp-caption-text\">Eine Wanne, zum Ersten, zum Zweiten, zum&#8230; Wie bitte, nur Schrott? Kann nicht sein!<\/figcaption><\/figure>\n<p>&nbsp;<\/p>\n<p>Stimme aus dem Off:<\/p>\n<p style=\"text-align: center\"><em>&#8220;Mama verloren, Papa verloren, Freundin verloren. Kann es sein, dass er Verlust\u00e4ngste hat?&#8221;<\/em><\/p>\n<p>Otto hat sich auch nach 300 Jahren die Neugier auf Schicksale bewahrt. Nach dem ersten Entsetzen &#8211; das spielt er nicht &#8211; wiegt er einen Ersatzscheinwerfer in den H\u00e4nden. Erst sieht er ganz tief in die kranke Seele des armen Andreas, dann h\u00e4lt er ihm den Scheinwerfer vor die Nase: &#8220;Ich sag Dir ganz ehrlich, das sind No-Name-Produkte &#8211; das kannst Du alles so auf den M\u00fcll schmei\u00dfen.&#8221;<\/p>\n<p>Sein Kumpel Mauro ist ebenso gepl\u00e4ttet: &#8220;Was f\u00fcr ein Riesen-Chaos. Wir haben genug gesehen. Wir hoffen nur, dass er zur Vernunft kommt.&#8221;<\/p>\n<p>Tsch\u00fcss, bis morgen.<\/p>\n<p>Die Klein-Truppe kommt in Fahrt. Die Helden treten auf wie drei Musketiere. Sie retten alles. Witwen und Waisen. Alte und Kranke. Verstockte und Verzweifelte. Sie lassen sich nicht beirren im Retten.<\/p>\n<p>Wichtig ist f\u00fcr die Dramaturgie einer guten Folge, dass der zu Rettende sich str\u00e4ubt. Brav gibt Andreas den Widerborstigen:\u00a0&#8220;Es wird hier nix leer ger\u00e4umt.&#8221;<\/p>\n<p>Gen\u00fcssliche Stimme aus dem Off:<\/p>\n<p style=\"text-align: center\"><em>&#8220;ANDREAS LEIDET. ER STELLT SICH QUER.&#8221;<\/em><\/p>\n<p>Sp\u00e4testens jetzt gibt es zum ersten Mal Tr\u00e4nen. Denn das Weinen geh\u00f6rt zur guten Show. Die &#8220;Tr\u00f6deltruppler&#8221; sind die Meister der Katharsis. Sie leben Heiterkeit und Toleranz vor. Und sie lassen den Sammlern und J\u00e4gern keine Chance. &#8220;Wir k\u00fcmmern uns&#8221;, erkl\u00e4ren sie l\u00e4chelnd und brechen die Widerst\u00e4nde der im Leben Gestrandeten.<\/p>\n<figure id=\"attachment_1002\" aria-describedby=\"caption-attachment-1002\" style=\"width: 300px\" class=\"wp-caption aligncenter\"><img loading=\"lazy\" decoding=\"async\" class=\"wp-image-1002 size-medium\" src=\"http:\/\/vettensjournal.de\/klassischer-journalismus\/wp-content\/uploads\/2015\/03\/IMG_3293-300x226.jpg\" alt=\"IMG_3293\" width=\"300\" height=\"226\" srcset=\"https:\/\/vettensjournal.de\/klassischer-journalismus\/wp-content\/uploads\/2015\/03\/IMG_3293-300x226.jpg 300w, https:\/\/vettensjournal.de\/klassischer-journalismus\/wp-content\/uploads\/2015\/03\/IMG_3293-600x452.jpg 600w, https:\/\/vettensjournal.de\/klassischer-journalismus\/wp-content\/uploads\/2015\/03\/IMG_3293.jpg 980w\" sizes=\"auto, (max-width: 300px) 100vw, 300px\" \/><figcaption id=\"caption-attachment-1002\" class=\"wp-caption-text\">Ein Mann packt an. Otto, einer der Helden, die beim Retten nicht tr\u00f6deln.<\/figcaption><\/figure>\n<p>&nbsp;<\/p>\n<p>&#8220;Isch m\u00f6scht auch emol wieder jemanden einladen&#8221;, sagt Andreas.<\/p>\n<p>&#8220;F\u00fchlst Du Dich einsam?&#8221;, fragt S\u00fckr\u00fc.<\/p>\n<p>&#8220;Ja, manchmal m\u00f6cht&#8217; ich schon emol im Garte grille.&#8221;<\/p>\n<p>&#8220;Biste traurig?&#8221;<\/p>\n<p>Andreas weint. Aber er f\u00e4ngt sich und wehrt sich weiter.<\/p>\n<p>Stimme aus dem Off:<\/p>\n<p style=\"text-align: center\"><em>&#8220;ER WILL ODER KANN SICH NICHT ENTSCHEIDEN.&#8221;<\/em><\/p>\n<p>&#8220;Puuh&#8221;, sagt Otto, &#8220;ist nicht so einfach.&#8221; Die Musik klingt nach Katastrophenfilm. &#8220;Ist echt schwer. Wir haben bisher noch nicht ein Teil verkauft, wir sind immer noch am R\u00e4umen.&#8221;<\/p>\n<p>Erfahrene &#8220;Tr\u00f6deltrupp&#8221;-Fans haben sp\u00e4testens jetzt Schwei\u00df unter den Achseln. Werden die Musketiere diesmal etwa scheitern?<\/p>\n<p>Da kommt der Andreas ins Bild. &#8220;Ich hab&#8217; mir des \u00fcberlegt, wir verkaufen.&#8221;<\/p>\n<p>Toll!<\/p>\n<p>Und doch, Stimme aus dem Off:<\/p>\n<p style=\"text-align: center\"><em>&#8220;MAN KANN SP\u00dcREN, WIE SCHWER ES IHM F\u00c4LLT.&#8221;<\/em><\/p>\n<p>Egal, nun beginnt die n\u00e4chste Phase.<\/p>\n<p>Das Verkaufen.<\/p>\n<p>Preisvorstellung. Schmerzgrenze. Interessenten sind schon da. Es wird ernst. Otto, S\u00fckr\u00fc und Mauro in ihrem Element. Immer neue &#8220;allerletzte&#8221; Preise. Spannend wie ein todbringendes Duell.<\/p>\n<p>Die &#8220;Tr\u00f6deltruppler&#8221; \u00fcberleben immer. L\u00e4chelnd demonstrieren sie uns, wie man sich auch aus der gr\u00f6\u00dften Schei\u00dfe w\u00fchlt. In Folge 500 verkaufen sie Werkzeuge und fahrunt\u00fcchtige Autos, sie haben es mit &#8220;Hammer-Angeboten&#8221; zu tun, verlieren nicht die Nerven und tun bessere Jobs als ein Rudel Psychotherapeuten. Der &#8220;Tr\u00f6deltrupp&#8221; gibt uns das Vertrauen ans Leben zur\u00fcck, wenn es das Leben mal nicht so gut meint. Die &#8220;Tr\u00f6deltruppler&#8221; sind die Hoffnungstr\u00e4ger der modernen Wegwerfgesellschaft.<\/p>\n<p>F\u00fcr Folge 500 haben sich die Macher besondere M\u00fche gegeben. Der &#8220;Fall Andreas&#8221; ist h\u00fcbsch vertrackt. Der Sammler und J\u00e4ger zeigt sich so hartleibig, dass dem armen Otto ein Magengeschw\u00fcr erw\u00e4chst. &#8220;Hammer-Angebote&#8221; schl\u00e4gt Andreas aus, beratungsresistent bleibt er &#8211; der Showdown in Niedermoschel ist abendf\u00fcllend.<\/p>\n<p>Nun noch der Flohmarkt. Es gibt immer einen Flohmarkt &#8211; jedes Mal der H\u00f6hepunkt der Sendung. Diesmal, zum Jubil\u00e4um, wird die Spannung auf den Siedepunkt hoch gejazzt. Stimme aus dem Off, leicht genervt:<\/p>\n<p style=\"text-align: center\"><em>&#8220;SCHON WIEDER DIE \u00dcBLICHEN AUSREDEN. KEIN WUNDER, DASS ALLE ROT SEHEN. SOGAR MAURO IST HIER RATLOS. ES IST ZUM VERZWEIFELN.&#8221;<\/em><\/p>\n<p style=\"text-align: left\">&#8220;Jetzt muss jeder Gas geben&#8221;, sagt Mauro, &#8220;wir m\u00fcssen zeigen, was wir k\u00f6nnen.&#8221;<\/p>\n<figure id=\"attachment_999\" aria-describedby=\"caption-attachment-999\" style=\"width: 300px\" class=\"wp-caption aligncenter\"><img loading=\"lazy\" decoding=\"async\" class=\"wp-image-999 size-medium\" src=\"http:\/\/vettensjournal.de\/klassischer-journalismus\/wp-content\/uploads\/2015\/03\/IMG_3256-300x210.jpg\" alt=\"IMG_3256\" width=\"300\" height=\"210\" srcset=\"https:\/\/vettensjournal.de\/klassischer-journalismus\/wp-content\/uploads\/2015\/03\/IMG_3256-300x210.jpg 300w, https:\/\/vettensjournal.de\/klassischer-journalismus\/wp-content\/uploads\/2015\/03\/IMG_3256-600x419.jpg 600w, https:\/\/vettensjournal.de\/klassischer-journalismus\/wp-content\/uploads\/2015\/03\/IMG_3256.jpg 980w\" sizes=\"auto, (max-width: 300px) 100vw, 300px\" \/><figcaption id=\"caption-attachment-999\" class=\"wp-caption-text\">Er macht gerne Dampf, sagt Mauro. Dampfplauderer kann er nicht ausstehen.<\/figcaption><\/figure>\n<p style=\"text-align: left\">K\u00f6nnen Sie?<\/p>\n<p style=\"text-align: left\">Klar k\u00f6nnen sie. Sie handeln und schreien und mischen den Markt ein klein wenig auf.<\/p>\n<p style=\"text-align: left\">Otto danach: &#8220;Wir haben das Beste draus gemacht.&#8221;<\/p>\n<p style=\"text-align: left\">Dann wird abgerechnet. Der Mann aus dem Off ist gespannt:<\/p>\n<p style=\"text-align: center\">&#8220;WAS HAT ES GEBRACHT?&#8221;<\/p>\n<p style=\"text-align: left\">Und nat\u00fcrlich sind die drei Musketiere von Messi-Deutschland wieder einmal die strahlenden Helden. 2200 Euro und ein paar Zerdr\u00fcckte. Nat\u00fcrlich darf die Off-Stimme der RTL-Augenwischer-Show zufrieden bilanzieren:<\/p>\n<p style=\"text-align: center\"><em>&#8220;DER EINSATZ VON MAURO, S\u00dcKR\u00dc UND OTTO WAR WIEDER EINMAL EIN ERFOLG. UND AUF SIE WARTEN SCHON DIE N\u00c4CHSTEN ABENTEUER: GANZ SICHER:&#8221;<\/em><\/p>\n<p style=\"text-align: left\">F\u00fcr den Sender zumindest. Denn eines steht nach 500 Folgen &#8220;Tr\u00f6deltrupp&#8221; fest: Menschen-M\u00fcll ist sexy.<\/p>\n<p style=\"text-align: right\"><strong>MORGEN: DAS TR\u00d6DEL-VOLK<\/strong><\/p>\n","protected":false},"excerpt":{"rendered":"<p>berlin, 24. m\u00e4rz 2015 Isses wahr? Schon 499-mal haben die Kerls vom &#8220;Tr\u00f6deltrupp&#8221; in deutschen Heimen aufger\u00e4umt, und die RTL-2-Kunden haben ihnen dabei zugesehen? Ja, das stimmt! An diesem Abend steigt um viertel nach acht die Jubil\u00e4umssendung. &#8220;Tr\u00f6deltrupp&#8221;, zum F\u00fcnfhundertsten. Protokoll des ganz normalen Entsorge-Wahnsinns an einem Dienstagabend. Der Dreh war in Niedermoschel\/Rheinland-Pfalz: Sonore Stimme [&hellip;]<\/p>\n","protected":false},"author":3,"featured_media":1007,"comment_status":"closed","ping_status":"closed","sticky":false,"template":"","format":"standard","meta":{"footnotes":""},"categories":[25,1],"tags":[104,308,307,103,309],"class_list":["post-986","post","type-post","status-publish","format-standard","has-post-thumbnail","hentry","category-report","category-uncategorized","tag-fernsehen","tag-rtl2","tag-trodeltrupp","tag-tv","tag-wegwerfgesellschaft","has-post-title","has-post-date","has-post-category","has-post-tag","has-post-comment","has-post-author",""],"_links":{"self":[{"href":"https:\/\/vettensjournal.de\/klassischer-journalismus\/wp-json\/wp\/v2\/posts\/986","targetHints":{"allow":["GET"]}}],"collection":[{"href":"https:\/\/vettensjournal.de\/klassischer-journalismus\/wp-json\/wp\/v2\/posts"}],"about":[{"href":"https:\/\/vettensjournal.de\/klassischer-journalismus\/wp-json\/wp\/v2\/types\/post"}],"author":[{"embeddable":true,"href":"https:\/\/vettensjournal.de\/klassischer-journalismus\/wp-json\/wp\/v2\/users\/3"}],"replies":[{"embeddable":true,"href":"https:\/\/vettensjournal.de\/klassischer-journalismus\/wp-json\/wp\/v2\/comments?post=986"}],"version-history":[{"count":2,"href":"https:\/\/vettensjournal.de\/klassischer-journalismus\/wp-json\/wp\/v2\/posts\/986\/revisions"}],"predecessor-version":[{"id":1013,"href":"https:\/\/vettensjournal.de\/klassischer-journalismus\/wp-json\/wp\/v2\/posts\/986\/revisions\/1013"}],"wp:featuredmedia":[{"embeddable":true,"href":"https:\/\/vettensjournal.de\/klassischer-journalismus\/wp-json\/wp\/v2\/media\/1007"}],"wp:attachment":[{"href":"https:\/\/vettensjournal.de\/klassischer-journalismus\/wp-json\/wp\/v2\/media?parent=986"}],"wp:term":[{"taxonomy":"category","embeddable":true,"href":"https:\/\/vettensjournal.de\/klassischer-journalismus\/wp-json\/wp\/v2\/categories?post=986"},{"taxonomy":"post_tag","embeddable":true,"href":"https:\/\/vettensjournal.de\/klassischer-journalismus\/wp-json\/wp\/v2\/tags?post=986"}],"curies":[{"name":"wp","href":"https:\/\/api.w.org\/{rel}","templated":true}]}}