{"id":902,"date":"2015-03-17T21:21:47","date_gmt":"2015-03-17T21:21:47","guid":{"rendered":"http:\/\/vettensjournal.de\/klassischer-journalismus\/?p=902"},"modified":"2015-03-17T21:21:47","modified_gmt":"2015-03-17T21:21:47","slug":"der-gipfel","status":"publish","type":"post","link":"https:\/\/vettensjournal.de\/klassischer-journalismus\/der-gipfel\/","title":{"rendered":"DER GIPFEL!"},"content":{"rendered":"<p class=\"id-Article-content-item\"><em><strong>elmau, 17. m\u00e4rz 2015<\/strong><\/em><\/p>\n<p class=\"id-Article-content-item\"><strong>Wetten, dass auf Schloss Elmau keiner den Stinkefinger raus holt? Die geladenen Herrschaften aus den USA, aus Frankreich, Italien, Gro\u00dfbritannien, Japan und Kanada sind f\u00fcr manierliches Auftreten bekannt, auch die Gastgeberin Angela Merkel wei\u00df, was sich geh\u00f6rt. Kein Grieche ist weit und breit in Sicht &#8211; und eine ganze Armada von Personensch\u00fctzern wird daf\u00fcr sorgen, dass sich beim G-7-Gipfel am \u00a07. und 8. Juni kein Unbefugter auch nur in der N\u00e4he des Luxushotels im Werdenfels herum treibt.<\/strong><\/p>\n<p class=\"id-Article-content-item\">Wenn Frau Merkel und die Kollegen die Welt retten, wird in der idyllischen Elmau der Ausnahmezustand ausgerufen. Die Schulkinder des Landkreises Garmisch-Partenkirchen freut&#8217;s. Ihre Pfingstferien werden wegen des Gipfels um zwei Tage verl\u00e4ngert.<\/p>\n<figure id=\"attachment_909\" aria-describedby=\"caption-attachment-909\" style=\"width: 300px\" class=\"wp-caption aligncenter\"><img loading=\"lazy\" decoding=\"async\" class=\"wp-image-909 size-medium\" src=\"http:\/\/vettensjournal.de\/klassischer-journalismus\/wp-content\/uploads\/2015\/03\/kaese2-300x225.jpg\" alt=\"kaese2\" width=\"300\" height=\"225\" srcset=\"https:\/\/vettensjournal.de\/klassischer-journalismus\/wp-content\/uploads\/2015\/03\/kaese2-300x225.jpg 300w, https:\/\/vettensjournal.de\/klassischer-journalismus\/wp-content\/uploads\/2015\/03\/kaese2-600x450.jpg 600w, https:\/\/vettensjournal.de\/klassischer-journalismus\/wp-content\/uploads\/2015\/03\/kaese2.jpg 980w\" sizes=\"auto, (max-width: 300px) 100vw, 300px\" \/><figcaption id=\"caption-attachment-909\" class=\"wp-caption-text\">Oans&#8230;,<\/figcaption><\/figure>\n<p class=\"id-Article-content-item\">\n<p class=\"id-Article-content-item\">Die Erwachsenen wiederum haben gemischte Gef\u00fchle, wenn sie an den Gipfel vor der Haust\u00fcr denken. Zwar ist ihnen eingetrichtert worden, dass wegen des hohen Besuchs die Gegend um Schloss Elmau f\u00fcr vieleviele Euros aufgem\u00f6belt worden ist. Es gibt sch\u00f6ne neue Umgehungsstra\u00dfen, und die Bergwelt ist f\u00fcr Abermillionen erschlossen worden (130 Millionen soll die Zwei-Tage-Sause kosten).<\/p>\n<p class=\"id-Article-content-item\">So richtig in die Schlagzeilen hat es freilich der Gipfel wegen eines Catering-Unternehmens geschafft, das die Welt-Retter mit Leberk\u00e4ssemmeln f\u00fcr schlappe elf Euro f\u00fcnfzig versorgen wollte. Da sind dann aber die Polizeiverantwortlichen im G7-Stab noch rechtzeitig eingeschritten. Sie bezeichneten diesen Wucher offiziell als Angebot, das einen &#8220;gewissen Nachverhandlungsbedarf&#8221; erkennen lasse. Nun gibt&#8217;s die Semmeln f\u00fcr unter zehn Euro.<\/p>\n<p class=\"id-Article-content-item\">In einem Interview mit der Nachrichtenagentur dpa verspricht Planungsstab-Sprecher Kammerer den\u00a0Menschen in der\u00a0Region um Schloss Elmau\u00a0f\u00fcr den G7-Gipfel: &#8220;Eventuelle Einschr\u00e4nkungen zur Gew\u00e4hrleistung der Sicherheit sowohl f\u00fcr Veranstaltungsteilnehmer als auch f\u00fcr B\u00fcrgerinnen und B\u00fcrger werden auf das unbedingt notwendige Ma\u00df beschr\u00e4nkt.&#8221;<\/p>\n<p class=\"id-Article-content-item\">Wer&#8217;s glaubt!<\/p>\n<figure id=\"attachment_908\" aria-describedby=\"caption-attachment-908\" style=\"width: 300px\" class=\"wp-caption aligncenter\"><img loading=\"lazy\" decoding=\"async\" class=\"wp-image-908 size-medium\" src=\"http:\/\/vettensjournal.de\/klassischer-journalismus\/wp-content\/uploads\/2015\/03\/kaese3-300x225.jpg\" alt=\"kaese3\" width=\"300\" height=\"225\" srcset=\"https:\/\/vettensjournal.de\/klassischer-journalismus\/wp-content\/uploads\/2015\/03\/kaese3-300x225.jpg 300w, https:\/\/vettensjournal.de\/klassischer-journalismus\/wp-content\/uploads\/2015\/03\/kaese3-600x450.jpg 600w, https:\/\/vettensjournal.de\/klassischer-journalismus\/wp-content\/uploads\/2015\/03\/kaese3.jpg 980w\" sizes=\"auto, (max-width: 300px) 100vw, 300px\" \/><figcaption id=\"caption-attachment-908\" class=\"wp-caption-text\">&#8230;zwoa&#8230;,<\/figcaption><\/figure>\n<p class=\"id-Article-content-item\">\n<p class=\"id-Article-content-item\">Kammerer erl\u00e4utert: &#8220;Im Nahbereich der Tagungs\u00f6rtlichkeit wird es Sicherheitsbereiche geben, die einer Zutrittskontrolle unterliegen. Was den Luftraum betrifft, ist mit einer Flugbeschr\u00e4nkung im Einsatzraum zu rechnen. Im Bereich des Stra\u00dfenverkehrs werden punktuelle Verkehrssperren notwendig werden.\u00a0Au\u00dferdem ist\u00a0mit Verkehrsbeeintr\u00e4chtigungen auf der A95 sowie der B2 zwischen Garmisch-Partenkirchen und Mittenwald zu rechnen.&#8221;<\/p>\n<p class=\"id-Article-content-item\">Und dann noch die Sache mit der Grenze: &#8220;An der Landesgrenze zwischen Bayern und Tirol kann es notwendig werden, tempor\u00e4re Grenzkontrollen durchzuf\u00fchren. K\u00fcrzere Wartezeiten w\u00e4ren eine m\u00f6gliche Folge. In diesem Fall w\u00fcrden Reisende rechtzeitig unter anderem durch Verkehrsmeldungen informiert werden.&#8221;<\/p>\n<p class=\"id-Article-content-item\">Man richtet sich &#8211; schlie\u00dflich ist man Realist &#8211; im Landkreis auf chaotische Tage ein. Ungetr\u00fcbte Vorfreude sieht anders aus.<\/p>\n<p class=\"id-Article-content-item\"><span class=\"Apple-style-span\">Nur einer strahlt in diesen Tagen sehr. Knapp drei Monate vor dem G7-Gipfel auf Schloss Elmau in Kr\u00fcn ist ein Buch \u00fcber die bewegte Geschichte und die Gegenwart des Hotels erschienen. Hotelchef Dietmar M\u00fcller-Elmau beschreibt darin unter anderem die Anf\u00e4nge des von dem Theologen und Philosophen Johannes M\u00fcller vor 100 Jahren erbauten Schlosses. Heute hat er sein Buch vorgestellt und erz\u00e4hlte zum wiederholten Mal, dass er ein Gipfeltreffen der weltweit m\u00e4chtigsten Staatenlenker in seinem Schloss schon l\u00e4ngere Zeit im Blick gehabt habe.<\/span><\/p>\n<figure id=\"attachment_907\" aria-describedby=\"caption-attachment-907\" style=\"width: 300px\" class=\"wp-caption aligncenter\"><img loading=\"lazy\" decoding=\"async\" class=\"wp-image-907 size-medium\" src=\"http:\/\/vettensjournal.de\/klassischer-journalismus\/wp-content\/uploads\/2015\/03\/kaese5-300x225.jpg\" alt=\"kaese5\" width=\"300\" height=\"225\" srcset=\"https:\/\/vettensjournal.de\/klassischer-journalismus\/wp-content\/uploads\/2015\/03\/kaese5-300x225.jpg 300w, https:\/\/vettensjournal.de\/klassischer-journalismus\/wp-content\/uploads\/2015\/03\/kaese5-600x450.jpg 600w, https:\/\/vettensjournal.de\/klassischer-journalismus\/wp-content\/uploads\/2015\/03\/kaese5.jpg 980w\" sizes=\"auto, (max-width: 300px) 100vw, 300px\" \/><figcaption id=\"caption-attachment-907\" class=\"wp-caption-text\">&#8230;an Guadn!<\/figcaption><\/figure>\n<p class=\"id-Article-content-item\">\n<p class=\"id-Article-content-item\"><span class=\"Apple-style-span\">Das Schlosshotel Elmau geh\u00f6rt zu den besten Luxushotels weltweit. Regelm\u00e4\u00dfig werden sein Spa-Bereich, das Restaurant Luce d&#8217;oro sowie der Hotelbetrieb selbst f\u00fcr ihre Qualit\u00e4t ausgezeichnet. Das Restaurant tr\u00e4gt seit mehreren Jahren einen Michelin-Stern, der Luxushotel-Newletter &#8220;Andrew Harper&#8221; z\u00e4hlt das Schlosshotel zu den 25 besten der Welt. Kein schlechter Platz, um die Welt zu retten.\u00a0128 Zimmer und Suiten. Teak, Eiche, Seide&#8230; King-Size-Betten mit Ma\u00dfen von 210 mal 200 Zentimeter. In so einem Ambiente zeigt man doch keinen Stinkefinger. Wetten?\u00a0<\/span><\/p>\n<p>&nbsp;<\/p>\n","protected":false},"excerpt":{"rendered":"<p>elmau, 17. m\u00e4rz 2015 Wetten, dass auf Schloss Elmau keiner den Stinkefinger raus holt? Die geladenen Herrschaften aus den USA, aus Frankreich, Italien, Gro\u00dfbritannien, Japan und Kanada sind f\u00fcr manierliches Auftreten bekannt, auch die Gastgeberin Angela Merkel wei\u00df, was sich geh\u00f6rt. Kein Grieche ist weit und breit in Sicht &#8211; und eine ganze Armada von [&hellip;]<\/p>\n","protected":false},"author":3,"featured_media":910,"comment_status":"closed","ping_status":"closed","sticky":false,"template":"","format":"standard","meta":{"footnotes":""},"categories":[20,1],"tags":[278,276,279,280],"class_list":["post-902","post","type-post","status-publish","format-standard","has-post-thumbnail","hentry","category-reportage","category-uncategorized","tag-elmau","tag-g7","tag-garmisch","tag-merkel-angela","has-post-title","has-post-date","has-post-category","has-post-tag","has-post-comment","has-post-author",""],"_links":{"self":[{"href":"https:\/\/vettensjournal.de\/klassischer-journalismus\/wp-json\/wp\/v2\/posts\/902","targetHints":{"allow":["GET"]}}],"collection":[{"href":"https:\/\/vettensjournal.de\/klassischer-journalismus\/wp-json\/wp\/v2\/posts"}],"about":[{"href":"https:\/\/vettensjournal.de\/klassischer-journalismus\/wp-json\/wp\/v2\/types\/post"}],"author":[{"embeddable":true,"href":"https:\/\/vettensjournal.de\/klassischer-journalismus\/wp-json\/wp\/v2\/users\/3"}],"replies":[{"embeddable":true,"href":"https:\/\/vettensjournal.de\/klassischer-journalismus\/wp-json\/wp\/v2\/comments?post=902"}],"version-history":[{"count":1,"href":"https:\/\/vettensjournal.de\/klassischer-journalismus\/wp-json\/wp\/v2\/posts\/902\/revisions"}],"predecessor-version":[{"id":913,"href":"https:\/\/vettensjournal.de\/klassischer-journalismus\/wp-json\/wp\/v2\/posts\/902\/revisions\/913"}],"wp:featuredmedia":[{"embeddable":true,"href":"https:\/\/vettensjournal.de\/klassischer-journalismus\/wp-json\/wp\/v2\/media\/910"}],"wp:attachment":[{"href":"https:\/\/vettensjournal.de\/klassischer-journalismus\/wp-json\/wp\/v2\/media?parent=902"}],"wp:term":[{"taxonomy":"category","embeddable":true,"href":"https:\/\/vettensjournal.de\/klassischer-journalismus\/wp-json\/wp\/v2\/categories?post=902"},{"taxonomy":"post_tag","embeddable":true,"href":"https:\/\/vettensjournal.de\/klassischer-journalismus\/wp-json\/wp\/v2\/tags?post=902"}],"curies":[{"name":"wp","href":"https:\/\/api.w.org\/{rel}","templated":true}]}}