{"id":824,"date":"2015-03-09T14:36:23","date_gmt":"2015-03-09T14:36:23","guid":{"rendered":"http:\/\/vettensjournal.de\/klassischer-journalismus\/?p=824"},"modified":"2015-03-24T08:46:53","modified_gmt":"2015-03-24T08:46:53","slug":"habe-die-ehre","status":"publish","type":"post","link":"https:\/\/vettensjournal.de\/klassischer-journalismus\/habe-die-ehre\/","title":{"rendered":"HABE DIE EHRE"},"content":{"rendered":"<p><em><strong>wien, 9. m\u00e4rz 2015<\/strong><\/em><\/p>\n<p><strong>&#8220;sputniks welt&#8221; ist weit, zur Zeit. Heute beim Schn\u00e4ppchenkauf im Berliner S\u00fcden, dann am Roten Teppich der &#8220;Berlinale&#8221; oder zur Starkbier-Verkostung nach M\u00fcnchen. Und nun, Leute, nun treibt sich &#8220;Sputnik&#8221; in Wien herum. Ach, Wien, Du Herrliche! Wenn Du nicht eine Lust bist f\u00fcr einen Gassen-Kenner, was dann?<\/strong><\/p>\n<p>Im &#8220;Caf\u00e9 Frey&#8221; \u00fcbertreibt es der Hund fast ein wenig mit dem Schm\u00e4h. Er poussiert mit der Bedienung, die einen jeden neuen Gast aufs Herrischste herum kommandiert. &#8220;Sputnik&#8221;, zeigt sich durch die Barschheit der Person nicht eingesch\u00fcchtert, l\u00e4sst das Wei\u00dfe in den Augen treuherzig leuchten, scharwenzelt wedelnd um die rustikale Fremde mit der strammen Oberweite herum, reibt sein K\u00f6pfchen an ihrem Schienbein und gibt ihr zu verstehen, sie sei die Einzige, die Allerallereinzige auf der Welt &#8211; und im 4. Wiener Bezirk zumal.<\/p>\n<figure id=\"attachment_818\" aria-describedby=\"caption-attachment-818\" style=\"width: 220px\" class=\"wp-caption aligncenter\"><img loading=\"lazy\" decoding=\"async\" class=\"wp-image-818 size-medium\" src=\"http:\/\/vettensjournal.de\/klassischer-journalismus\/wp-content\/uploads\/2015\/03\/IMG_2024-220x300.jpg\" alt=\"IMG_2024\" width=\"220\" height=\"300\" srcset=\"https:\/\/vettensjournal.de\/klassischer-journalismus\/wp-content\/uploads\/2015\/03\/IMG_2024-220x300.jpg 220w, https:\/\/vettensjournal.de\/klassischer-journalismus\/wp-content\/uploads\/2015\/03\/IMG_2024-600x819.jpg 600w, https:\/\/vettensjournal.de\/klassischer-journalismus\/wp-content\/uploads\/2015\/03\/IMG_2024.jpg 718w\" sizes=\"auto, (max-width: 220px) 100vw, 220px\" \/><figcaption id=\"caption-attachment-818\" class=\"wp-caption-text\">Beim &#8220;Frey&#8221; riecht&#8217;s streng nach Rauch und nach den klugen Gedanken der Schachspieler im Salon. FOTOS: BARBARA VOLKMER<\/figcaption><\/figure>\n<p>&nbsp;<\/p>\n<p>Die Anna hat viel gesehen in ihrem Leben, deswegen ist sie misstrauisch. Gerade wenn es um die Mannsbilder geht. Daheim in der Slowakei waren sie Hallodris, an den diversen Arbeitsstellen in der \u00f6sterreichischen Provinz waren sie Hanswurschtn, und in Wien sind sie wie wohl \u00fcberall auf der Welt:<\/p>\n<p>M\u00e4nner halt! Mit ihnen passt es nicht so recht, ohne sie ist es auch kein Spa\u00df.<\/p>\n<p>Aber auf der Hut sollte man eben sein bei den M\u00e4nnern. Bei allen.<\/p>\n<p>Doch nun schwanzelt so ein Kerl wie der &#8220;Sputnik&#8221; daher &#8211; und das Herz der rauen Anna schmilzt wie der letzte Wienerwald-Schnee im M\u00e4rzen.<\/p>\n<p>Sie hat was ganz Weiches in der Stimme, als sie dem Besitzer des &#8220;Sputnik&#8221; erkl\u00e4rt: &#8220;Deine Briefmarkensammlung mecht&#8217;st ma zoagn? Naa, Ihr werds zwoa Schlimme sein, Du und Dei Sputnik! Soso, de Briefmarken mechtst ma zoagn &#8211; da frag i mi, wo se dann picken, de Markn.&#8221;<\/p>\n<figure id=\"attachment_823\" aria-describedby=\"caption-attachment-823\" style=\"width: 300px\" class=\"wp-caption aligncenter\"><img loading=\"lazy\" decoding=\"async\" class=\"wp-image-823 size-medium\" src=\"http:\/\/vettensjournal.de\/klassischer-journalismus\/wp-content\/uploads\/2015\/03\/IMG_2393-300x229.jpg\" alt=\"IMG_2393\" width=\"300\" height=\"229\" srcset=\"https:\/\/vettensjournal.de\/klassischer-journalismus\/wp-content\/uploads\/2015\/03\/IMG_2393-300x229.jpg 300w, https:\/\/vettensjournal.de\/klassischer-journalismus\/wp-content\/uploads\/2015\/03\/IMG_2393-600x458.jpg 600w, https:\/\/vettensjournal.de\/klassischer-journalismus\/wp-content\/uploads\/2015\/03\/IMG_2393.jpg 980w\" sizes=\"auto, (max-width: 300px) 100vw, 300px\" \/><figcaption id=\"caption-attachment-823\" class=\"wp-caption-text\">L\u00e4ssige Stadt, dieses Wien!<\/figcaption><\/figure>\n<p>&nbsp;<\/p>\n<p>Der Piefke-Gast err\u00f6tet leicht, denn er hat verstanden. Briefmarken werden in der Wiener &#8220;Shade-of-Grey&#8221;-Variante erst interessant, wenn sie an charmanten Stellen &#8220;picken&#8221; (das Verb steht f\u00fcrs hochdeutsche &#8220;Kleben&#8221;).<\/p>\n<p>Also, die Anna redet \u00fcber ihre spezielle Liebe zur Philatelie &#8211; und der &#8220;Sputnik&#8221; muss &#8211; wenn nicht alles t\u00e4uscht &#8211; kolossal \u00fcber seinen schamrosa Zweibeiner-Kumpel kichern.<\/p>\n<p>Er hat ohnehin eine heitere Zeit in Wien, der &#8220;Sputnik&#8221;. Die Hundebesitzer der Stadt und ihre Tiere sind von einer gro\u00dfen Gelassenheit. Wanderungen zur Jubil\u00e4umswarte oberhalb von Schloss Wilhelminenberg f\u00fchren regelm\u00e4\u00dfig zu interessanten neuen Bekanntschaften.<\/p>\n<p>Was f\u00fcr eine sch\u00f6ne Zeit:<\/p>\n<p>&nbsp;<\/p>\n<p style=\"text-align: center\"><em>Einmal haben es eine Mops-Dame und ich beinahe geschafft, uns in die B\u00fcsche zu verdr\u00fccken. Im letzten Moment hat der W\u00fcrstechengeber ein Verbot gebr\u00fcllt.<\/em><\/p>\n<p style=\"text-align: center\"><em>Ich \u00fcberlege: Gaudi mit der M\u00f6psin, lohnt das den \u00c4rger mit dem Alpha-Typen? Ich entscheide mich f\u00fcrs Einlenken und bleibe aus den B\u00fcschen herau\u00dfen.<\/em><\/p>\n<p style=\"text-align: center\"><em>Daf\u00fcr &#8211; hihi &#8211; bin ich ein bisschen sp\u00e4ter mit dem Matsch auf der Neuwiese verschmolzen. Herrlich! Ich habe mich in den Morast geschmissen, l\u00e4ngslang und r\u00fccklings bin ich durch den Dreck gerodelt. <\/em><\/p>\n<p style=\"text-align: center\"><em>Eine Stunde sp\u00e4ter waren wir wieder im Hotel zur\u00fcck. Der Mann mit der sch\u00f6nen Uniform hat die Nase ger\u00fcmpft, und ein Teil von der Neuwiese hat sich auf dem sch\u00f6nen Teppich im Zimmer verteilt.<\/em><\/p>\n<p style=\"text-align: center\"><em>Dann bin ich geduscht worden, das war nicht fein. Das w\u00fcrde ich dem Alpha noch heimzahlen.<\/em><\/p>\n<p>&nbsp;<\/p>\n<p>Jetzt ist der Augenblick gekommen:<\/p>\n<p>Die Anna w\u00fcrde wahrscheinlich gern noch ausf\u00fchren, wie sich das mit dem &#8220;Picken&#8221; der Briefmarken und dem Bewundern der Sammlung im Einzelnen verh\u00e4lt.<\/p>\n<p>Da beendet der grinsende &#8220;Sputnik&#8221; die Siesta im &#8220;Frey&#8221;. Er kommt auf die Haxn, streckt sich, dr\u00fcckt der R\u00fccken durch, sperrt das Maul weit auf, macht es wieder zu, dann kl\u00e4fft er. Bestimmt und unmissverst\u00e4ndlich:<\/p>\n<p>&#8220;Los, Alter, raus an die Luft. Wien gucken. Rum laufen. Laternenmasten suchen. Revier markieren. Wir sind hier nicht zum Spa\u00df!&#8221;<\/p>\n<p>Unter Seufzen wird der Hund angeleint. Wien wartet. Die Briefmarken nicht.<\/p>\n<figure id=\"attachment_821\" aria-describedby=\"caption-attachment-821\" style=\"width: 300px\" class=\"wp-caption aligncenter\"><a href=\"http:\/\/vettensjournal.de\/klassischer-journalismus\/wp-content\/uploads\/2015\/03\/IMG_2379.jpg\"><img loading=\"lazy\" decoding=\"async\" class=\"wp-image-821 size-medium\" src=\"http:\/\/vettensjournal.de\/klassischer-journalismus\/wp-content\/uploads\/2015\/03\/IMG_2379-300x223.jpg\" alt=\"IMG_2379\" width=\"300\" height=\"223\" srcset=\"https:\/\/vettensjournal.de\/klassischer-journalismus\/wp-content\/uploads\/2015\/03\/IMG_2379-300x223.jpg 300w, https:\/\/vettensjournal.de\/klassischer-journalismus\/wp-content\/uploads\/2015\/03\/IMG_2379-600x447.jpg 600w, https:\/\/vettensjournal.de\/klassischer-journalismus\/wp-content\/uploads\/2015\/03\/IMG_2379.jpg 980w\" sizes=\"auto, (max-width: 300px) 100vw, 300px\" \/><\/a><figcaption id=\"caption-attachment-821\" class=\"wp-caption-text\">Himmlischer Ort f\u00fcr heitere Hunde.<\/figcaption><\/figure>\n<p>&nbsp;<\/p>\n","protected":false},"excerpt":{"rendered":"<p>wien, 9. m\u00e4rz 2015 &#8220;sputniks welt&#8221; ist weit, zur Zeit. Heute beim Schn\u00e4ppchenkauf im Berliner S\u00fcden, dann am Roten Teppich der &#8220;Berlinale&#8221; oder zur Starkbier-Verkostung nach M\u00fcnchen. Und nun, Leute, nun treibt sich &#8220;Sputnik&#8221; in Wien herum. Ach, Wien, Du Herrliche! Wenn Du nicht eine Lust bist f\u00fcr einen Gassen-Kenner, was dann? Im &#8220;Caf\u00e9 Frey&#8221; [&hellip;]<\/p>\n","protected":false},"author":3,"featured_media":830,"comment_status":"closed","ping_status":"closed","sticky":false,"template":"","format":"standard","meta":{"footnotes":""},"categories":[1],"tags":[304,303,302,143,253,305],"class_list":["post-824","post","type-post","status-publish","format-standard","has-post-thumbnail","hentry","category-uncategorized","tag-anbandeln","tag-erotik","tag-kaffeehaus","tag-sputniks-welt","tag-wien","tag-wilhelminenberg","has-post-title","has-post-date","has-post-category","has-post-tag","has-post-comment","has-post-author",""],"_links":{"self":[{"href":"https:\/\/vettensjournal.de\/klassischer-journalismus\/wp-json\/wp\/v2\/posts\/824","targetHints":{"allow":["GET"]}}],"collection":[{"href":"https:\/\/vettensjournal.de\/klassischer-journalismus\/wp-json\/wp\/v2\/posts"}],"about":[{"href":"https:\/\/vettensjournal.de\/klassischer-journalismus\/wp-json\/wp\/v2\/types\/post"}],"author":[{"embeddable":true,"href":"https:\/\/vettensjournal.de\/klassischer-journalismus\/wp-json\/wp\/v2\/users\/3"}],"replies":[{"embeddable":true,"href":"https:\/\/vettensjournal.de\/klassischer-journalismus\/wp-json\/wp\/v2\/comments?post=824"}],"version-history":[{"count":1,"href":"https:\/\/vettensjournal.de\/klassischer-journalismus\/wp-json\/wp\/v2\/posts\/824\/revisions"}],"predecessor-version":[{"id":831,"href":"https:\/\/vettensjournal.de\/klassischer-journalismus\/wp-json\/wp\/v2\/posts\/824\/revisions\/831"}],"wp:featuredmedia":[{"embeddable":true,"href":"https:\/\/vettensjournal.de\/klassischer-journalismus\/wp-json\/wp\/v2\/media\/830"}],"wp:attachment":[{"href":"https:\/\/vettensjournal.de\/klassischer-journalismus\/wp-json\/wp\/v2\/media?parent=824"}],"wp:term":[{"taxonomy":"category","embeddable":true,"href":"https:\/\/vettensjournal.de\/klassischer-journalismus\/wp-json\/wp\/v2\/categories?post=824"},{"taxonomy":"post_tag","embeddable":true,"href":"https:\/\/vettensjournal.de\/klassischer-journalismus\/wp-json\/wp\/v2\/tags?post=824"}],"curies":[{"name":"wp","href":"https:\/\/api.w.org\/{rel}","templated":true}]}}