{"id":790,"date":"2015-03-07T22:46:11","date_gmt":"2015-03-07T22:46:11","guid":{"rendered":"http:\/\/vettensjournal.de\/klassischer-journalismus\/?p=790"},"modified":"2015-03-07T22:47:16","modified_gmt":"2015-03-07T22:47:16","slug":"fruhlings-erwachen","status":"publish","type":"post","link":"https:\/\/vettensjournal.de\/klassischer-journalismus\/fruhlings-erwachen\/","title":{"rendered":"AUF EIN NEUES"},"content":{"rendered":"<p><em><strong>m\u00fcnchen, 7. m\u00e4rz 2015<\/strong><\/em><\/p>\n<p><strong>An der M\u00fcnchner Freiheit hockt Ironman Helmut Fischer, wie er leibte und lebte. Wieder hat er einen lausigen Winter \u00fcberdauert, vorgestern hat es noch einmal saumassig geschneit (da sind die S-Bahnen wieder aus den Schienen gehupft), aber heute, an diesem Samstagnachmittag wimmelt und wurlt es an der Freiheit, die Menschen haben eine gro\u00dfe Freude, und der Fischer Helmut grient noch schelmischer als sonst schon. Es wird Fr\u00fchling. M\u00fcnchen bl\u00fcht auf.<\/strong><\/p>\n<p>Den Winter hat der Fischer Helmut &#8211; den viele nur als den &#8220;Monaco Franze&#8221; kennen &#8211; nicht ausstehen k\u00f6nnen. Da haben ihn die Bandscheiben \u00fcbel gezwickt. Und er ist arg staksig daher gekommen, wegen der K\u00e4lte, der saubl\u00f6den.<\/p>\n<figure id=\"attachment_807\" aria-describedby=\"caption-attachment-807\" style=\"width: 300px\" class=\"wp-caption aligncenter\"><img loading=\"lazy\" decoding=\"async\" class=\"wp-image-807 size-medium\" src=\"http:\/\/vettensjournal.de\/klassischer-journalismus\/wp-content\/uploads\/2015\/03\/IMG_2577-21-300x193.jpg\" alt=\"IMG_2577 2\" width=\"300\" height=\"193\" srcset=\"https:\/\/vettensjournal.de\/klassischer-journalismus\/wp-content\/uploads\/2015\/03\/IMG_2577-21-300x193.jpg 300w, https:\/\/vettensjournal.de\/klassischer-journalismus\/wp-content\/uploads\/2015\/03\/IMG_2577-21-600x387.jpg 600w, https:\/\/vettensjournal.de\/klassischer-journalismus\/wp-content\/uploads\/2015\/03\/IMG_2577-21.jpg 980w\" sizes=\"auto, (max-width: 300px) 100vw, 300px\" \/><figcaption id=\"caption-attachment-807\" class=\"wp-caption-text\">Zag zeigen sich die ersten Tulpen. Es wird Zeit. Echt, h\u00f6chste Zeit wird&#8217;s. FOTOS: BARBARA VOLKMER<\/figcaption><\/figure>\n<p>&nbsp;<\/p>\n<p>Mei, hat sich dann der Fischer Helmut gefreut, wenn es Fr\u00fchling geworden ist. Dann ist er in\u00a0die leichte Lederjacke geschl\u00fcpft und hat sich treiben lassen durch das flirrende Schwabing.<\/p>\n<figure id=\"attachment_802\" aria-describedby=\"caption-attachment-802\" style=\"width: 198px\" class=\"wp-caption aligncenter\"><img loading=\"lazy\" decoding=\"async\" class=\"wp-image-802 size-medium\" src=\"http:\/\/vettensjournal.de\/klassischer-journalismus\/wp-content\/uploads\/2015\/03\/IMG_2532-198x300.jpg\" alt=\"IMG_2532\" width=\"198\" height=\"300\" srcset=\"https:\/\/vettensjournal.de\/klassischer-journalismus\/wp-content\/uploads\/2015\/03\/IMG_2532-198x300.jpg 198w, https:\/\/vettensjournal.de\/klassischer-journalismus\/wp-content\/uploads\/2015\/03\/IMG_2532-600x909.jpg 600w, https:\/\/vettensjournal.de\/klassischer-journalismus\/wp-content\/uploads\/2015\/03\/IMG_2532.jpg 647w\" sizes=\"auto, (max-width: 198px) 100vw, 198px\" \/><figcaption id=\"caption-attachment-802\" class=\"wp-caption-text\">An der Freiheit sitzt ein unverw\u00fcstlicher Monaco Franze und denkt sich sein Teil. Das hat er schon im Fernsehen mit gro\u00dfem Erfolg getan. Gefilmt hat ihn damals dabei der Helmut Dietl.<\/figcaption><\/figure>\n<p>&nbsp;<\/p>\n<p>Die Tulpen haben wegen der frivolen Stimmung einen roten Kopf bekommen, die Madl sind mit gurrendem Lachen und blitzenden Augen durch Schwabing flaniert, \u00a0die Luft hat nach Eau de Parfum und sch\u00f6nen Momenten gerochen.<\/p>\n<figure id=\"attachment_809\" aria-describedby=\"caption-attachment-809\" style=\"width: 300px\" class=\"wp-caption aligncenter\"><img loading=\"lazy\" decoding=\"async\" class=\"wp-image-809 size-medium\" src=\"http:\/\/vettensjournal.de\/klassischer-journalismus\/wp-content\/uploads\/2015\/03\/IMG_25601-300x197.jpg\" alt=\"IMG_2560\" width=\"300\" height=\"197\" srcset=\"https:\/\/vettensjournal.de\/klassischer-journalismus\/wp-content\/uploads\/2015\/03\/IMG_25601-300x197.jpg 300w, https:\/\/vettensjournal.de\/klassischer-journalismus\/wp-content\/uploads\/2015\/03\/IMG_25601-600x393.jpg 600w, https:\/\/vettensjournal.de\/klassischer-journalismus\/wp-content\/uploads\/2015\/03\/IMG_25601.jpg 980w\" sizes=\"auto, (max-width: 300px) 100vw, 300px\" \/><figcaption id=\"caption-attachment-809\" class=\"wp-caption-text\">Der Helmut und der Helmut kamen zu dem Schluss: Wenn man es recht besieht, geht es im wirklichen Leben doch nur um eines: Ums Suchen und Haben und Halten.<\/figcaption><\/figure>\n<p>&nbsp;<\/p>\n<p>Dann hat er sich vor ein Stra\u00dfencaf\u00e9 gesetzt, der Fischer Helmut alias Monaco Franze alias ewiger Stenz, dieser herrliche Hallodri und Vorstadtcasanova Nummer Eins. Die Bedienung &#8211; immer war es eine Nette, weil jede Frau hat was Nettes und Sch\u00f6nes, man muss es nur sehen wollen &#8211; brachte einen doppelten Espresso. Der Schauspieler trank bed\u00e4chtig, in kleinen Schlucken, musste vielen Bekannten und Freunden Gr\u00fc\u00df Gott winken, und manchmal kniff er die Augen schelmisch zu, wenn eine Nette besonders nett war.<\/p>\n<figure id=\"attachment_806\" aria-describedby=\"caption-attachment-806\" style=\"width: 196px\" class=\"wp-caption aligncenter\"><img loading=\"lazy\" decoding=\"async\" class=\"wp-image-806 size-medium\" src=\"http:\/\/vettensjournal.de\/klassischer-journalismus\/wp-content\/uploads\/2015\/03\/IMG_2533-196x300.jpg\" alt=\"IMG_2533\" width=\"196\" height=\"300\" srcset=\"https:\/\/vettensjournal.de\/klassischer-journalismus\/wp-content\/uploads\/2015\/03\/IMG_2533-196x300.jpg 196w, https:\/\/vettensjournal.de\/klassischer-journalismus\/wp-content\/uploads\/2015\/03\/IMG_2533-600x920.jpg 600w, https:\/\/vettensjournal.de\/klassischer-journalismus\/wp-content\/uploads\/2015\/03\/IMG_2533.jpg 639w\" sizes=\"auto, (max-width: 196px) 100vw, 196px\" \/><figcaption id=\"caption-attachment-806\" class=\"wp-caption-text\">Fischer wollte seinen Platz an der Freiheit um nichts in der Welt tauschen. Wie sagte der Monaco Franze so treffend: &#8220;Die Oper, die gschissene, das ginge ja noch. Viel schlimmer, dass wir hier in M\u00fcnchen ein Publikum haben, das hint&#8217; und vorn nix versteht.&#8221;<\/figcaption><\/figure>\n<p>&nbsp;<\/p>\n<p>Sie hat zur\u00fcck gel\u00e4chelt &#8211; er hat sich zur\u00fcck gelehnt und die Augen g\u00e4nzlich geschlossen. Um ihn herum wurlte und wimmelte es. Seine Gedanken flanierten, ganz tief inhalierte er den Fr\u00fchling. Da brauchte es dann nicht mehr viele W\u00f6rter. Es war einfach nur sch\u00f6n an so einem M\u00fcnchner Nachmittag.<\/p>\n<figure id=\"attachment_800\" aria-describedby=\"caption-attachment-800\" style=\"width: 300px\" class=\"wp-caption aligncenter\"><img loading=\"lazy\" decoding=\"async\" class=\"wp-image-800 size-medium\" src=\"http:\/\/vettensjournal.de\/klassischer-journalismus\/wp-content\/uploads\/2015\/03\/IMG_2545-300x199.jpg\" alt=\"IMG_2545\" width=\"300\" height=\"199\" srcset=\"https:\/\/vettensjournal.de\/klassischer-journalismus\/wp-content\/uploads\/2015\/03\/IMG_2545-300x199.jpg 300w, https:\/\/vettensjournal.de\/klassischer-journalismus\/wp-content\/uploads\/2015\/03\/IMG_2545-600x399.jpg 600w, https:\/\/vettensjournal.de\/klassischer-journalismus\/wp-content\/uploads\/2015\/03\/IMG_2545.jpg 980w\" sizes=\"auto, (max-width: 300px) 100vw, 300px\" \/><figcaption id=\"caption-attachment-800\" class=\"wp-caption-text\">An der Freiheit aber hat das gschissene Opern-Publikum nichts verloren. Da sitzen die Herrschaften und halten eifrig Ausschau.<\/figcaption><\/figure>\n<p>&nbsp;<\/p>\n<p>Zum Eisenrieder Karl, dem das Caf\u00e9 Freiheit geh\u00f6rte, sagte er, sein schwelgendes Schweigen unterbrechend: &#8220;Eisenrieder, wo gibt es einen sch\u00f6neren Platz, wie wenn ich hier sitze und diese jungen M\u00e4dchen vorbei gehen sehe und die Sonne scheint?&#8221;<\/p>\n<figure id=\"attachment_801\" aria-describedby=\"caption-attachment-801\" style=\"width: 225px\" class=\"wp-caption aligncenter\"><img loading=\"lazy\" decoding=\"async\" class=\"wp-image-801 size-medium\" src=\"http:\/\/vettensjournal.de\/klassischer-journalismus\/wp-content\/uploads\/2015\/03\/IMG_2537-225x300.jpg\" alt=\"IMG_2537\" width=\"225\" height=\"300\" srcset=\"https:\/\/vettensjournal.de\/klassischer-journalismus\/wp-content\/uploads\/2015\/03\/IMG_2537-225x300.jpg 225w, https:\/\/vettensjournal.de\/klassischer-journalismus\/wp-content\/uploads\/2015\/03\/IMG_2537-600x800.jpg 600w, https:\/\/vettensjournal.de\/klassischer-journalismus\/wp-content\/uploads\/2015\/03\/IMG_2537.jpg 735w\" sizes=\"auto, (max-width: 225px) 100vw, 225px\" \/><figcaption id=\"caption-attachment-801\" class=\"wp-caption-text\">Weil &#8220;a bisserl was geht immer!&#8221;<\/figcaption><\/figure>\n<p>&nbsp;<\/p>\n<p>Heute hockt der Franze, der bronzene Eisenmann, an der Freiheit und l\u00e4chelt allweil noch.<\/p>\n<figure id=\"attachment_799\" aria-describedby=\"caption-attachment-799\" style=\"width: 300px\" class=\"wp-caption aligncenter\"><img loading=\"lazy\" decoding=\"async\" class=\"wp-image-799 size-medium\" src=\"http:\/\/vettensjournal.de\/klassischer-journalismus\/wp-content\/uploads\/2015\/03\/IMG_2552-300x225.jpg\" alt=\"IMG_2552\" width=\"300\" height=\"225\" srcset=\"https:\/\/vettensjournal.de\/klassischer-journalismus\/wp-content\/uploads\/2015\/03\/IMG_2552-300x225.jpg 300w, https:\/\/vettensjournal.de\/klassischer-journalismus\/wp-content\/uploads\/2015\/03\/IMG_2552-600x450.jpg 600w, https:\/\/vettensjournal.de\/klassischer-journalismus\/wp-content\/uploads\/2015\/03\/IMG_2552.jpg 980w\" sizes=\"auto, (max-width: 300px) 100vw, 300px\" \/><figcaption id=\"caption-attachment-799\" class=\"wp-caption-text\">Und: &#8220;Ich folge einer ganz spontanen Eingebung.&#8221; So halten es die Schachspieler&#8230;<\/figcaption><\/figure>\n<p>&nbsp;<\/p>\n<p>&nbsp;<\/p>\n<p>Fr\u00fchling.\u00a0Der n\u00e4chste Fr\u00fchling.<\/p>\n<figure id=\"attachment_795\" aria-describedby=\"caption-attachment-795\" style=\"width: 300px\" class=\"wp-caption aligncenter\"><img loading=\"lazy\" decoding=\"async\" class=\"wp-image-795 size-medium\" src=\"http:\/\/vettensjournal.de\/klassischer-journalismus\/wp-content\/uploads\/2015\/03\/IMG_2542-300x205.jpg\" alt=\"IMG_2542\" width=\"300\" height=\"205\" srcset=\"https:\/\/vettensjournal.de\/klassischer-journalismus\/wp-content\/uploads\/2015\/03\/IMG_2542-300x205.jpg 300w, https:\/\/vettensjournal.de\/klassischer-journalismus\/wp-content\/uploads\/2015\/03\/IMG_2542-600x411.jpg 600w, https:\/\/vettensjournal.de\/klassischer-journalismus\/wp-content\/uploads\/2015\/03\/IMG_2542.jpg 980w\" sizes=\"auto, (max-width: 300px) 100vw, 300px\" \/><figcaption id=\"caption-attachment-795\" class=\"wp-caption-text\">&#8230;und so h\u00e4lt es Helmut, der ewige Stenz. &#8220;Mich interessieren Menschen&#8221;, sagt er. &#8220;Das k\u00f6nnen auch Frauen sein.&#8221; Pause. Dann: &#8220;Vor allem interessieren mich Frauen.&#8221;<\/figcaption><\/figure>\n<p>&nbsp;<\/p>\n<p>Endlich.\u00a0Manche Dinge \u00e4ndern sich nicht.<\/p>\n<figure id=\"attachment_798\" aria-describedby=\"caption-attachment-798\" style=\"width: 300px\" class=\"wp-caption aligncenter\"><img loading=\"lazy\" decoding=\"async\" class=\"wp-image-798 size-medium\" src=\"http:\/\/vettensjournal.de\/klassischer-journalismus\/wp-content\/uploads\/2015\/03\/IMG_2562-300x201.jpg\" alt=\"IMG_2562\" width=\"300\" height=\"201\" srcset=\"https:\/\/vettensjournal.de\/klassischer-journalismus\/wp-content\/uploads\/2015\/03\/IMG_2562-300x201.jpg 300w, https:\/\/vettensjournal.de\/klassischer-journalismus\/wp-content\/uploads\/2015\/03\/IMG_2562-600x402.jpg 600w, https:\/\/vettensjournal.de\/klassischer-journalismus\/wp-content\/uploads\/2015\/03\/IMG_2562.jpg 980w\" sizes=\"auto, (max-width: 300px) 100vw, 300px\" \/><figcaption id=\"caption-attachment-798\" class=\"wp-caption-text\">&#8220;Simsalabim, jetzt gibt&#8217;s alles. Hereinspaziert! Uns geht&#8217;s so gut wie nie. Wenn i a Pfund Lachs wui, kann i mia oans kaufen. Oder anderthalb.&#8221;<\/figcaption><\/figure>\n<p>&nbsp;<\/p>\n","protected":false},"excerpt":{"rendered":"<p>m\u00fcnchen, 7. m\u00e4rz 2015 An der M\u00fcnchner Freiheit hockt Ironman Helmut Fischer, wie er leibte und lebte. Wieder hat er einen lausigen Winter \u00fcberdauert, vorgestern hat es noch einmal saumassig geschneit (da sind die S-Bahnen wieder aus den Schienen gehupft), aber heute, an diesem Samstagnachmittag wimmelt und wurlt es an der Freiheit, die Menschen haben [&hellip;]<\/p>\n","protected":false},"author":3,"featured_media":803,"comment_status":"closed","ping_status":"closed","sticky":false,"template":"","format":"standard","meta":{"footnotes":""},"categories":[1],"tags":[],"class_list":["post-790","post","type-post","status-publish","format-standard","has-post-thumbnail","hentry","category-uncategorized","has-post-title","has-post-date","has-post-category","has-post-tag","has-post-comment","has-post-author",""],"_links":{"self":[{"href":"https:\/\/vettensjournal.de\/klassischer-journalismus\/wp-json\/wp\/v2\/posts\/790","targetHints":{"allow":["GET"]}}],"collection":[{"href":"https:\/\/vettensjournal.de\/klassischer-journalismus\/wp-json\/wp\/v2\/posts"}],"about":[{"href":"https:\/\/vettensjournal.de\/klassischer-journalismus\/wp-json\/wp\/v2\/types\/post"}],"author":[{"embeddable":true,"href":"https:\/\/vettensjournal.de\/klassischer-journalismus\/wp-json\/wp\/v2\/users\/3"}],"replies":[{"embeddable":true,"href":"https:\/\/vettensjournal.de\/klassischer-journalismus\/wp-json\/wp\/v2\/comments?post=790"}],"version-history":[{"count":1,"href":"https:\/\/vettensjournal.de\/klassischer-journalismus\/wp-json\/wp\/v2\/posts\/790\/revisions"}],"predecessor-version":[{"id":815,"href":"https:\/\/vettensjournal.de\/klassischer-journalismus\/wp-json\/wp\/v2\/posts\/790\/revisions\/815"}],"wp:featuredmedia":[{"embeddable":true,"href":"https:\/\/vettensjournal.de\/klassischer-journalismus\/wp-json\/wp\/v2\/media\/803"}],"wp:attachment":[{"href":"https:\/\/vettensjournal.de\/klassischer-journalismus\/wp-json\/wp\/v2\/media?parent=790"}],"wp:term":[{"taxonomy":"category","embeddable":true,"href":"https:\/\/vettensjournal.de\/klassischer-journalismus\/wp-json\/wp\/v2\/categories?post=790"},{"taxonomy":"post_tag","embeddable":true,"href":"https:\/\/vettensjournal.de\/klassischer-journalismus\/wp-json\/wp\/v2\/tags?post=790"}],"curies":[{"name":"wp","href":"https:\/\/api.w.org\/{rel}","templated":true}]}}