{"id":777,"date":"2015-03-06T21:24:42","date_gmt":"2015-03-06T21:24:42","guid":{"rendered":"http:\/\/vettensjournal.de\/klassischer-journalismus\/?p=777"},"modified":"2015-03-06T21:42:19","modified_gmt":"2015-03-06T21:42:19","slug":"blender-und-bettler","status":"publish","type":"post","link":"https:\/\/vettensjournal.de\/klassischer-journalismus\/blender-und-bettler\/","title":{"rendered":"BAZIS UND BLENDER"},"content":{"rendered":"<p><em><strong>m\u00fcnchen, 6. m\u00e4rz 2015<\/strong><\/em><\/p>\n<p><strong>Vor 150 Jahren hatte der Westfale Kaspar von Zumbusch, ein waschechter &#8220;Zuagroaster&#8221;, Anlass zum Feiern. Er hatte einen Bildhauer-Wettbewerb gewonnen &#8211; und in den folgenden zehn Jahren wurde nach seinem Entwurf das Maxmonument in Bronze gegossen. Seither wacht ein verblichener Volksmonarch majest\u00e4tisch \u00fcber die prachtvollste Pracht der Isarmetropole. Er dr\u00fcckt dabei auch mal ein Auge zu, beispielsweise an diesem 6. M\u00e4rz, 150 Jahre nach der Zumbusch-Feier.<\/strong><\/p>\n<p>F\u00fcnf Tonnen wiegt Maximilian II. F\u00fcnf Meter hoch ist er von der Sohle bis zum welligen Scheitel. In f\u00fcnf Metern H\u00f6he steht er auf Mei\u00dfener Granit. Und beobachtet unger\u00fchrt &#8211; bei Regen und bei Sonne, bei Schneetreiben und wenn es wei\u00dfblau himmelt &#8211; das Treiben auf dem Kurz-Boulevard, der nach ihm benannt ist.<\/p>\n<p>Maximilianstra\u00dfe! Oh, Du Wahnsinns-Strasserl! Selbst die &#8220;S\u00fcddeutsche&#8221; staunt:<\/p>\n<p><span class=\"Apple-style-span\">&#8220;Der durchschnittliche Preis f\u00fcr ungest\u00f6rte Gesch\u00e4fte: Knapp\u00a0<span class=\"nowrap\">300<\/span>\u00a0Euro pro Quadratmeter. Weil der Nachfrage\u00fcberhang aber au\u00dferordentlich hoch ist, werden f\u00fcr einen\u00a0<span class=\"nowrap\">40<\/span>\u00a0Quadratmeter-Schlauch schon mal monatliche\u00a0<span class=\"nowrap\">20.000<\/span>\u00a0Euro\u00a0geboten.&#8221;<\/span><\/p>\n<p>Nicht genug damit:<\/p>\n<p><span class=\"Apple-style-span\">&#8220;Ob sich ihr Laden rechnet, sei f\u00fcr Marken vom Kaliber Etro oder Jil Sander zweitrangig. &#8220;Ein Shop in der Maximilianstra\u00dfe\u00a0geh\u00f6rt zum Marketing. Wer oben mitschwimmt, will unbedingt vertreten sein.&#8221; Das wollen immer mehr. Viele Hausbesitzer z\u00f6gern nicht lange. Und diejenigen mit hehren Prinzipien wie Treue zu langj\u00e4hrigen Mietern werden, das wei\u00df die Maklerin Brigitte Landwehr, ,am Ende meistens \u00fcber den Preis gek\u00f6dert&#8217;. Die ma\u00dfgeschneiderten Maximilianh\u00f6fe am Marstall h\u00e4tten die Monokultur stark\u00a0befeuert.&#8221;<\/span><\/p>\n<figure id=\"attachment_779\" aria-describedby=\"caption-attachment-779\" style=\"width: 300px\" class=\"wp-caption aligncenter\"><img loading=\"lazy\" decoding=\"async\" class=\"wp-image-779 size-medium\" src=\"http:\/\/vettensjournal.de\/klassischer-journalismus\/wp-content\/uploads\/2015\/03\/P1010269-300x231.jpg\" alt=\"P1010269\" width=\"300\" height=\"231\" srcset=\"https:\/\/vettensjournal.de\/klassischer-journalismus\/wp-content\/uploads\/2015\/03\/P1010269-300x231.jpg 300w, https:\/\/vettensjournal.de\/klassischer-journalismus\/wp-content\/uploads\/2015\/03\/P1010269-600x462.jpg 600w, https:\/\/vettensjournal.de\/klassischer-journalismus\/wp-content\/uploads\/2015\/03\/P1010269.jpg 980w\" sizes=\"auto, (max-width: 300px) 100vw, 300px\" \/><figcaption id=\"caption-attachment-779\" class=\"wp-caption-text\">Schmuck, diese Stra\u00dfe!<\/figcaption><\/figure>\n<p>&nbsp;<\/p>\n<p>Also, der Max Zwo r\u00fchrt sich nicht, aber sehen tut er alles &#8211; wetten, dass?<\/p>\n<p>Er sieht, wie sich die Fassaden der 300-Euro-Quadratmeter-Bauten in den Porsche-Hauben spiegeln.<\/p>\n<p>Er sieht\u00a0Dame in dem k\u00f6niglichen Nerz,\u00a0die sinnend vor einer Auslage steht und sich nicht im Klaren ist, ob die Handtasche f\u00fcr drei schlappe Tausender noch in ihrer Kollektion fehlt. Streng l\u00e4chelt sie, sch\u00fcttelt leicht den Kopf, sch\u00fcrzt die Lippen und wendet sich auf dem Absatz. Weiter, weiter, sie wird doch wohl was finden, irgendwas.<\/p>\n<p>Sie passiert einen Herrn in Designer-Jeans, der schnaufend einen Laptop aus dem klitzekleinen Stauraum seines Mercedes zerrt. Das Cabrio ist bei den Landeiern in Alt\u00f6tting angemeldet, der Herr hat eine frisch gegelte Frisur &#8211; nur bl\u00f6d, dass hinten das Hemd aus der teuren Hose gerutscht ist und ein F\u00fcnfzentimeter-Streifen des Landei-Hinterns frei liegt. Das macht sich nicht fein in der Maximilianstra\u00dfe.<\/p>\n<p>Aber die Dame im Nerz schaut vornehm weg. Lieber widmet sie sich der n\u00e4chsten Auslage und der n\u00e4chsten und noch einer&#8230;<\/p>\n<figure id=\"attachment_780\" aria-describedby=\"caption-attachment-780\" style=\"width: 300px\" class=\"wp-caption aligncenter\"><img loading=\"lazy\" decoding=\"async\" class=\"wp-image-780 size-medium\" src=\"http:\/\/vettensjournal.de\/klassischer-journalismus\/wp-content\/uploads\/2015\/03\/P1010283-300x192.jpg\" alt=\"P1010283\" width=\"300\" height=\"192\" srcset=\"https:\/\/vettensjournal.de\/klassischer-journalismus\/wp-content\/uploads\/2015\/03\/P1010283-300x192.jpg 300w, https:\/\/vettensjournal.de\/klassischer-journalismus\/wp-content\/uploads\/2015\/03\/P1010283-600x383.jpg 600w, https:\/\/vettensjournal.de\/klassischer-journalismus\/wp-content\/uploads\/2015\/03\/P1010283.jpg 980w\" sizes=\"auto, (max-width: 300px) 100vw, 300px\" \/><figcaption id=\"caption-attachment-780\" class=\"wp-caption-text\">Guck, sch\u00f6ne Aussichten!<\/figcaption><\/figure>\n<p>&nbsp;<\/p>\n<p>Uhren und Schmuck. Schuhe und Stiefelchen. Etuikleider und Country Sakkos. Sch\u00f6ne K\u00fcnste und sch\u00f6ne Menschen.<\/p>\n<p>Ach, \u00fcberhaupt: so viele sch\u00f6ne Menschen. Zum Beispiel diese feurigen Heldinnen und Helden des Theaters. Angekommen in den Schauk\u00e4sten der Maximilianstra\u00dfe. Mehr geht nimmer.<\/p>\n<p>Unter einer Reklame des staatlichen Kulturbetriebs kauert, die F\u00fc\u00dfe angezogen, ein Mensch, der die Passanten mit zagem Blick verfolgt. Einer der Bettler auf der Prachtstra\u00dfe. Sein Kaffee im Pappbecher ist kalt geworden, die Frauen \u00a0und M\u00e4nner im textilen Schick eilen vorbei. Es ist Mittagszeit, die Leut&#8217; haben Hunger, mittags geben die Leut&#8217; nicht viel.<\/p>\n<p>Der Bettler sieht sich um.<\/p>\n<p>Nicht viel Betrieb.<\/p>\n<p>Langsam streckt der Mann die Beine aus. Er hat lange gerade Haxen. Schiebt sich an der Mauer des 300-Euro-Quadratmeter-Geb\u00e4udes hoch. Trottet unauff\u00e4llig los. Biegt in eine Gasse hinterm Theater. Stellt sich in einen dusteren Eingang.<\/p>\n<figure id=\"attachment_781\" aria-describedby=\"caption-attachment-781\" style=\"width: 231px\" class=\"wp-caption aligncenter\"><img loading=\"lazy\" decoding=\"async\" class=\"wp-image-781 size-medium\" src=\"http:\/\/vettensjournal.de\/klassischer-journalismus\/wp-content\/uploads\/2015\/03\/P1010285-231x300.jpg\" alt=\"P1010285\" width=\"231\" height=\"300\" srcset=\"https:\/\/vettensjournal.de\/klassischer-journalismus\/wp-content\/uploads\/2015\/03\/P1010285-231x300.jpg 231w, https:\/\/vettensjournal.de\/klassischer-journalismus\/wp-content\/uploads\/2015\/03\/P1010285-600x781.jpg 600w, https:\/\/vettensjournal.de\/klassischer-journalismus\/wp-content\/uploads\/2015\/03\/P1010285.jpg 753w\" sizes=\"auto, (max-width: 231px) 100vw, 231px\" \/><figcaption id=\"caption-attachment-781\" class=\"wp-caption-text\">Fuck, beggar&#8217;s opera!<\/figcaption><\/figure>\n<p>&nbsp;<\/p>\n<p>Er sieht nach links, schaut nach rechts. Kaum Menschen.<\/p>\n<p>Dann z\u00fcndet sich der Mann eine an. Pausen-Zigarette, das tut gut. Er seufzt zufrieden.<\/p>\n<p>Keiner hat&#8217;s gesehen.<\/p>\n<p>Ausser vielleicht Maximilian II. Der kann wahrscheinlich sogar ums Eck schauen. Aber der h\u00e4lt &#8216;s Maul.<\/p>\n","protected":false},"excerpt":{"rendered":"<p>m\u00fcnchen, 6. m\u00e4rz 2015 Vor 150 Jahren hatte der Westfale Kaspar von Zumbusch, ein waschechter &#8220;Zuagroaster&#8221;, Anlass zum Feiern. Er hatte einen Bildhauer-Wettbewerb gewonnen &#8211; und in den folgenden zehn Jahren wurde nach seinem Entwurf das Maxmonument in Bronze gegossen. Seither wacht ein verblichener Volksmonarch majest\u00e4tisch \u00fcber die prachtvollste Pracht der Isarmetropole. Er dr\u00fcckt dabei [&hellip;]<\/p>\n","protected":false},"author":3,"featured_media":782,"comment_status":"closed","ping_status":"closed","sticky":false,"template":"","format":"standard","meta":{"footnotes":""},"categories":[1],"tags":[],"class_list":["post-777","post","type-post","status-publish","format-standard","has-post-thumbnail","hentry","category-uncategorized","has-post-title","has-post-date","has-post-category","has-post-tag","has-post-comment","has-post-author",""],"_links":{"self":[{"href":"https:\/\/vettensjournal.de\/klassischer-journalismus\/wp-json\/wp\/v2\/posts\/777","targetHints":{"allow":["GET"]}}],"collection":[{"href":"https:\/\/vettensjournal.de\/klassischer-journalismus\/wp-json\/wp\/v2\/posts"}],"about":[{"href":"https:\/\/vettensjournal.de\/klassischer-journalismus\/wp-json\/wp\/v2\/types\/post"}],"author":[{"embeddable":true,"href":"https:\/\/vettensjournal.de\/klassischer-journalismus\/wp-json\/wp\/v2\/users\/3"}],"replies":[{"embeddable":true,"href":"https:\/\/vettensjournal.de\/klassischer-journalismus\/wp-json\/wp\/v2\/comments?post=777"}],"version-history":[{"count":2,"href":"https:\/\/vettensjournal.de\/klassischer-journalismus\/wp-json\/wp\/v2\/posts\/777\/revisions"}],"predecessor-version":[{"id":789,"href":"https:\/\/vettensjournal.de\/klassischer-journalismus\/wp-json\/wp\/v2\/posts\/777\/revisions\/789"}],"wp:featuredmedia":[{"embeddable":true,"href":"https:\/\/vettensjournal.de\/klassischer-journalismus\/wp-json\/wp\/v2\/media\/782"}],"wp:attachment":[{"href":"https:\/\/vettensjournal.de\/klassischer-journalismus\/wp-json\/wp\/v2\/media?parent=777"}],"wp:term":[{"taxonomy":"category","embeddable":true,"href":"https:\/\/vettensjournal.de\/klassischer-journalismus\/wp-json\/wp\/v2\/categories?post=777"},{"taxonomy":"post_tag","embeddable":true,"href":"https:\/\/vettensjournal.de\/klassischer-journalismus\/wp-json\/wp\/v2\/tags?post=777"}],"curies":[{"name":"wp","href":"https:\/\/api.w.org\/{rel}","templated":true}]}}