{"id":745,"date":"2015-03-03T23:09:55","date_gmt":"2015-03-03T23:09:55","guid":{"rendered":"http:\/\/vettensjournal.de\/klassischer-journalismus\/?p=745"},"modified":"2015-03-03T23:09:55","modified_gmt":"2015-03-03T23:09:55","slug":"bucher-trost","status":"publish","type":"post","link":"https:\/\/vettensjournal.de\/klassischer-journalismus\/bucher-trost\/","title":{"rendered":"B\u00dcCHER-TROST"},"content":{"rendered":"<p><em><strong>m\u00fcnchen, 3. m\u00e4rz 2015<\/strong><\/em><\/p>\n<p><strong>In der M\u00fcnchner Staatsbibliothek\u00a0drosseln auch die Eiligsten den Schritt, wenn sie die schweren T\u00fcren oberhalb der Aufgangstreppe passiert haben. Die Hektik der Moderne bleibt drau\u00dfen auf der Ludwigstra\u00dfe. Die Frauen und M\u00e4nner zieht es zu den B\u00fcchern. Oder sie wollen sich durch eine kleine Ausstellung inspirieren lassen, die einem Arzt gewidmet ist,\u00a0f\u00fcr den das Lesen das H\u00f6chste war. In der Staatsbibliothek sind Typen wie der wackere Hartmann Schedel (das ist besagter Arzt) die Lichtgestalten.<\/strong><\/p>\n<p>Eine junge Frau kauert in einer Nische der Halle im ersten Stock, blickt auf ihr Handy und schluchzt leise. Ein Kommilitone quert den Raum, stoppt vor der Weinenden und fragt: &#8220;Was ist mit Dir? Kann ich helfen?&#8221;<\/p>\n<figure id=\"attachment_752\" aria-describedby=\"caption-attachment-752\" style=\"width: 225px\" class=\"wp-caption aligncenter\"><img loading=\"lazy\" decoding=\"async\" class=\"wp-image-752 size-medium\" src=\"http:\/\/vettensjournal.de\/klassischer-journalismus\/wp-content\/uploads\/2015\/03\/IMG_2443-225x300.jpg\" alt=\"IMG_2443\" width=\"225\" height=\"300\" srcset=\"https:\/\/vettensjournal.de\/klassischer-journalismus\/wp-content\/uploads\/2015\/03\/IMG_2443-225x300.jpg 225w, https:\/\/vettensjournal.de\/klassischer-journalismus\/wp-content\/uploads\/2015\/03\/IMG_2443-600x800.jpg 600w, https:\/\/vettensjournal.de\/klassischer-journalismus\/wp-content\/uploads\/2015\/03\/IMG_2443.jpg 735w\" sizes=\"auto, (max-width: 225px) 100vw, 225px\" \/><figcaption id=\"caption-attachment-752\" class=\"wp-caption-text\">Hartmann Schedel &#8211; der Typ hatte es drauf.<\/figcaption><\/figure>\n<p>&nbsp;<\/p>\n<p>Nein, sagt sie, eigentlich nicht. Ihr Freund, das Arschloch, habe gerade Schluss gemacht. Per SMS. Geht&#8217;s noch? Ein paar neue Tr\u00e4nen&#8230;<\/p>\n<p>Der Kommilitone meint, sie solle jetzt das bl\u00f6de Handy mal weg stecken. Er sei gerade auf dem Weg in die Ausstellung. Kostenlos. Und geil. Hartmann Schedel. Arzt aus N\u00fcrnberg. 1440 bis 1514. Medikus. Humanist. Frauenfreund. Lebemann. B\u00fcchernarr. Wandelndes Lexikon. Autor der &#8220;Schedel&#8217;schen Weltchronik&#8221;.<\/p>\n<p>Die Frau, seit einer halben Stunde SMS-Single, und ihr Studienkollege steigen in den ersten Stock und lassen sich durch die kleine Ausstellung treiben. Die Traurigkeit verschwindet aus ihrem Gesicht. &#8220;Schau mal&#8221;, sagt sie (man kann sich unterhalten, denn nur wenige Menschen verlieren sich vor den Schauk\u00e4sten), &#8220;schau mal, der hat sogar einen Sprachf\u00fchrer geschrieben. Wei\u00dft Du, was <em>,Mein meister ist gewest czornig mit mir darumb das ich nicht pin gewesen untertan und dinst hafftig im hawse&#8217;<\/em> auf Italienisch hei\u00dft? Oder <em>;De quala cita e tu \/Von welcher stat pistu? &#8211; Es son de Praga \/ Ich pin von Prage &#8211; de Nurembergo \/ von Nuremberg &#8211; de Ausporgo \/ von Augspurg &#8211; da Venesia \/ von Venedig&#8217;<\/em>?&#8221;<\/p>\n<p>Ist doch komisch, oder?<\/p>\n<p>Die Beiden schauen l\u00e4chelnd auf den Folianten, aus dem sie zitiert hat.<\/p>\n<figure id=\"attachment_751\" aria-describedby=\"caption-attachment-751\" style=\"width: 232px\" class=\"wp-caption aligncenter\"><img loading=\"lazy\" decoding=\"async\" class=\"wp-image-751 size-medium\" src=\"http:\/\/vettensjournal.de\/klassischer-journalismus\/wp-content\/uploads\/2015\/03\/IMG_2439-232x300.jpg\" alt=\"IMG_2439\" width=\"232\" height=\"300\" srcset=\"https:\/\/vettensjournal.de\/klassischer-journalismus\/wp-content\/uploads\/2015\/03\/IMG_2439-232x300.jpg 232w, https:\/\/vettensjournal.de\/klassischer-journalismus\/wp-content\/uploads\/2015\/03\/IMG_2439-600x776.jpg 600w, https:\/\/vettensjournal.de\/klassischer-journalismus\/wp-content\/uploads\/2015\/03\/IMG_2439.jpg 758w\" sizes=\"auto, (max-width: 232px) 100vw, 232px\" \/><figcaption id=\"caption-attachment-751\" class=\"wp-caption-text\">Und wer&#8217;s drauf hatte, brauchte ein Wappen.<\/figcaption><\/figure>\n<p>&nbsp;<\/p>\n<p>Ja, es ist r\u00fchrend und seltsam f\u00fcr sie, dass sie durch ein paar scheinbar \u00fcberholte W\u00f6rter gebannt werden. Sie denken auf einmal nicht mehr an Blogs und Apps und verpasste Mails. Sie werden verf\u00fchrt von einem, der schon lange tot ist und der nichts hatte als seine Medizinkunst, seine Frauen und seine B\u00fccher.<\/p>\n<p>Er hat, wenn es sein musste, die gr\u00f6\u00dften B\u00fccher seiner Zeit abgeschrieben. Und deswegen kann dieser N\u00fcrnberger Hartmann Schedel auch 500 Jahre nach seinem Tod nicht abgeschrieben werden.<\/p>\n<p>Der Mann &#8211; in all seiner Klugheit, Belesenheit und Lebenslust &#8211; wirkt immer noch nach.<\/p>\n<p>Der schafft es an diesem Nachmittag sogar, dass eine junge Studentin f\u00fcr eine halbe Stunde die SMS ihres frisch gebackenen Ex vergisst. Tr\u00e4nen kommen ihr erst wieder, als sie auf die Ludwigstra\u00dfe tritt. Die Moderne hat sie eingeholt.<\/p>\n<figure id=\"attachment_749\" aria-describedby=\"caption-attachment-749\" style=\"width: 242px\" class=\"wp-caption aligncenter\"><img loading=\"lazy\" decoding=\"async\" class=\"wp-image-749 size-medium\" src=\"http:\/\/vettensjournal.de\/klassischer-journalismus\/wp-content\/uploads\/2015\/03\/IMG_2434-1-242x300.jpg\" alt=\"IMG_2434-1\" width=\"242\" height=\"300\" srcset=\"https:\/\/vettensjournal.de\/klassischer-journalismus\/wp-content\/uploads\/2015\/03\/IMG_2434-1-242x300.jpg 242w, https:\/\/vettensjournal.de\/klassischer-journalismus\/wp-content\/uploads\/2015\/03\/IMG_2434-1-600x742.jpg 600w, https:\/\/vettensjournal.de\/klassischer-journalismus\/wp-content\/uploads\/2015\/03\/IMG_2434-1.jpg 792w\" sizes=\"auto, (max-width: 242px) 100vw, 242px\" \/><figcaption id=\"caption-attachment-749\" class=\"wp-caption-text\">Aus Schedels Feder: Das ist wertvolles Kulturgut &#8211; seinerzeit wie heute.<\/figcaption><\/figure>\n<p>&nbsp;<\/p>\n","protected":false},"excerpt":{"rendered":"<p>m\u00fcnchen, 3. m\u00e4rz 2015 In der M\u00fcnchner Staatsbibliothek\u00a0drosseln auch die Eiligsten den Schritt, wenn sie die schweren T\u00fcren oberhalb der Aufgangstreppe passiert haben. Die Hektik der Moderne bleibt drau\u00dfen auf der Ludwigstra\u00dfe. Die Frauen und M\u00e4nner zieht es zu den B\u00fcchern. Oder sie wollen sich durch eine kleine Ausstellung inspirieren lassen, die einem Arzt gewidmet [&hellip;]<\/p>\n","protected":false},"author":3,"featured_media":750,"comment_status":"closed","ping_status":"closed","sticky":false,"template":"","format":"standard","meta":{"footnotes":""},"categories":[20,1],"tags":[224,243,242],"class_list":["post-745","post","type-post","status-publish","format-standard","has-post-thumbnail","hentry","category-reportage","category-uncategorized","tag-munchen","tag-schedel-hartmann","tag-staatsbibliothek","has-post-title","has-post-date","has-post-category","has-post-tag","has-post-comment","has-post-author",""],"_links":{"self":[{"href":"https:\/\/vettensjournal.de\/klassischer-journalismus\/wp-json\/wp\/v2\/posts\/745","targetHints":{"allow":["GET"]}}],"collection":[{"href":"https:\/\/vettensjournal.de\/klassischer-journalismus\/wp-json\/wp\/v2\/posts"}],"about":[{"href":"https:\/\/vettensjournal.de\/klassischer-journalismus\/wp-json\/wp\/v2\/types\/post"}],"author":[{"embeddable":true,"href":"https:\/\/vettensjournal.de\/klassischer-journalismus\/wp-json\/wp\/v2\/users\/3"}],"replies":[{"embeddable":true,"href":"https:\/\/vettensjournal.de\/klassischer-journalismus\/wp-json\/wp\/v2\/comments?post=745"}],"version-history":[{"count":1,"href":"https:\/\/vettensjournal.de\/klassischer-journalismus\/wp-json\/wp\/v2\/posts\/745\/revisions"}],"predecessor-version":[{"id":753,"href":"https:\/\/vettensjournal.de\/klassischer-journalismus\/wp-json\/wp\/v2\/posts\/745\/revisions\/753"}],"wp:featuredmedia":[{"embeddable":true,"href":"https:\/\/vettensjournal.de\/klassischer-journalismus\/wp-json\/wp\/v2\/media\/750"}],"wp:attachment":[{"href":"https:\/\/vettensjournal.de\/klassischer-journalismus\/wp-json\/wp\/v2\/media?parent=745"}],"wp:term":[{"taxonomy":"category","embeddable":true,"href":"https:\/\/vettensjournal.de\/klassischer-journalismus\/wp-json\/wp\/v2\/categories?post=745"},{"taxonomy":"post_tag","embeddable":true,"href":"https:\/\/vettensjournal.de\/klassischer-journalismus\/wp-json\/wp\/v2\/tags?post=745"}],"curies":[{"name":"wp","href":"https:\/\/api.w.org\/{rel}","templated":true}]}}