{"id":729,"date":"2015-03-01T11:43:35","date_gmt":"2015-03-01T11:43:35","guid":{"rendered":"http:\/\/vettensjournal.de\/klassischer-journalismus\/?p=729"},"modified":"2015-03-01T11:43:35","modified_gmt":"2015-03-01T11:43:35","slug":"stadt-mit-herz","status":"publish","type":"post","link":"https:\/\/vettensjournal.de\/klassischer-journalismus\/stadt-mit-herz\/","title":{"rendered":"STADT MIT HERZ?"},"content":{"rendered":"<p><em><strong>m\u00fcnchen, 28. februar 2015<\/strong><\/em><\/p>\n<div><strong>Ist er schon wieder um, der Februar! In den vergangenen Tagen hat sich in M\u00fcnchen ein beharrlicher F\u00f6hn gehalten. Man ahnte den Fr\u00fchling, am Chinesischen Turm ist gar schon ein kurzer Rock gesichtet worden. Nun, zum Wochenende, schieben sich freilich dicke graue Wolken vor den wei\u00dfblauen Himmel. Sch\u00f6n ist das nicht, aber tr\u00fcbt so ein Sauwetter wirklich die stadtgewordene Gem\u00fctlichkeit? Mitnichten. M\u00fcnchen hat es behaglich. Basta!<\/strong><\/div>\n<div><\/div>\n<div>Die Fasten-Schar hat die elf beschwerlichsten der 40 Entbehrungs-Tage hinter sich. Das Starkbier geht weg wie \u2013 na ja, sozusagen warme Semmeln. Der FC Bayern hat in dieser Woche die K\u00f6lner an die Wand geklatscht. Und die Wiesn-Wirte machen sich Sorgen, dass wegen des Mindestlohns die Bierpreise in die H\u00f6he schnellen k\u00f6nnten (was an sich nichts Besonderes ist, denn der Bierpreis schnellt allj\u00e4hrlich auf ein neues Hoch \u2013 nur die Begr\u00fcndung mit dem Mindestlohn ist kreativ und neu).<\/div>\n<div><\/div>\n<div>\n<figure id=\"attachment_726\" aria-describedby=\"caption-attachment-726\" style=\"width: 300px\" class=\"wp-caption aligncenter\"><img loading=\"lazy\" decoding=\"async\" class=\"wp-image-726 size-medium\" src=\"http:\/\/vettensjournal.de\/klassischer-journalismus\/wp-content\/uploads\/2015\/02\/IMG_1997-1-300x225.jpg\" alt=\"IMG_1997-1\" width=\"300\" height=\"225\" srcset=\"https:\/\/vettensjournal.de\/klassischer-journalismus\/wp-content\/uploads\/2015\/02\/IMG_1997-1-300x225.jpg 300w, https:\/\/vettensjournal.de\/klassischer-journalismus\/wp-content\/uploads\/2015\/02\/IMG_1997-1-600x450.jpg 600w, https:\/\/vettensjournal.de\/klassischer-journalismus\/wp-content\/uploads\/2015\/02\/IMG_1997-1.jpg 980w\" sizes=\"auto, (max-width: 300px) 100vw, 300px\" \/><figcaption id=\"caption-attachment-726\" class=\"wp-caption-text\">Aufw\u00e4rts immer, nunter nimmer. M\u00fcnchner haben allerweil die Nase im Wind. FOTOS: BARBARA VOLKMER<\/figcaption><\/figure>\n<\/div>\n<div><\/div>\n<div>Der Circus Krone ist von morgen an mal wieder rappelvoll. &#8220;Fantastische Momente&#8221; verspricht das dritte und letzte Winterprogramm mit 22 Artisten aus zehn Nationen. Im &#8220;Literaturhaus&#8221; er\u00f6ffnet eine Zweig-Ausstellung (Stefan Zweig, der ist mittlerweile \u2013 tot, wie er ist \u2013 wohl gelitten an der Isar). Der Fernseh-\u00c4rztin Antje Katrin K\u00fchnemann, die sich nach einem Sturz in Sankt Moritz\u00a0in der Klinik behandeln lassen musste, geht es wieder besser&#8230;<\/div>\n<div><\/div>\n<div>Alles super in der Stadt. Ehrlich, alles toll.<\/div>\n<div><\/div>\n<div>M\u00fcnchen ist einfach zum Abbusseln. Und die B\u00fcrger, sie sind selbstbewusst, seit vielen Generationen. Sie denken sich Leitspr\u00fcche aus, die hei\u00dfen: Wer ko, der ko! Oder: Mit vollen Hosen ist gut stinken. Oder: In Bayern gehen die Uhren anders.<\/div>\n<div><\/div>\n<div>So etwas f\u00e4llt nur Menschen ein, die mit sich imn Reinen sind (auch wenn die Hosen voll sind).<\/div>\n<div><\/div>\n<div>\n<figure id=\"attachment_725\" aria-describedby=\"caption-attachment-725\" style=\"width: 225px\" class=\"wp-caption aligncenter\"><img loading=\"lazy\" decoding=\"async\" class=\"wp-image-725 size-medium\" src=\"http:\/\/vettensjournal.de\/klassischer-journalismus\/wp-content\/uploads\/2015\/02\/IMG_1976-225x300.jpg\" alt=\"IMG_1976\" width=\"225\" height=\"300\" srcset=\"https:\/\/vettensjournal.de\/klassischer-journalismus\/wp-content\/uploads\/2015\/02\/IMG_1976-225x300.jpg 225w, https:\/\/vettensjournal.de\/klassischer-journalismus\/wp-content\/uploads\/2015\/02\/IMG_1976-600x800.jpg 600w, https:\/\/vettensjournal.de\/klassischer-journalismus\/wp-content\/uploads\/2015\/02\/IMG_1976.jpg 735w\" sizes=\"auto, (max-width: 225px) 100vw, 225px\" \/><figcaption id=\"caption-attachment-725\" class=\"wp-caption-text\">Nein, nicht Petrograd! Mia san in Neuperlach.<\/figcaption><\/figure>\n<\/div>\n<div><\/div>\n<div>Leider gibt es da noch diese ewigen Miesmacher. Solche wie den Polt Gerhard, der das &#8220;Ekzem Mensch&#8221;, repektive die &#8220;menschliche Sau&#8221;, zuv\u00f6rderst in seiner bayerischen Heimat ausmacht. Solche wie den Hildebrandt Dieter, der sich zeitlebens an der Bigotterie der Erzkatholen und der Urbayern gerieben hat. Er hat vor Wut gebebt, wenn er seine Lacher raus lie\u00df: &#8220;Wir werden von Stunde zu Stunde \u00e4rmer in Deutschland &#8211; zwei Millionen Deutsche m\u00fcssen auf ihren Zweitwagen verzichten!&#8221;<\/div>\n<div><\/div>\n<div>Womit wir \u2013 so geschwind geht das in M\u00fcnchen \u2013 auf einmal in Neuperlach gelandet w\u00e4ren. Daselbst haben sie dem Oskar Maria Graf ein Stra\u00dfenschild hin gestellt. Das t\u00e4te dem aber nicht so sehr gefallen haben. Er war ja zu lebenslanger M\u00fcnchen-Hassliebe verdammt. Und Neuperlach, diese Horror-Wohnmaschinerie im Osten der Stadt, h\u00e4tte ihn in seiner Anschauung bet\u00e4stigt, dass das Gute im Menschen manchmal arg versch\u00fcttet sein kann.<\/div>\n<div><\/div>\n<div>\n<figure id=\"attachment_724\" aria-describedby=\"caption-attachment-724\" style=\"width: 300px\" class=\"wp-caption aligncenter\"><img loading=\"lazy\" decoding=\"async\" class=\"wp-image-724 size-medium\" src=\"http:\/\/vettensjournal.de\/klassischer-journalismus\/wp-content\/uploads\/2015\/02\/IMG_1995-300x225.jpg\" alt=\"IMG_1995\" width=\"300\" height=\"225\" srcset=\"https:\/\/vettensjournal.de\/klassischer-journalismus\/wp-content\/uploads\/2015\/02\/IMG_1995-300x225.jpg 300w, https:\/\/vettensjournal.de\/klassischer-journalismus\/wp-content\/uploads\/2015\/02\/IMG_1995-600x450.jpg 600w, https:\/\/vettensjournal.de\/klassischer-journalismus\/wp-content\/uploads\/2015\/02\/IMG_1995.jpg 980w\" sizes=\"auto, (max-width: 300px) 100vw, 300px\" \/><figcaption id=\"caption-attachment-724\" class=\"wp-caption-text\">Frech wie Oskar &#8211; zu Lebzeiten haben die Landsleute den Graf-Schreiberling sp\u00fcren lassen, dass sie ihn nicht gemocht haben. Heute schenkt man ihm eine ganze Stra\u00dfe.<\/figcaption><\/figure>\n<\/div>\n<div><\/div>\n<div>Also, wenn man genau hinsieht, ist dieses Neuperlach furchtbar. Oder wie es in dieser Woche \u2013 es war gegen neun Uhr morgens am Dienstag \u2013 eine Kroatin beim Plausch vorm B\u00e4cker Traublinger mit einem arbeitslosen Landsmann sagte:<\/div>\n<div><\/div>\n<div>&#8220;Is kalt hier. Hab\u2019 ich auch kein\u2019 Kaffee mehr. Aber was soll ich machen. Is daheim auch nicht sch\u00f6ner.&#8221;<\/div>\n<div><\/div>\n<div>\n<figure id=\"attachment_722\" aria-describedby=\"caption-attachment-722\" style=\"width: 300px\" class=\"wp-caption aligncenter\"><img loading=\"lazy\" decoding=\"async\" class=\"wp-image-722 size-medium\" src=\"http:\/\/vettensjournal.de\/klassischer-journalismus\/wp-content\/uploads\/2015\/02\/IMG_1986-300x225.jpg\" alt=\"IMG_1986\" width=\"300\" height=\"225\" srcset=\"https:\/\/vettensjournal.de\/klassischer-journalismus\/wp-content\/uploads\/2015\/02\/IMG_1986-300x225.jpg 300w, https:\/\/vettensjournal.de\/klassischer-journalismus\/wp-content\/uploads\/2015\/02\/IMG_1986-600x450.jpg 600w, https:\/\/vettensjournal.de\/klassischer-journalismus\/wp-content\/uploads\/2015\/02\/IMG_1986.jpg 980w\" sizes=\"auto, (max-width: 300px) 100vw, 300px\" \/><figcaption id=\"caption-attachment-722\" class=\"wp-caption-text\">Wei\u00dfblau bl\u00fcht die&#8230; Entschuldigung, hier handelt es sich um ein Idyll.<\/figcaption><\/figure>\n<\/div>\n<div><\/div>\n<div><\/div>\n<div><\/div>\n<div><\/div>\n<p>&nbsp;<\/p>\n","protected":false},"excerpt":{"rendered":"<p>m\u00fcnchen, 28. februar 2015 Ist er schon wieder um, der Februar! In den vergangenen Tagen hat sich in M\u00fcnchen ein beharrlicher F\u00f6hn gehalten. Man ahnte den Fr\u00fchling, am Chinesischen Turm ist gar schon ein kurzer Rock gesichtet worden. Nun, zum Wochenende, schieben sich freilich dicke graue Wolken vor den wei\u00dfblauen Himmel. Sch\u00f6n ist das nicht, [&hellip;]<\/p>\n","protected":false},"author":3,"featured_media":723,"comment_status":"closed","ping_status":"closed","sticky":false,"template":"","format":"standard","meta":{"footnotes":""},"categories":[1],"tags":[],"class_list":["post-729","post","type-post","status-publish","format-standard","has-post-thumbnail","hentry","category-uncategorized","has-post-title","has-post-date","has-post-category","has-post-tag","has-post-comment","has-post-author",""],"_links":{"self":[{"href":"https:\/\/vettensjournal.de\/klassischer-journalismus\/wp-json\/wp\/v2\/posts\/729","targetHints":{"allow":["GET"]}}],"collection":[{"href":"https:\/\/vettensjournal.de\/klassischer-journalismus\/wp-json\/wp\/v2\/posts"}],"about":[{"href":"https:\/\/vettensjournal.de\/klassischer-journalismus\/wp-json\/wp\/v2\/types\/post"}],"author":[{"embeddable":true,"href":"https:\/\/vettensjournal.de\/klassischer-journalismus\/wp-json\/wp\/v2\/users\/3"}],"replies":[{"embeddable":true,"href":"https:\/\/vettensjournal.de\/klassischer-journalismus\/wp-json\/wp\/v2\/comments?post=729"}],"version-history":[{"count":1,"href":"https:\/\/vettensjournal.de\/klassischer-journalismus\/wp-json\/wp\/v2\/posts\/729\/revisions"}],"predecessor-version":[{"id":734,"href":"https:\/\/vettensjournal.de\/klassischer-journalismus\/wp-json\/wp\/v2\/posts\/729\/revisions\/734"}],"wp:featuredmedia":[{"embeddable":true,"href":"https:\/\/vettensjournal.de\/klassischer-journalismus\/wp-json\/wp\/v2\/media\/723"}],"wp:attachment":[{"href":"https:\/\/vettensjournal.de\/klassischer-journalismus\/wp-json\/wp\/v2\/media?parent=729"}],"wp:term":[{"taxonomy":"category","embeddable":true,"href":"https:\/\/vettensjournal.de\/klassischer-journalismus\/wp-json\/wp\/v2\/categories?post=729"},{"taxonomy":"post_tag","embeddable":true,"href":"https:\/\/vettensjournal.de\/klassischer-journalismus\/wp-json\/wp\/v2\/tags?post=729"}],"curies":[{"name":"wp","href":"https:\/\/api.w.org\/{rel}","templated":true}]}}