{"id":714,"date":"2015-02-27T10:48:06","date_gmt":"2015-02-27T10:48:06","guid":{"rendered":"http:\/\/vettensjournal.de\/klassischer-journalismus\/?p=714"},"modified":"2015-02-27T10:48:06","modified_gmt":"2015-02-27T10:48:06","slug":"mia-san-mia","status":"publish","type":"post","link":"https:\/\/vettensjournal.de\/klassischer-journalismus\/mia-san-mia\/","title":{"rendered":"MIA SAN MIA"},"content":{"rendered":"<p><strong><em>unterf\u00f6hring, 27. februar 2015<\/em><\/strong><\/p>\n<p><strong>Der Kirchturm von Unterf\u00f6hring ragt hoch \u00fcber die Isarauen. Stolz, k\u00fchn, ein wenig phallisch, die Zwiebel und das Kreuz ganz nah am wei\u00dfblauen Himmel. Der Kirchturm von Sankt Valentin &#8220;wacht&#8221; \u00fcber ein gesundes Gemeinwesen im Norden der Landeshauptstadt M\u00fcnchen. Unterf\u00f6hring macht was her &#8211; es ist so recht der Ort, an dem die Bayern-Menschen sich stolz das Dirndl zurecht r\u00fccken, auf die Lederhose patschen und selbstbewusst erkl\u00e4ren: Schaut&#8217;s nur her, liabe Leit, so san mia!<\/strong><\/p>\n<p><span class=\"Apple-style-span\">Sie sind stolz auf ihre Kirche, die Unterf\u00f6hringer. 1712 haben die Handwerker den\u00a0heutigen Kirchturm hoch gezogen, ein altes Kirchenschiff wurde abgerissen und ein Neubau durch Hofbaumeister Dominikus Glasl aus Freising erstellt. Am 12. September 1718 weihte Bischof Johann Franz von Eckher, dessen Wappen sich in der Kirche findet, das Gotteshaus ein. Auf der Bayerischen Denkmalliste findet seit Oktober 1973 die Kirche respektvolle Erw\u00e4hnung. Sie sei ein &#8220;b<\/span>arocker Saalbau mit wenig eingezogener Apsis, Westturm mit Zwiebelhaube und angef\u00fcgter Sakristei, mit Ausstattung&#8221;. Sehens- und erhaltenswert sei auch die &#8220;Friedhofsmauer des alten Friedhofteils, Ende 19. Jahrhunderts&#8221;.<\/p>\n<figure id=\"attachment_712\" aria-describedby=\"caption-attachment-712\" style=\"width: 300px\" class=\"wp-caption aligncenter\"><img loading=\"lazy\" decoding=\"async\" class=\"wp-image-712 size-medium\" src=\"http:\/\/vettensjournal.de\/klassischer-journalismus\/wp-content\/uploads\/2015\/02\/bayern010142-2-300x201.jpg\" alt=\"bayern010142 2\" width=\"300\" height=\"201\" srcset=\"https:\/\/vettensjournal.de\/klassischer-journalismus\/wp-content\/uploads\/2015\/02\/bayern010142-2-300x201.jpg 300w, https:\/\/vettensjournal.de\/klassischer-journalismus\/wp-content\/uploads\/2015\/02\/bayern010142-2-600x402.jpg 600w, https:\/\/vettensjournal.de\/klassischer-journalismus\/wp-content\/uploads\/2015\/02\/bayern010142-2.jpg 980w\" sizes=\"auto, (max-width: 300px) 100vw, 300px\" \/><figcaption id=\"caption-attachment-712\" class=\"wp-caption-text\">Wei\u00dfblau sollt&#8217; der Himmel sein.<\/figcaption><\/figure>\n<p>&nbsp;<\/p>\n<p>All das ist dem einsamen Mann am Stammtisch der &#8220;Post&#8221; ziemlich wurscht. War ihm schon egal, als er vor gutding 50 Jahren im Ort die Hauptschule mit m\u00e4\u00dfiger Begeisterung besucht hat. Hat ihn nicht bek\u00fcmmert, solange er eine Arbeit und eine Familie hatte. Irgendwann hat ihn der Meister entlassen, weil er sich nicht auf die neuen Autos mit der Schei\u00df-Elektronik umstellen wollte. Er hat nichts mit den Tagen anzufangen gewusst und mit der Sauferei begonnen, die Frau ist ihm weg gelaufen, jetzt ist er auf Hartz IV.<\/p>\n<p>F\u00fcr das Bier in der &#8220;Post&#8221; &#8211; jeden Tag drei Halbe, den Rest und den Schnaps besorgt er sich billig beim &#8220;Penny&#8221; &#8211; langt es noch. Und so hockt er tagein, tagaus von elf bis drei Uhr nachmittags am Stammtisch. Dann trottet er in die Wohnung, die ihm geblieben ist, und trinkt vor dem Fernseher weiter.<\/p>\n<p>&#8220;Seppi&#8221; nennen sie ihn, dabei ist er ein Trumm Mannsbild. Der Seppi ist gutm\u00fctig, nur auf die Autobauer hat er einen Hass. Er mag das Starkbier und das helle, Weizen s\u00e4uft er nur in der Not. Wenn die Bayern die Hamburger mit 8:0 putzen, dann freut ihn das nat\u00fcrlich narrisch, aber er kann sogar ein wenig Mitleid mit den Verlierern aufbringen. Ernst wird er, wenn es um die Bayernliga-Auftritte des FC Unterf\u00f6hring geht. Beim letzten Spiel in Rosenheim sind die Burschen in der 36. Minute in F\u00fchrung gegangen. Das Tor hat der Efkan Bekiroglu gemacht, das h\u00e4tte eigentlich reichen m\u00fcssen. Aber dann haben sie sich in der zweiten Halbzeit noch eins eingefangen und Unentschieden gespielt, die Deppen. Das war nicht n\u00f6tig!<\/p>\n<figure id=\"attachment_707\" aria-describedby=\"caption-attachment-707\" style=\"width: 300px\" class=\"wp-caption aligncenter\"><img loading=\"lazy\" decoding=\"async\" class=\"wp-image-707 size-medium\" src=\"http:\/\/vettensjournal.de\/klassischer-journalismus\/wp-content\/uploads\/2015\/02\/bayerng10142-3-300x201.jpg\" alt=\"bayerng10142-3\" width=\"300\" height=\"201\" srcset=\"https:\/\/vettensjournal.de\/klassischer-journalismus\/wp-content\/uploads\/2015\/02\/bayerng10142-3-300x201.jpg 300w, https:\/\/vettensjournal.de\/klassischer-journalismus\/wp-content\/uploads\/2015\/02\/bayerng10142-3-600x402.jpg 600w, https:\/\/vettensjournal.de\/klassischer-journalismus\/wp-content\/uploads\/2015\/02\/bayerng10142-3.jpg 980w\" sizes=\"auto, (max-width: 300px) 100vw, 300px\" \/><figcaption id=\"caption-attachment-707\" class=\"wp-caption-text\">Braun gr\u00fc\u00dfet die Vergangenheit.<\/figcaption><\/figure>\n<p>&nbsp;<\/p>\n<p>Was? Ausl\u00e4nder? Freilich ist der Efkan ein Ausl\u00e4nder. Aber einer, der Tore schie\u00dft. So einen kann man immer brauchen. Bei den Anderen muss man da schon ein bisserl Acht geben in Unterf\u00f6hring. Man ist ja tolerant, aber sch\u00f6n w\u00e4re es schon, wenn man ein bisschen unter sich bleiben d\u00fcrfte. K\u00fcrzlich hat beim &#8220;Penny&#8221; eine T\u00fcrkin an der Kasse gesessen, das geht dann doch zu weit.<\/p>\n<p>Nun, manchmal sitzt ja der Gemeinderat nach einer Sitzung auch in der &#8220;Post&#8221;. Und wenn dann keiner mehr den Schriftf\u00fchrer macht, sind sich da die meisten einig, dass Unterf\u00f6hring mehr als genug f\u00fcr die Migration getan hat. Der B\u00fcrgermeister Andreas Kemmelmeyer hat sich dazu auch offiziell ge\u00e4u\u00dfert:<\/p>\n<p><span class=\"Apple-style-span\">&#8220;Die Gemeinde geht davon aus, dass Unterf\u00f6hring durch die einstimmig beschlossene Aufnahme von maximal 100 Asylbewerbern seine Pflicht im Landkreis M\u00fcnchen erf\u00fcllt hat. Der Gemeinderat hat sowohl einige Forderungen an den privaten Investor als auch an das Landratsamt M\u00fcnchen gestellt, die erf\u00fcllt werden m\u00fcssen. Es m\u00fcssen auf alle F\u00e4lle im Vorfeld noch diverse Gespr\u00e4che mit den zust\u00e4ndigen \u00c4mtern, Institutionen, den Unterf\u00f6hringer Sozialdiensten und \u2013vereinen, aber auch mit den Anwohnern gef\u00fchrt werden. Dar\u00fcber hinaus ist die Regierung entsprechend gefordert.&#8221;<\/span><\/p>\n<div>Sie haben doch Probleme genug in Unterf\u00f6hring. Das Trinkwasser wollen sie so sauber halten, wie es derzeit ist. Ein paar Spielstra\u00dfen mehr m\u00fcssen her. Drunten an der Isar hat der Sturm &#8220;Felix&#8221; einen ziemlichen Verhau angerichtet, da muss noch eine deutsche Ordnung in die Natur gebracht werden. Man will es aufger\u00e4umt haben.<\/div>\n<div><\/div>\n<div>\n<figure id=\"attachment_710\" aria-describedby=\"caption-attachment-710\" style=\"width: 300px\" class=\"wp-caption aligncenter\"><img loading=\"lazy\" decoding=\"async\" class=\"wp-image-710 size-medium\" src=\"http:\/\/vettensjournal.de\/klassischer-journalismus\/wp-content\/uploads\/2015\/02\/bayern010142-300x201.jpg\" alt=\"bayern010142\" width=\"300\" height=\"201\" srcset=\"https:\/\/vettensjournal.de\/klassischer-journalismus\/wp-content\/uploads\/2015\/02\/bayern010142-300x201.jpg 300w, https:\/\/vettensjournal.de\/klassischer-journalismus\/wp-content\/uploads\/2015\/02\/bayern010142-600x402.jpg 600w, https:\/\/vettensjournal.de\/klassischer-journalismus\/wp-content\/uploads\/2015\/02\/bayern010142.jpg 980w\" sizes=\"auto, (max-width: 300px) 100vw, 300px\" \/><figcaption id=\"caption-attachment-710\" class=\"wp-caption-text\">Rosa k\u00f6nnt&#8217; das Morgen locken.<\/figcaption><\/figure>\n<\/div>\n<div><\/div>\n<div>Darauf versteht man sich. Am 8. Juli letzten Jahres wurde gegen 10.00 Uhr bei Bauarbeiten nordwestlich der Kreuzung Mittelfeldallee und Betastra\u00dfe ein Blindg\u00e4nger aus dem Zweiten Weltkrieg entdeckt. Die Bombe lag in eineinhalb Metern Tiefe und hatte einen mechanischen Aufschlagz\u00fcnder. Es handelte sich um einen amerikanischen Sprengk\u00f6rper mit 125 kg Sprengstoff. Gegen 18.30 Uhr hatte der zust\u00e4ndige Sprengmeister mit der Entsch\u00e4rfung begonnen und diese wenig sp\u00e4ter erfolgreich abgeschlossen.<\/div>\n<div><\/div>\n<div>\n<figure id=\"attachment_709\" aria-describedby=\"caption-attachment-709\" style=\"width: 300px\" class=\"wp-caption aligncenter\"><img loading=\"lazy\" decoding=\"async\" class=\"wp-image-709 size-medium\" src=\"http:\/\/vettensjournal.de\/klassischer-journalismus\/wp-content\/uploads\/2015\/02\/bayern010142-31-300x201.jpg\" alt=\"bayern010142 3\" width=\"300\" height=\"201\" srcset=\"https:\/\/vettensjournal.de\/klassischer-journalismus\/wp-content\/uploads\/2015\/02\/bayern010142-31-300x201.jpg 300w, https:\/\/vettensjournal.de\/klassischer-journalismus\/wp-content\/uploads\/2015\/02\/bayern010142-31-600x402.jpg 600w, https:\/\/vettensjournal.de\/klassischer-journalismus\/wp-content\/uploads\/2015\/02\/bayern010142-31.jpg 980w\" sizes=\"auto, (max-width: 300px) 100vw, 300px\" \/><figcaption id=\"caption-attachment-709\" class=\"wp-caption-text\">Und schwarz ist immer guter Ton.<\/figcaption><\/figure>\n<\/div>\n<div><\/div>\n<div>Dann war wieder Ruhe in Unterf\u00f6hring. Man hat friedlich geschlafen, und der Seppi hatte am n\u00e4chsten Tag in der &#8220;Post&#8221; etwas zum Ratschen.<\/div>\n<div><\/div>\n<div>Ansonsten ging wieder alles seinen guten bayerischen Gang. Man durfte sich zur\u00fccklehnen und sagen: Mia san mia &#8211; und des is guad so.<\/div>\n<div><\/div>\n<div>Die Sache mit den Migranten bekommt man schon auch noch in den Griff.<\/div>\n<div><\/div>\n<div style=\"text-align: right\"><strong>Morgen: F\u00fcr ein besseres Bayern<\/strong><\/div>\n<p style=\"text-align: right\">\n","protected":false},"excerpt":{"rendered":"<p>unterf\u00f6hring, 27. februar 2015 Der Kirchturm von Unterf\u00f6hring ragt hoch \u00fcber die Isarauen. Stolz, k\u00fchn, ein wenig phallisch, die Zwiebel und das Kreuz ganz nah am wei\u00dfblauen Himmel. Der Kirchturm von Sankt Valentin &#8220;wacht&#8221; \u00fcber ein gesundes Gemeinwesen im Norden der Landeshauptstadt M\u00fcnchen. Unterf\u00f6hring macht was her &#8211; es ist so recht der Ort, an [&hellip;]<\/p>\n","protected":false},"author":3,"featured_media":711,"comment_status":"closed","ping_status":"closed","sticky":false,"template":"","format":"standard","meta":{"footnotes":""},"categories":[1],"tags":[],"class_list":["post-714","post","type-post","status-publish","format-standard","has-post-thumbnail","hentry","category-uncategorized","has-post-title","has-post-date","has-post-category","has-post-tag","has-post-comment","has-post-author",""],"_links":{"self":[{"href":"https:\/\/vettensjournal.de\/klassischer-journalismus\/wp-json\/wp\/v2\/posts\/714","targetHints":{"allow":["GET"]}}],"collection":[{"href":"https:\/\/vettensjournal.de\/klassischer-journalismus\/wp-json\/wp\/v2\/posts"}],"about":[{"href":"https:\/\/vettensjournal.de\/klassischer-journalismus\/wp-json\/wp\/v2\/types\/post"}],"author":[{"embeddable":true,"href":"https:\/\/vettensjournal.de\/klassischer-journalismus\/wp-json\/wp\/v2\/users\/3"}],"replies":[{"embeddable":true,"href":"https:\/\/vettensjournal.de\/klassischer-journalismus\/wp-json\/wp\/v2\/comments?post=714"}],"version-history":[{"count":1,"href":"https:\/\/vettensjournal.de\/klassischer-journalismus\/wp-json\/wp\/v2\/posts\/714\/revisions"}],"predecessor-version":[{"id":720,"href":"https:\/\/vettensjournal.de\/klassischer-journalismus\/wp-json\/wp\/v2\/posts\/714\/revisions\/720"}],"wp:featuredmedia":[{"embeddable":true,"href":"https:\/\/vettensjournal.de\/klassischer-journalismus\/wp-json\/wp\/v2\/media\/711"}],"wp:attachment":[{"href":"https:\/\/vettensjournal.de\/klassischer-journalismus\/wp-json\/wp\/v2\/media?parent=714"}],"wp:term":[{"taxonomy":"category","embeddable":true,"href":"https:\/\/vettensjournal.de\/klassischer-journalismus\/wp-json\/wp\/v2\/categories?post=714"},{"taxonomy":"post_tag","embeddable":true,"href":"https:\/\/vettensjournal.de\/klassischer-journalismus\/wp-json\/wp\/v2\/tags?post=714"}],"curies":[{"name":"wp","href":"https:\/\/api.w.org\/{rel}","templated":true}]}}