{"id":692,"date":"2015-02-26T12:59:45","date_gmt":"2015-02-26T12:59:45","guid":{"rendered":"http:\/\/vettensjournal.de\/klassischer-journalismus\/?p=692"},"modified":"2015-02-26T12:59:45","modified_gmt":"2015-02-26T12:59:45","slug":"mama-was-here","status":"publish","type":"post","link":"https:\/\/vettensjournal.de\/klassischer-journalismus\/mama-was-here\/","title":{"rendered":"MAMA WAS HERE"},"content":{"rendered":"<p><em><strong><span class=\"Apple-style-span\">m\u00fcnchen, 26. februar 2015<\/span><\/strong><\/em><\/p>\n<p><strong>Luise Kinseher hat &#8211; das haben wir gestern im &#8220;Journal&#8221; gelernt &#8211; die Queen des Derbleckens gegeben. Nerv\u00f6s ist sie davor gewesen, gro\u00dfbusig aufgetreten &#8211; und hernach hat sie sich schweratmig loben lassen. Gut hat sie es gemacht, da war man sich einig (am Tag drauf schreibt die tz: &#8220;So macht das Derblecken Spa\u00df! Bravo, Bavaria bei\u00dft wieder!&#8221;)<\/strong><\/p>\n<p>Sauhei\u00df ist es gewesen. Markus S\u00f6der war prima gelaunt und hat einen sehr roten Kopf aufgehabt. Dem Alexander Dobrinth, derzeit wegen der Maut-Debatte der Watschn-Aspirant der Schwarzen, werden die Ohren noch bis nach der Fastenzeit klingeln, so hat ihn die Mama hergefotzt. Der Ministerpr\u00e4sident Seehofer hochpers\u00f6nlich war noch besser aufgelegt als die Polit-Untertanenschaft (kam gerade aus Berlin, dort hat er wegen der Griechen keine rechte Gaudi gehabt) und hat beim heftigen Lachen ausgesehen wie ein Boxer, den es nach einem Kopftreffer sch\u00fcttelt (in Zeitlupe verteilten sich ein paar Schwei\u00dftr\u00f6pferl in den Saal).<\/p>\n<figure id=\"attachment_701\" aria-describedby=\"caption-attachment-701\" style=\"width: 300px\" class=\"wp-caption aligncenter\"><img loading=\"lazy\" decoding=\"async\" class=\"wp-image-701 size-medium\" src=\"http:\/\/vettensjournal.de\/klassischer-journalismus\/wp-content\/uploads\/2015\/02\/t2_1-300x225.jpg\" alt=\"t2_\" width=\"300\" height=\"225\" \/><figcaption id=\"caption-attachment-701\" class=\"wp-caption-text\">Wen derwischt&#8217;s? Im Saal trinkt man sich Mut an.<\/figcaption><\/figure>\n<p>&nbsp;<\/p>\n<p>&nbsp;<\/p>\n<p>Dann hat sie sich ans Podium gestellt, die Bavaria. Sauberes Weibsbild! Holz vor der H\u00fcttn wie ein S\u00e4gewerk. Eine Goschn wie ein Schwert. Blicke wie Speere.<\/p>\n<p>B\u00fcrgerlich hei\u00dft sie sich Luise Kinseher, arbeitet als Kabarettistin, hat vor kurzem einen tollen Preis bekommen. Aus Niederbayern ist sie. Ein f\u00fcrchtenswertes Weibsbild vom Feinsten.<\/p>\n<p>&#8220;Mei, Kinder&#8221;, hat sie angehoben und lange durch den Saal geblickt. &#8220;Wenn i Eich so oschaug, frage ich mich: Habe ich als Mutter versagt?&#8221;<\/p>\n<p>Und dann hat sie ihnen allen vorgehalten, sie h\u00e4tte ihnen besser &#8220;in aller W\u00fcrde&#8221; regelm\u00e4\u00dfig &#8220;oane aufgstricha&#8221; (i.e. kleine p\u00e4dagogische Backpfeifen verabreicht): dem ADHS-S\u00f6der, dem obstinaten Seehofer, der Hadertauerin und all den Schrazn. Sie sei schon eine gebeutelte Mama Bavaria, seufzt sie.<\/p>\n<p>&#8220;Jetzt brauch&#8217; i erst amoi an Schluck. Griass Eich, i bin&#8217;s, Eure Mama.&#8221;<\/p>\n<p>Man trank kollektiv.<\/p>\n<p>Und dann ging es los. Ungef\u00e4hr so:<\/p>\n<p><span class=\"Apple-style-span\">&#8220;Die CSU ist keine Frage des Wissens, sie ist eine Frage des Glaubens! Es wird nicht mehr lange dauern, da wird ein Bundespr\u00e4sident verk\u00fcnden, die CSU geh\u00f6rt zu Deutschland.&#8221;<\/span><\/p>\n<p><span class=\"Apple-style-span\">Oder so: <\/span><\/p>\n<p><span class=\"Apple-style-span\">&#8220;Wir zahlen den Flughafen in Berlin, damit wir von da schnell wieder wegkommen und die Berliner bauen ihn einfach nicht fertig, damit wir da ja nie ankommen.&#8221;<\/span><\/p>\n<p><span class=\"Apple-style-span\">&#8220;Aber am besten verkauft der S\u00f6der sich selbst! Wie man aus nix so viel machen kann, das ist enorm. Am N\u00fcrnberger Flughafen, da landet keiner und startet keiner. Aber der S\u00f6der verkauft das als Fortschritt beim L\u00e4rmschutz! In den l\u00e4ndlichen Regionen schrumpfen die Einwohnerzahlen. Und der S\u00f6der verkauft das als erfolgreiche Renaturierungsma\u00dfnahme!&#8221;<\/span><\/p>\n<figure id=\"attachment_703\" aria-describedby=\"caption-attachment-703\" style=\"width: 300px\" class=\"wp-caption aligncenter\"><img loading=\"lazy\" decoding=\"async\" class=\"wp-image-703 size-medium\" src=\"http:\/\/vettensjournal.de\/klassischer-journalismus\/wp-content\/uploads\/2015\/02\/s\u00f6der-300x225.jpg\" alt=\"s\u00f6der\" width=\"300\" height=\"225\" srcset=\"https:\/\/vettensjournal.de\/klassischer-journalismus\/wp-content\/uploads\/2015\/02\/s\u00f6der-300x225.jpg 300w, https:\/\/vettensjournal.de\/klassischer-journalismus\/wp-content\/uploads\/2015\/02\/s\u00f6der-600x450.jpg 600w, https:\/\/vettensjournal.de\/klassischer-journalismus\/wp-content\/uploads\/2015\/02\/s\u00f6der.jpg 640w\" sizes=\"auto, (max-width: 300px) 100vw, 300px\" \/><figcaption id=\"caption-attachment-703\" class=\"wp-caption-text\">Ihr k\u00f6nnt mich mal&#8230; Beneiden k\u00f6nnt Ihr mich! Wenn einer so oft derbleckt wird wie der S\u00f6der Markus, dann ist er wer in Bayernlanden. Zumindest glaubt er, dass er wer ist.<\/figcaption><\/figure>\n<p>&nbsp;<\/p>\n<p>&nbsp;<\/p>\n<p><span class=\"Apple-style-span\">Genug ges\u00f6dert. Es war Zeit f\u00fcrs Seehofern (weil, der Ministerpr\u00e4sident hatte ja schon mit dem Transpirieren angefangen):<\/span><\/p>\n<p><span class=\"Apple-style-span\">&#8220;Sch\u00f6n langsam wird es ja Zeit f\u00fcr Deine Memoiren. Aber ein kleiner Tipp von der Mama &#8211; so widerspr\u00fcchlich wie Du bist &#8211; bring die als Puzzle raus, dann kann man sie sich immer wieder neu zusammensetzen.&#8221;<\/span><\/p>\n<p><span class=\"Apple-style-span\">&#8220;Und was den Nachruhm angeht: Unsterblich wird man ja auch durch ein gro\u00dfes Zitat. Blo\u00df da warst Du bisher immer nur der Zweite! Luther hat gesagt: Hier stehe ich und kann nicht anders &#8211; Du sagst, Du stehst nirgends und kannst immer anders. Descartes sagte: Ich denke, also bin ich &#8211; du sagst, wer bin ich, dass ich d\u00e4chte.&#8221;<\/span><\/p>\n<div class=\"tabbody\">\n<p>Der Seehofer hat gelacht. Mal kavaliersm\u00e4\u00dfig-verhalten und dann wieder, dass der Schwei\u00df a bisserl spratzelte. Hernach gab er sich jovial und erkl\u00e4rte, er sei pr\u00e4chtig unterhalten worden:<\/p>\n<p>&#8220;K\u00f6stlich, treffsicher, selbstsicher. Ich glaub\u2018 die Mama hat an Statur noch mal gewonnen&#8230;Das war im Grunde tiefsinniger Stoff. Und selbst so tiefsinnige Dinge kann man mit Humor vermitteln. &#8221;<\/p>\n<div class=\"tabbody\">\n<div>Vom Seehofer schafft eine Mama Bavaria immer und \u00fcberall den verbalen Spagat zu jedermann und \u00fcberallhin. Beispiel:<\/div>\n<\/div>\n<\/div>\n<p><span class=\"Apple-style-span\">&#8220;Die Maut &#8211; das dauert doch noch. Weil der Seehofer hat gesagt, die Maut ist dem Dobrinth sein Meisterst\u00fcck. Und da hat er Recht!\u00a0Viele Meisterwerke der Welt sind ja unvollendet.&#8221;<\/span><\/p>\n<p>\u00dcberhaupt, der Dobrinth!<\/p>\n<p><span class=\"Apple-style-span\">&#8220;Und wenn jetzt irgendjemand sagt, mein Alexander ist nicht da, weil er Angst hat auf den Nockherberg zu kommen, der irrt! Mein Alexander ist da, man sieht ihn nur nicht, er hat es mit dem Abnehmen \u00fcbertrieben. Wenn Sie irgendwo eine herrenlose Brille sehen &#8211; das ist er!&#8221;<\/span><\/p>\n<figure id=\"attachment_702\" aria-describedby=\"caption-attachment-702\" style=\"width: 300px\" class=\"wp-caption aligncenter\"><img loading=\"lazy\" decoding=\"async\" class=\"wp-image-702 size-medium\" src=\"http:\/\/vettensjournal.de\/klassischer-journalismus\/wp-content\/uploads\/2015\/02\/see-300x225.jpg\" alt=\"see\" width=\"300\" height=\"225\" srcset=\"https:\/\/vettensjournal.de\/klassischer-journalismus\/wp-content\/uploads\/2015\/02\/see-300x225.jpg 300w, https:\/\/vettensjournal.de\/klassischer-journalismus\/wp-content\/uploads\/2015\/02\/see-600x450.jpg 600w, https:\/\/vettensjournal.de\/klassischer-journalismus\/wp-content\/uploads\/2015\/02\/see.jpg 640w\" sizes=\"auto, (max-width: 300px) 100vw, 300px\" \/><figcaption id=\"caption-attachment-702\" class=\"wp-caption-text\">Nein! Bin nicht beleidigt! Stehe dr\u00fcber! Habe Gattin, die wo mit mir l\u00e4chelt! Habe gef\u00fcgiges Gefolge! Alles gut! Bin der Horst! Der Horst Nummer Eins im Freistaat!<\/figcaption><\/figure>\n<p>&nbsp;<\/p>\n<p>Es war &#8211; das wusste der routinierte Ministerpr\u00e4sident &#8211; nun f\u00fcr ihn der Moment gekommen, sich gen\u00fcsslich zur\u00fcckzulehnen: Sein Fett hatte er ab bekommen, dazu telegen gel\u00e4chelt. Jetzt waren die echten Verlierer dran. Spr\u00fcche \u00fcber Loser kommen immer gut beim Starkbier.<\/p>\n<p><span class=\"Apple-style-span\">&#8220;Florian Pronold und Markus Rinderspacher sind ja die Hoffnungstr\u00e4ger der SPD &#8211; das ist die ganz hohe Schule des Optimismus! Das ist, als wenn Du zum K\u00fchlschrank gehst, ihn aufmachst und sagst: Ich hab hier nur noch zwei Tuben milden bayerischen Senf daraus l\u00e4sst sich doch sicher was Tolles zaubern!&#8221;<\/span><\/p>\n<p>Mehr? Bittesehr:<\/p>\n<p><span class=\"Apple-style-span\">&#8220;Gut, die SPD wird nicht mehr unterdr\u00fcckt. Warum auch? Die leistet keinen Widerstand mehr. Politisch ist die SPD in Bayern in der Palliativstation angekommen &#8211; sie wissen, gesund werden wir nicht mehr, aber wir gestalten das Ableben so schmerzfrei wie m\u00f6glich.&#8221;<\/span><\/p>\n<p>Mama machte dann alsbald Schluss. Sie redete \u00fcber den G-7-Gipfel, auf den man sich gef\u00e4lligst freuen solle. Sie schw\u00e4rmte vom starken, friedlichen, unvergleichlich sch\u00f6nsch\u00f6nsch\u00f6nen Bayern, von \u00a0der Zugspitze, der W\u00fcrde des Wettersteins:<\/p>\n<p>&#8220;Und das alles vor unserem wei\u00dfblauen Himmel. Rei\u00dft&#8217;s Eich zsamm- und Du, Horst, sei immer ned so beleidigt. Weil i wui ned, dass Ihr des aa no versemmelt.&#8221;<\/p>\n<p>Angekommen?<\/p>\n<p style=\"text-align: right\"><strong>Morgen: So san&#8217;s, de Bayern!<\/strong><\/p>\n","protected":false},"excerpt":{"rendered":"<p>m\u00fcnchen, 26. februar 2015 Luise Kinseher hat &#8211; das haben wir gestern im &#8220;Journal&#8221; gelernt &#8211; die Queen des Derbleckens gegeben. Nerv\u00f6s ist sie davor gewesen, gro\u00dfbusig aufgetreten &#8211; und hernach hat sie sich schweratmig loben lassen. Gut hat sie es gemacht, da war man sich einig (am Tag drauf schreibt die tz: &#8220;So macht [&hellip;]<\/p>\n","protected":false},"author":3,"featured_media":704,"comment_status":"closed","ping_status":"closed","sticky":false,"template":"","format":"standard","meta":{"footnotes":""},"categories":[20,1],"tags":[236,232,238,224,235,237,229,234],"class_list":["post-692","post","type-post","status-publish","format-standard","has-post-thumbnail","hentry","category-reportage","category-uncategorized","tag-dobrinth-alexander","tag-kinseher-luise","tag-maut","tag-munchen","tag-seehofer-horst","tag-soder-markus","tag-starkbier","tag-starkbieranstich","has-post-title","has-post-date","has-post-category","has-post-tag","has-post-comment","has-post-author",""],"_links":{"self":[{"href":"https:\/\/vettensjournal.de\/klassischer-journalismus\/wp-json\/wp\/v2\/posts\/692","targetHints":{"allow":["GET"]}}],"collection":[{"href":"https:\/\/vettensjournal.de\/klassischer-journalismus\/wp-json\/wp\/v2\/posts"}],"about":[{"href":"https:\/\/vettensjournal.de\/klassischer-journalismus\/wp-json\/wp\/v2\/types\/post"}],"author":[{"embeddable":true,"href":"https:\/\/vettensjournal.de\/klassischer-journalismus\/wp-json\/wp\/v2\/users\/3"}],"replies":[{"embeddable":true,"href":"https:\/\/vettensjournal.de\/klassischer-journalismus\/wp-json\/wp\/v2\/comments?post=692"}],"version-history":[{"count":1,"href":"https:\/\/vettensjournal.de\/klassischer-journalismus\/wp-json\/wp\/v2\/posts\/692\/revisions"}],"predecessor-version":[{"id":706,"href":"https:\/\/vettensjournal.de\/klassischer-journalismus\/wp-json\/wp\/v2\/posts\/692\/revisions\/706"}],"wp:featuredmedia":[{"embeddable":true,"href":"https:\/\/vettensjournal.de\/klassischer-journalismus\/wp-json\/wp\/v2\/media\/704"}],"wp:attachment":[{"href":"https:\/\/vettensjournal.de\/klassischer-journalismus\/wp-json\/wp\/v2\/media?parent=692"}],"wp:term":[{"taxonomy":"category","embeddable":true,"href":"https:\/\/vettensjournal.de\/klassischer-journalismus\/wp-json\/wp\/v2\/categories?post=692"},{"taxonomy":"post_tag","embeddable":true,"href":"https:\/\/vettensjournal.de\/klassischer-journalismus\/wp-json\/wp\/v2\/tags?post=692"}],"curies":[{"name":"wp","href":"https:\/\/api.w.org\/{rel}","templated":true}]}}