{"id":5546,"date":"2026-03-12T08:03:11","date_gmt":"2026-03-12T08:03:11","guid":{"rendered":"https:\/\/vettensjournal.de\/klassischer-journalismus\/?p=5546"},"modified":"2026-03-12T08:06:54","modified_gmt":"2026-03-12T08:06:54","slug":"bonjour-berlin","status":"publish","type":"post","link":"https:\/\/vettensjournal.de\/klassischer-journalismus\/bonjour-berlin\/","title":{"rendered":"BONJOUR BERLIN"},"content":{"rendered":"<p><em>scheisszeitenwende 117<\/em>\u00a0\u00a0\u00a0\u00a0 Ein zerw\u00fchltes Bett, in dem unaufger\u00e4umt Hans Krohn liegt. Der Vorhang schwingt sacht an der ge\u00f6ffneten Balkont\u00fcr. Ger\u00e4usche von der Stra\u00dfe. An- und Abschwellen der Autos. Ein Martinshorn. Das Rauschen der Stadt. Die Nachtigallen &#8211; sie haben gelernt, lauter zu singen, weil die City soviel L\u00e4rm macht.<\/p>\n<p>Der Fernseher l\u00e4uft.<\/p>\n<p>Der Kanzler besucht Herrn Trump. Herr Trump legt dem Kanzler die Hand aufs Knie, w\u00e4hrend er W\u00f6rter in den Raum schwallt. Herr Trump hat eine Krankheit \u2013 er kann die W\u00f6rter nicht halten. Er schwadroniert \u00fcber Gr\u00f6nland, das ihm bald geh\u00f6ren wird. \u00dcber die Kriege, die er beendet hat, weil er mit der Faust auf den Tisch schlug. Siebenmal h\u00e4tte er den Friedensnobelpreis bekommen m\u00fcssen. Jetzt ist es ihm auch schon egal.<\/p>\n<p>Der Pr\u00e4sident redet \u00fcber sich, den Gr\u00f6\u00dften. Und die Anderen, die ihn so entt\u00e4uscht haben.<\/p>\n<p>Der Vorg\u00e4nger im Amt. Dieser tattrige Mister Biden, der nichts geschnallt hat. Der Neger-Obama, der die USA dem Abgrund zu trieb. Die Islam-Idioten. Die Klima-L\u00fcgner. Die Demokraten-Deppen. Die Kultur-Chaoten. All diese L\u00fcgner.<\/p>\n<p>Mister Trump redet \u00fcber Angela, die deutsche Kanzlerin, die ihre Sache nicht gut gemacht hat.<\/p>\n<p>Der Mann neben Mister Trump ist ein \u201ef\u00e4higer, gro\u00dfartiger Mensch\u201c. Friedrich Merz \u2013 das ist nicht so ein Waschlappen wie dieser kleine Olaf Scholz.<\/p>\n<p>\u201eFriedrich ist ein guter Mann. Er ist mein Freund. Ein Staatsmann wie ich.\u201c<\/p>\n<p>Der gro\u00dfe \u201eStaatsmann\u201c aus Germany sitzt mit gro\u00df gespielter L\u00e4ssigkeit neben dem Laber-Kopf und r\u00fchrt sich nicht. Der Tussaud-Fritz sagt kaum was &#8211; was soll man auch sagen, wenn Mister Trump redet?<\/p>\n<p>\u201eFriedrich wei\u00df, was er will.\u201c<\/p>\n<p>Friedrich verzieht keine Miene.<\/p>\n<p>Sieht er wichtig aus, der \u201egro\u00dfe Staatsmann\u201c aus Germany?<\/p>\n<p>Oder nur nichtig?<\/p>\n<p>Die Nachrichten:<\/p>\n<p>Im Iran ist Krieg. Die Israelis drohen, sie werden jeden t\u00f6ten, der im Iran zum F\u00fchrer werden will. Jeden werden sie killen, wo immer er ist, wie immer er hei\u00dft.<\/p>\n<p>Das \u00d6l wird so teuer wie ein 49-er <em>Petrus<\/em>.<\/p>\n<p>Alle in der Welt haben Angst. Alle in der Welt machen Angst.<\/p>\n<p>Hans Krohn rollt sich vom Bett. Wo ist die Fernbedienung? Da! Er schaltet aus und geht auf den Balkon.<\/p>\n<p>Es wird Fr\u00fchling in Berlin.<\/p>\n<p>Schluss mit Herrn Trump und dem Kanzler, Schluss mit dem Gelaber. Zum Teufel mit dem Welten-Krieg und den Epstein-Papieren und der K\u00fcnstlichen Intelligenz; zum Teufel mit den Gedanken ans Verloren-Haben und der Angst vor dem Alt-Schwach-Krank-Werden. Schluss mit gestern und morgen.<\/p>\n<p>Heute ist heute.<\/p>\n<p>Jetzt zieht sich Krohn erstmal an und geht in den Park.<img loading=\"lazy\" decoding=\"async\" class=\"aligncenter size-medium wp-image-3547\" src=\"https:\/\/vettensjournal.de\/klassischer-journalismus\/wp-content\/uploads\/2018\/06\/5.1-225x300.jpg\" alt=\"\" width=\"225\" height=\"300\" srcset=\"https:\/\/vettensjournal.de\/klassischer-journalismus\/wp-content\/uploads\/2018\/06\/5.1-225x300.jpg 225w, https:\/\/vettensjournal.de\/klassischer-journalismus\/wp-content\/uploads\/2018\/06\/5.1.jpg 480w\" sizes=\"auto, (max-width: 225px) 100vw, 225px\" \/><\/p>\n","protected":false},"excerpt":{"rendered":"<p>scheisszeitenwende 117\u00a0\u00a0\u00a0\u00a0 Ein zerw\u00fchltes Bett, in dem unaufger\u00e4umt Hans Krohn liegt. Der Vorhang schwingt sacht an der ge\u00f6ffneten Balkont\u00fcr. Ger\u00e4usche von der Stra\u00dfe. An- und Abschwellen der Autos. Ein Martinshorn. Das Rauschen der Stadt. Die Nachtigallen &#8211; sie haben gelernt, lauter zu singen, weil die City soviel L\u00e4rm macht. Der Fernseher l\u00e4uft. Der Kanzler besucht [&hellip;]<\/p>\n","protected":false},"author":3,"featured_media":3544,"comment_status":"closed","ping_status":"closed","sticky":false,"template":"","format":"standard","meta":{"footnotes":""},"categories":[932],"tags":[],"class_list":["post-5546","post","type-post","status-publish","format-standard","has-post-thumbnail","hentry","category-scheiss-zeitenwende","has-post-title","has-post-date","has-post-category","has-post-tag","has-post-comment","has-post-author",""],"_links":{"self":[{"href":"https:\/\/vettensjournal.de\/klassischer-journalismus\/wp-json\/wp\/v2\/posts\/5546","targetHints":{"allow":["GET"]}}],"collection":[{"href":"https:\/\/vettensjournal.de\/klassischer-journalismus\/wp-json\/wp\/v2\/posts"}],"about":[{"href":"https:\/\/vettensjournal.de\/klassischer-journalismus\/wp-json\/wp\/v2\/types\/post"}],"author":[{"embeddable":true,"href":"https:\/\/vettensjournal.de\/klassischer-journalismus\/wp-json\/wp\/v2\/users\/3"}],"replies":[{"embeddable":true,"href":"https:\/\/vettensjournal.de\/klassischer-journalismus\/wp-json\/wp\/v2\/comments?post=5546"}],"version-history":[{"count":2,"href":"https:\/\/vettensjournal.de\/klassischer-journalismus\/wp-json\/wp\/v2\/posts\/5546\/revisions"}],"predecessor-version":[{"id":5553,"href":"https:\/\/vettensjournal.de\/klassischer-journalismus\/wp-json\/wp\/v2\/posts\/5546\/revisions\/5553"}],"wp:featuredmedia":[{"embeddable":true,"href":"https:\/\/vettensjournal.de\/klassischer-journalismus\/wp-json\/wp\/v2\/media\/3544"}],"wp:attachment":[{"href":"https:\/\/vettensjournal.de\/klassischer-journalismus\/wp-json\/wp\/v2\/media?parent=5546"}],"wp:term":[{"taxonomy":"category","embeddable":true,"href":"https:\/\/vettensjournal.de\/klassischer-journalismus\/wp-json\/wp\/v2\/categories?post=5546"},{"taxonomy":"post_tag","embeddable":true,"href":"https:\/\/vettensjournal.de\/klassischer-journalismus\/wp-json\/wp\/v2\/tags?post=5546"}],"curies":[{"name":"wp","href":"https:\/\/api.w.org\/{rel}","templated":true}]}}