{"id":5527,"date":"2025-11-24T10:44:50","date_gmt":"2025-11-24T10:44:50","guid":{"rendered":"https:\/\/vettensjournal.de\/klassischer-journalismus\/?p=5527"},"modified":"2025-11-24T22:23:47","modified_gmt":"2025-11-24T22:23:47","slug":"die-uhr-tickt","status":"publish","type":"post","link":"https:\/\/vettensjournal.de\/klassischer-journalismus\/die-uhr-tickt\/","title":{"rendered":"DIE UHR TICKT"},"content":{"rendered":"<p><em>scheisszeitenwende 114<\/em><\/p>\n<p>&nbsp;<\/p>\n<p>Am Nachmittag bleiben Klara und Hans im Hotel. Sp\u00e4ter machen sie einen Spaziergang durch die Altstadt und stellen sich vor, sie w\u00fcrden ganz von vorn in eine Dachwohnung mit Erkerfenstern anfangen. Sie essen eine Kleinigkeit in einer Brasserie am verd\u00e4mmernden See.<\/p>\n<p>\u201eUnd was jetzt?\u201c, fragt Klara.<\/p>\n<p>Hans wei\u00df es auch nicht. Ihm ist zum Heulen.<\/p>\n<p>Sie gehen langsam zum Hotel zur\u00fcck.<\/p>\n<p>&nbsp;<\/p>\n<p>Ein Gruppe junger M\u00e4nner, die an diesem Abend wohl noch Gro\u00dfes vorhaben. Vielleicht ein Junggesellen-Abschied.<\/p>\n<p>Ein Liebespaar, das kichernd vor einem Unterw\u00e4sche-Gesch\u00e4ft steht.<\/p>\n<p>Aus den Restaurants leuchtet es orangefarben, drin stecken Menschen die K\u00f6pfe zusammen und trinken Prosit.<\/p>\n<p>Ein altes Paar h\u00e4lt sich an den H\u00e4nden und l\u00e4sst nicht los.<\/p>\n<p>Beim \u201eZumstein\u201c, in der Papeterie, dreht die Verk\u00e4uferin den Schl\u00fcssel. Es ist sieben Uhr abends. \u201eIch wollte mir eigentlich noch Zeichensachen kaufen\u201c, sagt er.<\/p>\n<p>\u201eKannst Du morgen auch .\u201c<\/p>\n<p>\u201eMorgen? Das glaube ich nicht.\u201c<\/p>\n<p>\u201eWarum?\u201c<\/p>\n<p>\u201eMorgen bist Du nur noch morgen da.\u201c<\/p>\n<p>\u201eJa. Stimmt.\u201c<\/p>\n<p>\u201eDas ist schlimm.\u201c<\/p>\n<p>\u201eJa.\u201c<\/p>\n<p>\u201eWillst Du dr\u00fcber reden?\u201c<\/p>\n<p>\u201eNein.\u201c<\/p>\n<p>Schweigend gehen sie weiter. Im Hotel verstecken sie sich vor drau\u00dfen.<\/p>\n<p>Vielleicht hoffen sie, dass die Uhr am Stadtturm einfach stehen bleibt.<\/p>\n<p>Aber in der Schweiz sind die Uhren gnadenlos.<\/p>\n","protected":false},"excerpt":{"rendered":"<p>scheisszeitenwende 114 &nbsp; Am Nachmittag bleiben Klara und Hans im Hotel. Sp\u00e4ter machen sie einen Spaziergang durch die Altstadt und stellen sich vor, sie w\u00fcrden ganz von vorn in eine Dachwohnung mit Erkerfenstern anfangen. Sie essen eine Kleinigkeit in einer Brasserie am verd\u00e4mmernden See. \u201eUnd was jetzt?\u201c, fragt Klara. Hans wei\u00df es auch nicht. Ihm [&hellip;]<\/p>\n","protected":false},"author":3,"featured_media":5528,"comment_status":"closed","ping_status":"closed","sticky":false,"template":"","format":"standard","meta":{"footnotes":""},"categories":[932],"tags":[],"class_list":["post-5527","post","type-post","status-publish","format-standard","has-post-thumbnail","hentry","category-scheiss-zeitenwende","has-post-title","has-post-date","has-post-category","has-post-tag","has-post-comment","has-post-author",""],"_links":{"self":[{"href":"https:\/\/vettensjournal.de\/klassischer-journalismus\/wp-json\/wp\/v2\/posts\/5527","targetHints":{"allow":["GET"]}}],"collection":[{"href":"https:\/\/vettensjournal.de\/klassischer-journalismus\/wp-json\/wp\/v2\/posts"}],"about":[{"href":"https:\/\/vettensjournal.de\/klassischer-journalismus\/wp-json\/wp\/v2\/types\/post"}],"author":[{"embeddable":true,"href":"https:\/\/vettensjournal.de\/klassischer-journalismus\/wp-json\/wp\/v2\/users\/3"}],"replies":[{"embeddable":true,"href":"https:\/\/vettensjournal.de\/klassischer-journalismus\/wp-json\/wp\/v2\/comments?post=5527"}],"version-history":[{"count":1,"href":"https:\/\/vettensjournal.de\/klassischer-journalismus\/wp-json\/wp\/v2\/posts\/5527\/revisions"}],"predecessor-version":[{"id":5537,"href":"https:\/\/vettensjournal.de\/klassischer-journalismus\/wp-json\/wp\/v2\/posts\/5527\/revisions\/5537"}],"wp:featuredmedia":[{"embeddable":true,"href":"https:\/\/vettensjournal.de\/klassischer-journalismus\/wp-json\/wp\/v2\/media\/5528"}],"wp:attachment":[{"href":"https:\/\/vettensjournal.de\/klassischer-journalismus\/wp-json\/wp\/v2\/media?parent=5527"}],"wp:term":[{"taxonomy":"category","embeddable":true,"href":"https:\/\/vettensjournal.de\/klassischer-journalismus\/wp-json\/wp\/v2\/categories?post=5527"},{"taxonomy":"post_tag","embeddable":true,"href":"https:\/\/vettensjournal.de\/klassischer-journalismus\/wp-json\/wp\/v2\/tags?post=5527"}],"curies":[{"name":"wp","href":"https:\/\/api.w.org\/{rel}","templated":true}]}}