{"id":5452,"date":"2025-11-12T16:02:00","date_gmt":"2025-11-12T16:02:00","guid":{"rendered":"https:\/\/vettensjournal.de\/klassischer-journalismus\/?p=5452"},"modified":"2025-11-12T16:02:00","modified_gmt":"2025-11-12T16:02:00","slug":"mordechal","status":"publish","type":"post","link":"https:\/\/vettensjournal.de\/klassischer-journalismus\/mordechal\/","title":{"rendered":"MORDECHAL"},"content":{"rendered":"<p><em>scheisszeitenwende 110<\/em><\/p>\n<p>Jules Pascin.<\/p>\n<p>Ein Gro\u00dfer seiner Zeit. Der \u201ePrinz von Montparnasse\u201c.<\/p>\n<p>Geboren 1885 im bulgarischen Vidin. Mit der Familie nach Bukarest umgezogen. Mit elf ins Internat in Wien. Der Junge ist begabt, sagten die Lehrer. Kunst-Studium. Weiteres Studium in M\u00fcnchen, er zeichnete f\u00fcr den <em>Simplizissimus<\/em>, sein Talent sprach sich herum. Als er 1905 nach Paris zog \u2013 aus diesem Anlass nannte sich er sich von Mordechal Pincas in Jules Pascin um &#8211; erwarteten ihn an der <em>Gare <\/em>schon die Kollegen und zogen ihn erstmal ins <em>Caf\u00e9 du D\u00f4me<\/em>. Dort und in ungez\u00e4hlten anderen Restaurants, Caf\u00e9s, Kaschemmen, Kneipen, Boudoirs, Theatern, Bordellen und Salons wurde er in den folgenden Jahren zum Inventar. Der Pascin mit seiner unversch\u00e4mten Begabung, seinem Dauer-Rausch, seinen wechselnden Br\u00e4uten und dem Bowler auf dem nachl\u00e4ssig frisierten dunkeln Scheitel war der Inbegriff eines Pariser Bohemiens. Eines genialen Menschen auch, der seine Begabung ohne R\u00fccksicht auf sich selbst ausreizte.<\/p>\n<p>W\u00e4hrend des Ersten Weltkriegs nahm er in den USA eine bemerkenswerte Auszeit von Europa, danach kam er wieder.<\/p>\n<p>Er war erfolgreich. Beliebt war Jules Pascin auch. Man wollte sein Freund sein. Wo er war, tanzte der Montparnasse. Auszug aus seiner Freundesliste: Grossman, Grosz, Wiliam Howard, Levy, Emil Orlic, Modigliani, Walt Kuhn, Kandinsky, Klee, Feininger\u2026<\/p>\n<p>Er war der Meister der Frauenakte.<\/p>\n<p>Er war der F\u00fcrst der Trunkenbolde.<\/p>\n","protected":false},"excerpt":{"rendered":"<p>scheisszeitenwende 110 Jules Pascin. Ein Gro\u00dfer seiner Zeit. Der \u201ePrinz von Montparnasse\u201c. Geboren 1885 im bulgarischen Vidin. Mit der Familie nach Bukarest umgezogen. Mit elf ins Internat in Wien. Der Junge ist begabt, sagten die Lehrer. Kunst-Studium. Weiteres Studium in M\u00fcnchen, er zeichnete f\u00fcr den Simplizissimus, sein Talent sprach sich herum. Als er 1905 nach [&hellip;]<\/p>\n","protected":false},"author":3,"featured_media":5453,"comment_status":"closed","ping_status":"closed","sticky":false,"template":"","format":"standard","meta":{"footnotes":""},"categories":[932],"tags":[],"class_list":["post-5452","post","type-post","status-publish","format-standard","has-post-thumbnail","hentry","category-scheiss-zeitenwende","has-post-title","has-post-date","has-post-category","has-post-tag","has-post-comment","has-post-author",""],"_links":{"self":[{"href":"https:\/\/vettensjournal.de\/klassischer-journalismus\/wp-json\/wp\/v2\/posts\/5452","targetHints":{"allow":["GET"]}}],"collection":[{"href":"https:\/\/vettensjournal.de\/klassischer-journalismus\/wp-json\/wp\/v2\/posts"}],"about":[{"href":"https:\/\/vettensjournal.de\/klassischer-journalismus\/wp-json\/wp\/v2\/types\/post"}],"author":[{"embeddable":true,"href":"https:\/\/vettensjournal.de\/klassischer-journalismus\/wp-json\/wp\/v2\/users\/3"}],"replies":[{"embeddable":true,"href":"https:\/\/vettensjournal.de\/klassischer-journalismus\/wp-json\/wp\/v2\/comments?post=5452"}],"version-history":[{"count":1,"href":"https:\/\/vettensjournal.de\/klassischer-journalismus\/wp-json\/wp\/v2\/posts\/5452\/revisions"}],"predecessor-version":[{"id":5454,"href":"https:\/\/vettensjournal.de\/klassischer-journalismus\/wp-json\/wp\/v2\/posts\/5452\/revisions\/5454"}],"wp:featuredmedia":[{"embeddable":true,"href":"https:\/\/vettensjournal.de\/klassischer-journalismus\/wp-json\/wp\/v2\/media\/5453"}],"wp:attachment":[{"href":"https:\/\/vettensjournal.de\/klassischer-journalismus\/wp-json\/wp\/v2\/media?parent=5452"}],"wp:term":[{"taxonomy":"category","embeddable":true,"href":"https:\/\/vettensjournal.de\/klassischer-journalismus\/wp-json\/wp\/v2\/categories?post=5452"},{"taxonomy":"post_tag","embeddable":true,"href":"https:\/\/vettensjournal.de\/klassischer-journalismus\/wp-json\/wp\/v2\/tags?post=5452"}],"curies":[{"name":"wp","href":"https:\/\/api.w.org\/{rel}","templated":true}]}}