{"id":5419,"date":"2025-10-30T10:57:34","date_gmt":"2025-10-30T10:57:34","guid":{"rendered":"https:\/\/vettensjournal.de\/klassischer-journalismus\/?p=5419"},"modified":"2025-10-30T10:57:34","modified_gmt":"2025-10-30T10:57:34","slug":"hemingway","status":"publish","type":"post","link":"https:\/\/vettensjournal.de\/klassischer-journalismus\/hemingway\/","title":{"rendered":"HEMINGWAY"},"content":{"rendered":"<p><em>scheisszeitenwende 100<\/em><\/p>\n<p>&nbsp;<\/p>\n<p>Yves f\u00e4hrt fort im Prolog von \u201eDer gro\u00dfe Rausch\u201c.<\/p>\n<p><em>\u00a0<\/em><\/p>\n<p><em>1923 sprach es sich unter den K\u00fcnstlern in Paris herum, dass sich etwas Gro\u00dfes auf dem Boulevard Montparnasse tut.<\/em><\/p>\n<p><em>\u201eWer da mitmacht, hat\u2019s geschafft.\u201c \u201eDie zahlen fast nix, aber bei der Er\u00f6ffnung ist man dabei.\u201c \u201eDas wird das Fest des Jahrhunderts.\u201c<\/em><\/p>\n<p><em>Und so standen die Gro\u00dfen Schlange, um arbeiten zu d\u00fcrfen. P\u00fcnktlich zur Er\u00f6ffnung waren alle wichtigen W\u00e4nde und vor allem die S\u00e4ulen angemalt.<\/em><\/p>\n<p>Le Select<em>! Die Adresse des Jahres!<\/em><\/p>\n<p><em>Dann war erster Abend.<\/em><\/p>\n<p><em>Was f\u00fcr eine Party! <\/em><\/p>\n<p><em>Eintausendvierhundert Flaschen Champagner reichten nicht, fr\u00fchmorgens wurde Nachschub beschafft. Auf der G\u00e4steliste tout Paris, neben Anderen: Jean Cocteau, Pierre Benoit, Kisling, Foujita, Man Ray, Louis Aragon, Maurice Sachs, Andr\u00e9 Salmon, Maurice Vlaminck, Henri B\u00e9raut, Blaise Cendrars.<\/em><\/p>\n<p><em>Die Gl\u00fccklichen unter den Genies soffen Schampus.<\/em><\/p>\n<p><em>Die Kreativen bezahlten ihre Zechen mit Bildern.<\/em><\/p>\n<p><em>Der Rest hatte Hunger. Hemingway:<\/em><\/p>\n<p><em>\u201eWenn man in Paris nicht genug a\u00df, bekam man gro\u00dfen Hunger, denn die vielen B\u00e4ckereien hatten so gute Sachen in den Schaufenstern, und drau\u00dfen auf den B\u00fcrgersteigen sa\u00dfen Leute an den Tischen und a\u00dfen, sodass man \u00fcberall Essen sah und roch\u2026<\/em><\/p>\n<p><em>Da verzogst Du Dich am besten in den Jardin du Luxembourg, wo Du auf der ganzen Strecke von der Place de l\u2019Observatoire bis zur rue du Vaugirard nichts Essbares zu sehen oder zu riechen bekamst. Dort konntest Du noch immer ins Museum gehen, und alte Bilder wirkten interessanter und klarer und sch\u00f6ner, wenn Dein Bauch vollkommen leer war.<\/em><\/p>\n<p><em>Da war das \u201eHochklosett des alten Mietshauses auf dem Treppenabsatz, mit zwei geriffelten schuhgro\u00dfen Erh\u00f6hungen aus Zement links und rechts der \u00d6ffnung im Boden, damit der locataire nicht ausrutschte, es entleerte sich in eine Senkgrube, deren Inhalt nachts in von Pferden gezogene Tankwagen gepumpt wurde. Im Sommer, wenn alle Fenster offen standen, h\u00f6rtest Du die Pumpen, und der Gestank war enorm. Die Tankwagen waren braun und safrangelb gestrichen und wenn sie sich bei Mondschein die rue herunter arbeiteten, sahen die Zylinder auf den Pferdekarren aus wie Gem\u00e4lde von Braque.\u201c<\/em><\/p>\n<p><em>\u00a0<\/em><\/p>\n<p><em>Paris verschlang seine Genies.<\/em><\/p>\n<p><em>Sie st\u00fcrzten sich in einen Strudel der L\u00fcste und Leidenschaften.<\/em><\/p>\n<p><em>Sie wurden zu Sternschnuppen der Kunst \u2013 strahlten hell und scheinbar f\u00fcr die Ewigkeit, verbrannten sich, waren aus der Welt.<\/em><\/p>\n<p><em>Paris berauschte sich an sich selbst.<\/em><\/p>\n<p><em>Wer hier leben wollte \u2013 so richtig leben -, wagte den gr\u00f6\u00dften Einsatz, den man sich nur vorstellen kann:<\/em><\/p>\n<p><em>Er setzte aufs Gewinnen.<\/em><\/p>\n<p><em>Dabei ging es um sein Leben.<\/em><\/p>\n<p><em>\u00a0<\/em><\/p>\n<p><em>Davon handelt dieses Buch.<\/em><\/p>\n<p><em>\u00a0<\/em><\/p>\n<p>Der alte Handelsmann der Kunst schiebt das Manuskript von sich.<\/p>\n<p>Er blickt seine Besucher an \u2013 er ist stolz und \u00e4ngstlich und ersch\u00f6pfte. Yves fragt:<\/p>\n<p>\u201eUnd?\u201c<\/p>\n","protected":false},"excerpt":{"rendered":"<p>scheisszeitenwende 100 &nbsp; Yves f\u00e4hrt fort im Prolog von \u201eDer gro\u00dfe Rausch\u201c. \u00a0 1923 sprach es sich unter den K\u00fcnstlern in Paris herum, dass sich etwas Gro\u00dfes auf dem Boulevard Montparnasse tut. \u201eWer da mitmacht, hat\u2019s geschafft.\u201c \u201eDie zahlen fast nix, aber bei der Er\u00f6ffnung ist man dabei.\u201c \u201eDas wird das Fest des Jahrhunderts.\u201c Und [&hellip;]<\/p>\n","protected":false},"author":3,"featured_media":4955,"comment_status":"closed","ping_status":"closed","sticky":false,"template":"","format":"standard","meta":{"footnotes":""},"categories":[932],"tags":[],"class_list":["post-5419","post","type-post","status-publish","format-standard","has-post-thumbnail","hentry","category-scheiss-zeitenwende","has-post-title","has-post-date","has-post-category","has-post-tag","has-post-comment","has-post-author",""],"_links":{"self":[{"href":"https:\/\/vettensjournal.de\/klassischer-journalismus\/wp-json\/wp\/v2\/posts\/5419","targetHints":{"allow":["GET"]}}],"collection":[{"href":"https:\/\/vettensjournal.de\/klassischer-journalismus\/wp-json\/wp\/v2\/posts"}],"about":[{"href":"https:\/\/vettensjournal.de\/klassischer-journalismus\/wp-json\/wp\/v2\/types\/post"}],"author":[{"embeddable":true,"href":"https:\/\/vettensjournal.de\/klassischer-journalismus\/wp-json\/wp\/v2\/users\/3"}],"replies":[{"embeddable":true,"href":"https:\/\/vettensjournal.de\/klassischer-journalismus\/wp-json\/wp\/v2\/comments?post=5419"}],"version-history":[{"count":1,"href":"https:\/\/vettensjournal.de\/klassischer-journalismus\/wp-json\/wp\/v2\/posts\/5419\/revisions"}],"predecessor-version":[{"id":5420,"href":"https:\/\/vettensjournal.de\/klassischer-journalismus\/wp-json\/wp\/v2\/posts\/5419\/revisions\/5420"}],"wp:featuredmedia":[{"embeddable":true,"href":"https:\/\/vettensjournal.de\/klassischer-journalismus\/wp-json\/wp\/v2\/media\/4955"}],"wp:attachment":[{"href":"https:\/\/vettensjournal.de\/klassischer-journalismus\/wp-json\/wp\/v2\/media?parent=5419"}],"wp:term":[{"taxonomy":"category","embeddable":true,"href":"https:\/\/vettensjournal.de\/klassischer-journalismus\/wp-json\/wp\/v2\/categories?post=5419"},{"taxonomy":"post_tag","embeddable":true,"href":"https:\/\/vettensjournal.de\/klassischer-journalismus\/wp-json\/wp\/v2\/tags?post=5419"}],"curies":[{"name":"wp","href":"https:\/\/api.w.org\/{rel}","templated":true}]}}