{"id":5411,"date":"2025-10-28T20:18:07","date_gmt":"2025-10-28T20:18:07","guid":{"rendered":"https:\/\/vettensjournal.de\/klassischer-journalismus\/?p=5411"},"modified":"2025-10-29T06:00:22","modified_gmt":"2025-10-29T06:00:22","slug":"der-rausch","status":"publish","type":"post","link":"https:\/\/vettensjournal.de\/klassischer-journalismus\/der-rausch\/","title":{"rendered":"DER RAUSCH"},"content":{"rendered":"<p><em>scheisszeitenwende 98<\/em><\/p>\n<p>&nbsp;<\/p>\n<p>\u201eWartet!\u201c<\/p>\n<p>Der alte Mann verschwindet durch eine unscheinbare T\u00fcr \u2013 wahrscheinlich ist auf der anderen Seite der Lagerraum. Hans und Clara h\u00f6ren den Mann schieben und r\u00e4umen, \u00e4chzen und vor sich hin reden.<\/p>\n<p>\u201eDas muss doch hier sein. Gopferdeckel! Was soll i mit d\u00e4m Scheiss-Picasso? &#8211; Verdammi! I s\u00f6tt w\u00fcrkli mal es bitzeli Ordning i d\u00e4 Puff bringe. &#8211; Da find jo kei Sau meh \u00f6ppis! &#8211; Huere Siech! Wo han i d Bilder vom Walser? Viellicht s\u00f6tt i e chli weniger suufe&#8230;? Ah, do sind si jo! Also: wiitersuuufe!\u201c<\/p>\n<p>\u201eEr ist ja ein wahres Abenteuer\u201c, sagt Clara.<\/p>\n<p>\u201eJa, das ist er.\u201c<\/p>\n<p>\u201eWas glaubst du, was bringt er jetzt?\u201c<\/p>\n<p>\u201eWie? Was ich bringe? Fragt mich doch gleich selbst.\u201c<\/p>\n<p>Yves steht in der T\u00fcr und hat die Arme voll. Er schlurft zum gro\u00dfen Tisch, breitet alles, was er gefunden hat, aus.<\/p>\n<p>\u201eDa!\u201c<\/p>\n<p>Manuskripte. Lose Papiere. Zeitungsausrisse. B\u00fccher. Ungerahmte Bilder und Zeichnungen. Alte Tonb\u00e4nder.<\/p>\n<p>\u201eWas? Da?\u201c, fragt Hans.<\/p>\n<p>\u201eMein neuer Roman.\u201c<\/p>\n<p>\u201eIch verstehe nicht ganz. Dein neuer Roman? Gibt es denn alte Romane?\u201c<\/p>\n<p>\u201eEh nicht. Ich habe immer wieder welche probiert. Zu Ende geschrieben habe ich sie nicht, aber den da \u2013 der das wird fertig.\u201c<\/p>\n<p>\u201eWie weit bist denn? Thema? Bis jetzt versteh\u2018 ich nix.\u201c<\/p>\n<p>Der Anfang sei hart, erkl\u00e4rt Yves. Soviel Stoff. So viele Ideen. \u201eEins wei\u00df ich. Es wird gro\u00dfartig.\u201c<\/p>\n<p>\u201eHast schon einen Titel?\u201c<\/p>\n<p>\u201eArbeitstitel. Arbeitstitel.\u201c<\/p>\n<p>\u201eUnd?\u201c<\/p>\n<p>\u201eAber keinem verraten.\u201c<\/p>\n<p>Klar, man wird das f\u00fcr sich behalten.<\/p>\n<p>\u201eDer Arbeitstitel ist\u2026<\/p>\n<p>Yves macht eine gro\u00dfe Pause, an dem Mann ist ein Mime verloren gegangen.<\/p>\n<p>Dann:<\/p>\n<p>Sotto voce:<\/p>\n<p>\u201eYvresse &#8211; der gro\u00dfe Rausch.\u201c<\/p>\n","protected":false},"excerpt":{"rendered":"<p>scheisszeitenwende 98 &nbsp; \u201eWartet!\u201c Der alte Mann verschwindet durch eine unscheinbare T\u00fcr \u2013 wahrscheinlich ist auf der anderen Seite der Lagerraum. Hans und Clara h\u00f6ren den Mann schieben und r\u00e4umen, \u00e4chzen und vor sich hin reden. \u201eDas muss doch hier sein. Gopferdeckel! Was soll i mit d\u00e4m Scheiss-Picasso? &#8211; Verdammi! I s\u00f6tt w\u00fcrkli mal es [&hellip;]<\/p>\n","protected":false},"author":3,"featured_media":2755,"comment_status":"closed","ping_status":"closed","sticky":false,"template":"","format":"standard","meta":{"footnotes":""},"categories":[932],"tags":[],"class_list":["post-5411","post","type-post","status-publish","format-standard","has-post-thumbnail","hentry","category-scheiss-zeitenwende","has-post-title","has-post-date","has-post-category","has-post-tag","has-post-comment","has-post-author",""],"_links":{"self":[{"href":"https:\/\/vettensjournal.de\/klassischer-journalismus\/wp-json\/wp\/v2\/posts\/5411","targetHints":{"allow":["GET"]}}],"collection":[{"href":"https:\/\/vettensjournal.de\/klassischer-journalismus\/wp-json\/wp\/v2\/posts"}],"about":[{"href":"https:\/\/vettensjournal.de\/klassischer-journalismus\/wp-json\/wp\/v2\/types\/post"}],"author":[{"embeddable":true,"href":"https:\/\/vettensjournal.de\/klassischer-journalismus\/wp-json\/wp\/v2\/users\/3"}],"replies":[{"embeddable":true,"href":"https:\/\/vettensjournal.de\/klassischer-journalismus\/wp-json\/wp\/v2\/comments?post=5411"}],"version-history":[{"count":1,"href":"https:\/\/vettensjournal.de\/klassischer-journalismus\/wp-json\/wp\/v2\/posts\/5411\/revisions"}],"predecessor-version":[{"id":5413,"href":"https:\/\/vettensjournal.de\/klassischer-journalismus\/wp-json\/wp\/v2\/posts\/5411\/revisions\/5413"}],"wp:featuredmedia":[{"embeddable":true,"href":"https:\/\/vettensjournal.de\/klassischer-journalismus\/wp-json\/wp\/v2\/media\/2755"}],"wp:attachment":[{"href":"https:\/\/vettensjournal.de\/klassischer-journalismus\/wp-json\/wp\/v2\/media?parent=5411"}],"wp:term":[{"taxonomy":"category","embeddable":true,"href":"https:\/\/vettensjournal.de\/klassischer-journalismus\/wp-json\/wp\/v2\/categories?post=5411"},{"taxonomy":"post_tag","embeddable":true,"href":"https:\/\/vettensjournal.de\/klassischer-journalismus\/wp-json\/wp\/v2\/tags?post=5411"}],"curies":[{"name":"wp","href":"https:\/\/api.w.org\/{rel}","templated":true}]}}