{"id":5405,"date":"2025-10-23T14:54:13","date_gmt":"2025-10-23T14:54:13","guid":{"rendered":"https:\/\/vettensjournal.de\/klassischer-journalismus\/?p=5405"},"modified":"2025-10-23T14:54:13","modified_gmt":"2025-10-23T14:54:13","slug":"yves","status":"publish","type":"post","link":"https:\/\/vettensjournal.de\/klassischer-journalismus\/yves\/","title":{"rendered":"YVES"},"content":{"rendered":"<p><em>scheisszeitenwende 96<\/em><\/p>\n<p>&nbsp;<\/p>\n<p>Yves.<\/p>\n<p>\u201eWas w\u00e4nd Ihr?\u201c<\/p>\n<p>Er studiert die Kunden. Dann: Das ist doch?<\/p>\n<p>\u201eDu bisch doch de Manager! Ich han gmeint, du lebsch n\u00fcm. W\u00e4nn bisch du s\u2019letscht Mal da gsi?\u201c<\/p>\n<p>Ja, sagt grinsend Hans Krohn. Er sei \u201eder Manager\u201c.<\/p>\n<p>Was all das denn hei\u00dfen solle, fragt Clara.<\/p>\n<p>Yves hat f\u00fcr alle Menschen, die er sich merken will, eine eigene Bezeichnung.<\/p>\n<p>\u201eIch bruuche das. Name cha ich mir n\u00f6d merke. Das isch mini Eselsbrugg. Wie mir eus s\u2019erscht Mal gseh h\u00e4nd, het d\u00e4 Typ en Anzug a gha. Aber susch isch er ganz nett gsi. Drum het er es Wort \u00fcbercho \u2013 dr Manager.\u201c<\/p>\n<p>Yves k\u00fcmmert sich nicht um Clara, die Sorgenfalten auf der Stirn bekommt, weil sie nicht folgen kann. Hans \u00fcbernimmt das Dolmetschen:<\/p>\n<p>Yves brauche seine Eselsbr\u00fccken, weil es mit dem Namen-Merken hapere. Als man sich zum ersten Mal \u00fcber den Weg lief, habe Hans einen Anzug getragen, echter Business-Typ. Aber sonst sei er okay gewesen. Also habe er seinen Namen weg gehabt. \u201eManager\u201c.<\/p>\n<p>Krohn wendet sich an den Antiken-H\u00e4ndler:<\/p>\n<p>\u201eYves, ich wei\u00df, Du kannst das. Und weil Clara eine ganz Nette ist, bitte ich Dich. Red\u2018 Deutsch mit uns.\u201c<\/p>\n<p>Yves grinst.<\/p>\n<p>Seine F\u00fc\u00dfe stecken in r\u00e4udigen Jesus-Latschen. Die graue Anzughose ist an den Knien und am Hintern fadenscheinig, das Hemd ungewaschen und vom Rotwein fleckig. Yves\u2018 H\u00e4nde zittern, seine Lider flattern, Pupillen und Iris schwimmen in rotem Ge\u00e4der. Er hat eingefallene Wangen, grau-lila Haut, ungek\u00e4mmtes schmutzig-wei\u00dfes Haar. Yves ist ein alter Mann, dessen K\u00f6rper zu sterben begonnen hat.<\/p>\n<p>Aber er lacht wie der Bruder von Charly Rivel, dem Menschen unter den Clowns.<\/p>\n<p>\u201eCh\u00f6med doch r\u00fcber. Ich han da en herrliche Rote. Grad das Richtige vor em Zmittag. L\u00f6nd eus es bitzli verplaudere. Und ich m\u00f6cht eu \u00f6ppis zeige. Weisch, was ich aagfange han, Manager? Uf mini alte Tage schriib ich en Roman.\u201c<\/p>\n<p>Seuzend \u00fcbersetzt Krohn:<\/p>\n<p>\u201eKommt doch r\u00fcber. Ich habe da einen herrlichen Roten. Gerade das Rechte vor dem Mittagessen. Lasst uns ein wenig plaudern. und ich m\u00f6chte euch etwas zeigen. Wei\u00dft du, was ich angefangen habe, Manager? Auf meine alten Tage schreibe ich einen Roman.<\/p>\n<p>Sie gehen hin\u00fcber in den Raum, den normale Kunden nicht betreten. Yves dreht sich um.<\/p>\n<p>\u201eAha, ja \u2013 wie heisst d\u2019charma\u00f1ti Lady da? Sie gseht ja ganz sympatisch us! Drum red ich grad nume no D\u00fctsch. Ch\u00f6med, ch\u00f6med!\u201c<\/p>\n","protected":false},"excerpt":{"rendered":"<p>scheisszeitenwende 96 &nbsp; Yves. \u201eWas w\u00e4nd Ihr?\u201c Er studiert die Kunden. Dann: Das ist doch? \u201eDu bisch doch de Manager! Ich han gmeint, du lebsch n\u00fcm. W\u00e4nn bisch du s\u2019letscht Mal da gsi?\u201c Ja, sagt grinsend Hans Krohn. Er sei \u201eder Manager\u201c. Was all das denn hei\u00dfen solle, fragt Clara. Yves hat f\u00fcr alle Menschen, [&hellip;]<\/p>\n","protected":false},"author":3,"featured_media":5406,"comment_status":"closed","ping_status":"closed","sticky":false,"template":"","format":"standard","meta":{"footnotes":""},"categories":[932],"tags":[],"class_list":["post-5405","post","type-post","status-publish","format-standard","has-post-thumbnail","hentry","category-scheiss-zeitenwende","has-post-title","has-post-date","has-post-category","has-post-tag","has-post-comment","has-post-author",""],"_links":{"self":[{"href":"https:\/\/vettensjournal.de\/klassischer-journalismus\/wp-json\/wp\/v2\/posts\/5405","targetHints":{"allow":["GET"]}}],"collection":[{"href":"https:\/\/vettensjournal.de\/klassischer-journalismus\/wp-json\/wp\/v2\/posts"}],"about":[{"href":"https:\/\/vettensjournal.de\/klassischer-journalismus\/wp-json\/wp\/v2\/types\/post"}],"author":[{"embeddable":true,"href":"https:\/\/vettensjournal.de\/klassischer-journalismus\/wp-json\/wp\/v2\/users\/3"}],"replies":[{"embeddable":true,"href":"https:\/\/vettensjournal.de\/klassischer-journalismus\/wp-json\/wp\/v2\/comments?post=5405"}],"version-history":[{"count":1,"href":"https:\/\/vettensjournal.de\/klassischer-journalismus\/wp-json\/wp\/v2\/posts\/5405\/revisions"}],"predecessor-version":[{"id":5407,"href":"https:\/\/vettensjournal.de\/klassischer-journalismus\/wp-json\/wp\/v2\/posts\/5405\/revisions\/5407"}],"wp:featuredmedia":[{"embeddable":true,"href":"https:\/\/vettensjournal.de\/klassischer-journalismus\/wp-json\/wp\/v2\/media\/5406"}],"wp:attachment":[{"href":"https:\/\/vettensjournal.de\/klassischer-journalismus\/wp-json\/wp\/v2\/media?parent=5405"}],"wp:term":[{"taxonomy":"category","embeddable":true,"href":"https:\/\/vettensjournal.de\/klassischer-journalismus\/wp-json\/wp\/v2\/categories?post=5405"},{"taxonomy":"post_tag","embeddable":true,"href":"https:\/\/vettensjournal.de\/klassischer-journalismus\/wp-json\/wp\/v2\/tags?post=5405"}],"curies":[{"name":"wp","href":"https:\/\/api.w.org\/{rel}","templated":true}]}}