{"id":5401,"date":"2025-10-22T11:23:12","date_gmt":"2025-10-22T11:23:12","guid":{"rendered":"https:\/\/vettensjournal.de\/klassischer-journalismus\/?p=5401"},"modified":"2025-10-22T11:23:12","modified_gmt":"2025-10-22T11:23:12","slug":"bechet-und-so","status":"publish","type":"post","link":"https:\/\/vettensjournal.de\/klassischer-journalismus\/bechet-und-so\/","title":{"rendered":"BECHET UND SO"},"content":{"rendered":"<p><em>scheisszeitenwende 95<\/em><\/p>\n<p>&nbsp;<\/p>\n<p>Der Laden.<\/p>\n<p>Sie m\u00fcssen am Kiosk vorbei, einmal \u00fcber die Stra\u00dfe, die hinunter zum See f\u00fchrt. Wenn sie sich umdrehen, sehen sie das Kunsthaus. Wenn sie sich nicht umdrehen, stehen sie vor der Auslage. Drucke. Bilder. Magazine. Schallplatten. Ein Drunter und Dr\u00fcber. Ein paar Preisschilder. Alles sauteuer.<\/p>\n<p>Yves verkauft keinen Ramsch.<\/p>\n<p>Im Laden schreit alles:<\/p>\n<p><em>Kauf nicht! Finde mich nicht! Geh wieder!<\/em><\/p>\n<p>Auf den Tischen Berge von Papier. Ungerahmte Bilder. Hundert Jahre alte Original-Abz\u00fcge genialer Fotografen.<\/p>\n<p>In den Regalen Erstausgaben, wild vermengt. Lyrik, Literatur, Reiseb\u00fccher, Philosophisches.<\/p>\n<p>In Ecken der R\u00e4ume Stapel mit Kult-Magazinen aus den Sechzigern und Siebzigern. Schuhkartons mit Autogrammen.<\/p>\n<p>An den W\u00e4nden Expressionisten. Kubistisches. Ein Klee, ein Kirchner, Picasso, Schweizer Wilde.<\/p>\n<p>Im Laden ist das Denken der letzten hundert Jahre gelandet. Dazwischen eine Ritterburg, ein Dutzend Blechautos, naturkundlkiche und technische Dioramen.<\/p>\n<p>Keine Kunden.<\/p>\n<p>Aus dem hinteren Raum ist Sidney Bechet zu h\u00f6ren.<\/p>\n<p>Hans sagt:<\/p>\n<p>\u201eAls ob er auf uns gewartet h\u00e4tte.\u201c<\/p>\n<p>Clara nickt.<\/p>\n<p>Bechet spielt \u201ePetite Fleur\u201c.<\/p>\n<p>Hans kann den Text.<\/p>\n<p style=\"text-align: center;\"><em>J&#8217;ai cach\u00e9<br \/>\nMieux que partout ailleurs<br \/>\nAu jardin de mon c\u0153ur<br \/>\nUne Petite fleur<\/p>\n<p><\/em><\/p>\n<p style=\"text-align: center;\"><em>Quand la vie<br \/>\nPar moment me trahit<br \/>\nTu restes mon bonheur<br \/>\nPetite fleur<br \/>\n<\/em><br \/>\n<em>Tief in mir drin, im Gew\u00e4chshaus meines Herzens, habe ich eine kleine Blume. Und wenn mich das Leben verarscht \u2013 dann gibt es immer den kleinen Trost. Die kleine Blume.<\/em><\/p>\n<p style=\"text-align: center;\">\n<p>Sie stehen in dem unaufger\u00e4umten Laden, in dem nichts verkauft werden soll und r\u00fchren sich nicht. Magischer Moment.<\/p>\n<p>Aus dem Nebenraum h\u00f6ren sie Schuhe schlurfen.<\/p>\n<p>Yves.<\/p>\n","protected":false},"excerpt":{"rendered":"<p>scheisszeitenwende 95 &nbsp; Der Laden. Sie m\u00fcssen am Kiosk vorbei, einmal \u00fcber die Stra\u00dfe, die hinunter zum See f\u00fchrt. Wenn sie sich umdrehen, sehen sie das Kunsthaus. Wenn sie sich nicht umdrehen, stehen sie vor der Auslage. Drucke. Bilder. Magazine. Schallplatten. Ein Drunter und Dr\u00fcber. Ein paar Preisschilder. Alles sauteuer. Yves verkauft keinen Ramsch. Im [&hellip;]<\/p>\n","protected":false},"author":3,"featured_media":5402,"comment_status":"closed","ping_status":"closed","sticky":false,"template":"","format":"standard","meta":{"footnotes":""},"categories":[932],"tags":[],"class_list":["post-5401","post","type-post","status-publish","format-standard","has-post-thumbnail","hentry","category-scheiss-zeitenwende","has-post-title","has-post-date","has-post-category","has-post-tag","has-post-comment","has-post-author",""],"_links":{"self":[{"href":"https:\/\/vettensjournal.de\/klassischer-journalismus\/wp-json\/wp\/v2\/posts\/5401","targetHints":{"allow":["GET"]}}],"collection":[{"href":"https:\/\/vettensjournal.de\/klassischer-journalismus\/wp-json\/wp\/v2\/posts"}],"about":[{"href":"https:\/\/vettensjournal.de\/klassischer-journalismus\/wp-json\/wp\/v2\/types\/post"}],"author":[{"embeddable":true,"href":"https:\/\/vettensjournal.de\/klassischer-journalismus\/wp-json\/wp\/v2\/users\/3"}],"replies":[{"embeddable":true,"href":"https:\/\/vettensjournal.de\/klassischer-journalismus\/wp-json\/wp\/v2\/comments?post=5401"}],"version-history":[{"count":1,"href":"https:\/\/vettensjournal.de\/klassischer-journalismus\/wp-json\/wp\/v2\/posts\/5401\/revisions"}],"predecessor-version":[{"id":5403,"href":"https:\/\/vettensjournal.de\/klassischer-journalismus\/wp-json\/wp\/v2\/posts\/5401\/revisions\/5403"}],"wp:featuredmedia":[{"embeddable":true,"href":"https:\/\/vettensjournal.de\/klassischer-journalismus\/wp-json\/wp\/v2\/media\/5402"}],"wp:attachment":[{"href":"https:\/\/vettensjournal.de\/klassischer-journalismus\/wp-json\/wp\/v2\/media?parent=5401"}],"wp:term":[{"taxonomy":"category","embeddable":true,"href":"https:\/\/vettensjournal.de\/klassischer-journalismus\/wp-json\/wp\/v2\/categories?post=5401"},{"taxonomy":"post_tag","embeddable":true,"href":"https:\/\/vettensjournal.de\/klassischer-journalismus\/wp-json\/wp\/v2\/tags?post=5401"}],"curies":[{"name":"wp","href":"https:\/\/api.w.org\/{rel}","templated":true}]}}