{"id":5399,"date":"2025-10-21T07:01:34","date_gmt":"2025-10-21T07:01:34","guid":{"rendered":"https:\/\/vettensjournal.de\/klassischer-journalismus\/?p=5399"},"modified":"2025-10-21T07:01:34","modified_gmt":"2025-10-21T07:01:34","slug":"rodin","status":"publish","type":"post","link":"https:\/\/vettensjournal.de\/klassischer-journalismus\/rodin\/","title":{"rendered":"RODIN"},"content":{"rendered":"<p><em>scheisszeitenwende 94<\/em><\/p>\n<p>&nbsp;<\/p>\n<p>Sie m\u00f6chte kurz verschnaufen, bevor sie ins Museum gehen. Das kommt Hans Krohn grad recht. Er holt das Handy aus der Jacke und erkl\u00e4rt, er habe da mal was vorbereitet.<\/p>\n<p>Aha?<\/p>\n<p>Clara findet die n\u00e4chste Bank, auf der sie rasten k\u00f6nnen. Sie l\u00e4chelt \u00fcber die Japaner, die vor lauter Sich-selbst-Fotografieren vergessen, in welchem Erdteil sie gerade reisen.<\/p>\n<p>\u201eHier isses\u201c, sagt Hans und liest vor.<\/p>\n<p><em>\u201eDurch mich geht es zur Stadt der Leiden,<br \/>\nDurch mich geht es zum ewigen Schmerz ,<br \/>\nDurch mich geht es zu den verlorenen Menschen.<br \/>\nLasciate ogni speranza, voi ch&#8217;entrate!<br \/>\nDie ihr hereinkommt: Lasst alle Hoffnung fahren!\u201c<\/em><\/p>\n<p>Und dann zum Schluss.<\/p>\n<p><em>Wir stiegen aufw\u00e4rts,<br \/>\nBis ich durch ein rundes Loch die sch\u00f6nen Dinge sah,<br \/>\nDie der Himmel tr\u00e4gt.<br \/>\nE quindi uscimmo a riveder le stelle.<br \/>\nDann traten wir hinaus und sahen die Sterne wieder.\u201c<\/em><\/p>\n<p>\u201eMuss ich jetzt was wissen?\u201c<\/p>\n<p>\u201eDas ist Dante. <em>Inferno.<\/em> Ohne den Dante h\u00e4tte es das nicht gegeben.\u201c<\/p>\n<p>Er zeigt auf zur Fassade des Kunsthauses.<\/p>\n<p>\u201eAch, verstehe. Das <em>H\u00f6llentor.<\/em>\u201c<\/p>\n<p>\u201eJawoll. Darf ich vorstellen? <em>H\u00f6llentor.<\/em> Sieben Meter hoch. Lebenswerk. 186 Figuren aus dem<em> Inferno<\/em> von Dante. <em>H\u00f6llentor.<\/em> Rodin. Ist das nicht gro\u00dfartig?\u201c<\/p>\n<p>Ja, sagt sie. Manchmal, wenn\u00a0 sie in Z\u00fcrich ist und das Museum besuchen will, schafft sie es gar nicht in die Hallen.<\/p>\n<p>\u201eDann bleibe ich vor dem <em>H\u00f6llentor<\/em> stehen unmd staune. Und entdecke wieder etwas Neues.\u201c<\/p>\n<p>Zum Beispiel?<\/p>\n<p>Sie nimmt ihn an der Hand und f\u00fchrt ihn vor \u201e<em>Die Kauernde\u201c.<\/em><\/p>\n<p>Die hat Hans noch nie so recht wahrgenommen. \u201eDu hast Recht.\u201c<\/p>\n<p>\u201eWomit habe ich Recht?\u201c<\/p>\n<p>\u201eWir gehen nicht ins Museum.\u201c<\/p>\n<p>\u201eNicht?\u201c<\/p>\n<p>\u201eNein.<\/p>\n<p>Zuerst kaufe ich uns dr\u00fcben am Kiosk ein Sandwich.\u201c<\/p>\n<p>\u201eUnd ein Bier, bitte.\u201c<\/p>\n<p>\u201eUnd ein Bier.\u201c<\/p>\n<p>\u201eJa, und ein Bier.\u201c<\/p>\n<p>\u201eUnd dann k\u00f6nnen wir \u00fcbers Leben nachdenken.\u201c<\/p>\n<p>\u201eUnd wenn wir fertig sind mit Nachdenken?\u201c<\/p>\n<p>\u201eDann schmei\u00dfen wir die Dosen und das Sandwich-Papier in den Abfall.\u201c<\/p>\n<p>\u201eUnd dann?\u201c<\/p>\n<p>\u201eWie bitte? Achso. Nicht, was Du denkst.\u201c<\/p>\n<p>\u201eSchade.\u201c<\/p>\n<p>\u201eLass Dich \u00fcberraschen.\u201c<\/p>\n<p>\u201eWill keine \u00dcberraschung. Will. Wissen. Jetzt.\u201c<\/p>\n<p>\u201eNa gut:<\/p>\n<p>Dann besuchen wir Yves.\u201c<\/p>\n<p>\u201eWer ist Yves?\u201c<\/p>\n<p>\u201eToller Typ. Er wird sich freuen. Wenn er noch lebt.\u201c<\/p>\n","protected":false},"excerpt":{"rendered":"<p>scheisszeitenwende 94 &nbsp; Sie m\u00f6chte kurz verschnaufen, bevor sie ins Museum gehen. Das kommt Hans Krohn grad recht. Er holt das Handy aus der Jacke und erkl\u00e4rt, er habe da mal was vorbereitet. Aha? Clara findet die n\u00e4chste Bank, auf der sie rasten k\u00f6nnen. Sie l\u00e4chelt \u00fcber die Japaner, die vor lauter Sich-selbst-Fotografieren vergessen, in [&hellip;]<\/p>\n","protected":false},"author":3,"featured_media":5398,"comment_status":"closed","ping_status":"closed","sticky":false,"template":"","format":"standard","meta":{"footnotes":""},"categories":[932],"tags":[],"class_list":["post-5399","post","type-post","status-publish","format-standard","has-post-thumbnail","hentry","category-scheiss-zeitenwende","has-post-title","has-post-date","has-post-category","has-post-tag","has-post-comment","has-post-author",""],"_links":{"self":[{"href":"https:\/\/vettensjournal.de\/klassischer-journalismus\/wp-json\/wp\/v2\/posts\/5399","targetHints":{"allow":["GET"]}}],"collection":[{"href":"https:\/\/vettensjournal.de\/klassischer-journalismus\/wp-json\/wp\/v2\/posts"}],"about":[{"href":"https:\/\/vettensjournal.de\/klassischer-journalismus\/wp-json\/wp\/v2\/types\/post"}],"author":[{"embeddable":true,"href":"https:\/\/vettensjournal.de\/klassischer-journalismus\/wp-json\/wp\/v2\/users\/3"}],"replies":[{"embeddable":true,"href":"https:\/\/vettensjournal.de\/klassischer-journalismus\/wp-json\/wp\/v2\/comments?post=5399"}],"version-history":[{"count":1,"href":"https:\/\/vettensjournal.de\/klassischer-journalismus\/wp-json\/wp\/v2\/posts\/5399\/revisions"}],"predecessor-version":[{"id":5400,"href":"https:\/\/vettensjournal.de\/klassischer-journalismus\/wp-json\/wp\/v2\/posts\/5399\/revisions\/5400"}],"wp:featuredmedia":[{"embeddable":true,"href":"https:\/\/vettensjournal.de\/klassischer-journalismus\/wp-json\/wp\/v2\/media\/5398"}],"wp:attachment":[{"href":"https:\/\/vettensjournal.de\/klassischer-journalismus\/wp-json\/wp\/v2\/media?parent=5399"}],"wp:term":[{"taxonomy":"category","embeddable":true,"href":"https:\/\/vettensjournal.de\/klassischer-journalismus\/wp-json\/wp\/v2\/categories?post=5399"},{"taxonomy":"post_tag","embeddable":true,"href":"https:\/\/vettensjournal.de\/klassischer-journalismus\/wp-json\/wp\/v2\/tags?post=5399"}],"curies":[{"name":"wp","href":"https:\/\/api.w.org\/{rel}","templated":true}]}}