{"id":5396,"date":"2025-10-20T10:46:10","date_gmt":"2025-10-20T10:46:10","guid":{"rendered":"https:\/\/vettensjournal.de\/klassischer-journalismus\/?p=5396"},"modified":"2025-10-20T10:46:10","modified_gmt":"2025-10-20T10:46:10","slug":"chagall","status":"publish","type":"post","link":"https:\/\/vettensjournal.de\/klassischer-journalismus\/chagall\/","title":{"rendered":"CHAGALL"},"content":{"rendered":"<p><em>scheisszeitenwende 93<\/em><\/p>\n<p>&nbsp;<\/p>\n<p>Sie tr\u00f6deln sich durch den fr\u00fchen Vormittag. Bummeln durchs sch\u00f6ne Z\u00fcrich.<\/p>\n<p>Stehen vor den verschlossenen Pforten des Fraum\u00fcnsters.<\/p>\n<p>\u201eSchade. Zu.\u201c, sagt Clara.<\/p>\n<p>\u201eJa. Magst Du die Fenster auch so? Ich entdecke sie jedesmal neu. Immer, wenn ich nach Z\u00fcrich gekommen bin, habe ich sie mir angeschaut.\u201c<\/p>\n<p>\u201eIch verstehe Dich. Gibt es eins, das Du besonders magst?\u201c<\/p>\n<p>\u201eDas blaue an der Ostseite.\u201c<\/p>\n<p>\u201eJa, das blaue an der Ostseite. Jakobfenster. Sch\u00f6n.\u201c<\/p>\n<p>\u201eWir schauen es uns heute Nachmittag an, ist das okay?\u201c<\/p>\n<p>\u201eUnd wie okay das ist! Ach!\u201c<\/p>\n<p>Sie ist stehen geblieben. Eine sch\u00f6ne Frau, elegant, mit einem traurigen wunderbaren L\u00e4cheln. Er sieht nur sie \u2013 die Menschen um sie herum verschwimmen zu einem unscharfen Hintergrund-Film.<\/p>\n<p>\u201eWas meinst Du mit ,Ach\u2018? Warum hast Du geseufzt?\u201c<\/p>\n<p>\u201eDu machst es mir nicht leicht?\u201c<\/p>\n<p>\u201eWie bitte?\u201c<\/p>\n<p>Sie nimmt ihn an der Hand. F\u00fchrt ihn zu einer Bank am See. Sie setzen sich und schauen aufs Wasser. Sie nimmt das Gespr\u00e4ch wieder auf.<\/p>\n<p>Sie habe nicht damit gerechnet, dass sie sich noch einmal verlieben w\u00fcrde. Das sei nicht der Plan gewesen. Sie sei einverstanden mit dem gewesen, wie sich alles entwickelt habe.<\/p>\n<p>\u201eIch war zufrieden. Mir geht es gut, ich habe alles. Es gibt Freunde, ich bin gesund, wir haben ein Haus und Geld. Und ich habe mich damit abgefunden, das alles nur noch so mittel ist. So \u2013 ich wei\u00df nicht \u2013 so lau, so ged\u00e4mpft. Ich bin auch oft ins Fraum\u00fcnster gegangen und habe gedacht, dass mich nicht mal ein Chagall richtig wach macht. Und da bist pl\u00f6tzlich Du.\u201c<\/p>\n<p>\u201eUnd?\u201c<\/p>\n<p>\u201eUnd ich habe Angst, dass ich mich verliebe.\u201c<\/p>\n<p>\u201eWarum nicht?\u201c<\/p>\n<p>Weil da ihr Leben sei. Der sterbende Mann. Das Haus. Der Alltag, den sie immer meistern kann.<\/p>\n<p>\u201eUnd das ist weg, wenn Du Dich verliebst??<\/p>\n<p>Das sei dann ganz weg. Sie wolle doch nicht los springen und dann merken, dass das ein b\u00f6ser freier Fall sei.<\/p>\n<p>\u201eIch habe Angst, dass es weh tut.\u201c<\/p>\n<p>\u201eHm. Verstehe. Wollen wir von was Anderem reden?\u201c<\/p>\n<p>\u201eIst wohl besser. Aber wenn wir schon beim Thema sind\u2026\u201c<\/p>\n<p>\u201eWas f\u00fcr ein Thema?\u201c<\/p>\n<p>\u201eNaja: Liebe. Chagall. S\u00fcndenfall. Das alles.\u201c<\/p>\n<p>\u201eJetzt bin ich aber gespannt.\u201c<\/p>\n<p>\u201eMerk auf und lerne! Ich glaube, jetzt erz\u00e4hle ich Dir was, was Du noch nicht wei\u00dft. Bist Du gl\u00e4ubig?\u201c<\/p>\n<p>\u201eNaja, nicht sehr, denke ich mal.\u201c<\/p>\n<p>\u201eDann erz\u00e4hle ich Dir wohl etwas Neues.\u201c<\/p>\n<p>Sie sieht ihn sehr besonders an und kichert. Nach einem letzten Kieks sagt sie ganz feierlich:<\/p>\n<p>\u201eWas ich an uns liebe, ist, dass wir uns auf den ersten Blick sozusagen erkannt haben.\u201c<\/p>\n<p>\u201eH\u00e4h? Entschuldigung, was erz\u00e4hlst Du da?\u201c<\/p>\n<p>Clara, als spr\u00e4che sie von der B\u00fchne, mit gesenkter brusttiefer Stimme:<\/p>\n<p>\u201eUnd Adam erkannte seine Frau Eva, und sie wurde schwanger&#8230;\u201c<\/p>\n<p>Kunstpause. Dann, stolz:<\/p>\n<p>\u201eMose, 4,1. Genesis.<\/p>\n<p>Da siehste mal!\u201c<\/p>\n","protected":false},"excerpt":{"rendered":"<p>scheisszeitenwende 93 &nbsp; Sie tr\u00f6deln sich durch den fr\u00fchen Vormittag. Bummeln durchs sch\u00f6ne Z\u00fcrich. Stehen vor den verschlossenen Pforten des Fraum\u00fcnsters. \u201eSchade. Zu.\u201c, sagt Clara. \u201eJa. Magst Du die Fenster auch so? Ich entdecke sie jedesmal neu. Immer, wenn ich nach Z\u00fcrich gekommen bin, habe ich sie mir angeschaut.\u201c \u201eIch verstehe Dich. Gibt es eins, [&hellip;]<\/p>\n","protected":false},"author":3,"featured_media":5303,"comment_status":"closed","ping_status":"closed","sticky":false,"template":"","format":"standard","meta":{"footnotes":""},"categories":[932],"tags":[],"class_list":["post-5396","post","type-post","status-publish","format-standard","has-post-thumbnail","hentry","category-scheiss-zeitenwende","has-post-title","has-post-date","has-post-category","has-post-tag","has-post-comment","has-post-author",""],"_links":{"self":[{"href":"https:\/\/vettensjournal.de\/klassischer-journalismus\/wp-json\/wp\/v2\/posts\/5396","targetHints":{"allow":["GET"]}}],"collection":[{"href":"https:\/\/vettensjournal.de\/klassischer-journalismus\/wp-json\/wp\/v2\/posts"}],"about":[{"href":"https:\/\/vettensjournal.de\/klassischer-journalismus\/wp-json\/wp\/v2\/types\/post"}],"author":[{"embeddable":true,"href":"https:\/\/vettensjournal.de\/klassischer-journalismus\/wp-json\/wp\/v2\/users\/3"}],"replies":[{"embeddable":true,"href":"https:\/\/vettensjournal.de\/klassischer-journalismus\/wp-json\/wp\/v2\/comments?post=5396"}],"version-history":[{"count":1,"href":"https:\/\/vettensjournal.de\/klassischer-journalismus\/wp-json\/wp\/v2\/posts\/5396\/revisions"}],"predecessor-version":[{"id":5397,"href":"https:\/\/vettensjournal.de\/klassischer-journalismus\/wp-json\/wp\/v2\/posts\/5396\/revisions\/5397"}],"wp:featuredmedia":[{"embeddable":true,"href":"https:\/\/vettensjournal.de\/klassischer-journalismus\/wp-json\/wp\/v2\/media\/5303"}],"wp:attachment":[{"href":"https:\/\/vettensjournal.de\/klassischer-journalismus\/wp-json\/wp\/v2\/media?parent=5396"}],"wp:term":[{"taxonomy":"category","embeddable":true,"href":"https:\/\/vettensjournal.de\/klassischer-journalismus\/wp-json\/wp\/v2\/categories?post=5396"},{"taxonomy":"post_tag","embeddable":true,"href":"https:\/\/vettensjournal.de\/klassischer-journalismus\/wp-json\/wp\/v2\/tags?post=5396"}],"curies":[{"name":"wp","href":"https:\/\/api.w.org\/{rel}","templated":true}]}}