{"id":5394,"date":"2025-10-18T12:09:23","date_gmt":"2025-10-18T12:09:23","guid":{"rendered":"https:\/\/vettensjournal.de\/klassischer-journalismus\/?p=5394"},"modified":"2025-10-18T12:09:23","modified_gmt":"2025-10-18T12:09:23","slug":"im-cafe","status":"publish","type":"post","link":"https:\/\/vettensjournal.de\/klassischer-journalismus\/im-cafe\/","title":{"rendered":"IM CAF\u00c9"},"content":{"rendered":"<p><em>scheisszeitenwende 92<\/em><\/p>\n<p>&nbsp;<\/p>\n<p>Sie sitzen an der runden Bar und reden miteinander, ohne sich anzusehen.<\/p>\n<p><em>Das ist vergeudete Zeit<\/em>, denkt er.<\/p>\n<p><em>Gibt es hier keine Tische?<\/em>, denkt sie.<\/p>\n<p>Er nimmt den alten Mann neben sich wahr, der den \u201eBlick\u201c studiert<em>. Ob der heute nochmal mit wem redet?<\/em>, denkt er.<\/p>\n<p>Sie schaut der Kellnerin zu, die zur gleichen Zeiten an drei Orten ist, so flink ist die. <em>Sie hat noch ein ganzes Leben vor sich<\/em>, denkt sie.<\/p>\n<p>Ein Stadtarbeiter, zerfurcht und zerr\u00fcttet, kommt von der Nachtschicht, schlingt ein Schoko-Croissant in sich hinein, st\u00fcrzt einen Cappucino hinunter, wirft M\u00fcnzen auf den Tresen. <em>Der Mann ist gebrochen, ich wei\u00df, wie sich das anf\u00fchlt<\/em>, denkt er.<\/p>\n<p>Tassen klappern, ein Teller birst, aus einem Radio kommen Ger\u00e4usche, dann erz\u00e4hlt ein Moderator, dass es ein sch\u00f6ner Tag werden w\u00fcrde, ein paar Wolken vielleicht, die Regenschirme k\u00f6nnten daheim bleiben. <em>Es ist kein sch\u00f6ner Tag, wir haben noch heute und morgen und dann nicht mehr<\/em>, denkt sie.<\/p>\n<p>Er fragt:<\/p>\n<p>\u201eWie geht es Dir?\u201c<\/p>\n<p>\u201eAch!\u201c, sagt sie.<\/p>\n<p>\u201eWas meinst Du?\u201c<\/p>\n<p>\u201eEs ist so sch\u00f6n, dass wir uns getroffen haben.\u201c<\/p>\n<p>\u201eAber?\u201c<\/p>\n<p>\u201eEs macht alles schwerer.\u201c<\/p>\n<p>\u201eWas, alles?\u201c<\/p>\n<p>\u201eNaja, Du wei\u00dft es eh. Alles halt.\u201c<\/p>\n<p>\u201eJa.\u201c<\/p>\n<p>Wasser rauscht aus einem Hahn. Eine Dampflanze zischt in der hei\u00dfen Milch. Das Handy in der Tasche der eleganten, die \u201eNeue Z\u00fcrcher\u201c lesenden, Dame klingelt wie ein Telefon aus anderen Zeiten.<\/p>\n<p>Clara und Hans schweigen. Sie suchen die Hand vom Anderen.<\/p>\n<p>Er sagt:<\/p>\n<p>\u201eJa, ich wei\u00df, dass alles schwerer wird. Aber nicht jetzt. Jetzt ist unsere Zeit. Lass uns jetzt nicht traurig sein. Daf\u00fcr haben wir sp\u00e4ter genug Zeit.\u201c<\/p>\n<p>Sie dreht sich auf ihrem Hocker in seine Richtung und l\u00e4chelt.<\/p>\n<p>\u201eDu hast Recht. Du hast ja so Recht.\u201c<\/p>\n<p>Er hat sich auch gedreht. Sie sehen einander an.<\/p>\n<p>Das muss man ausnutzen: Dass man sich anschauen kann.<\/p>\n","protected":false},"excerpt":{"rendered":"<p>scheisszeitenwende 92 &nbsp; Sie sitzen an der runden Bar und reden miteinander, ohne sich anzusehen. Das ist vergeudete Zeit, denkt er. Gibt es hier keine Tische?, denkt sie. Er nimmt den alten Mann neben sich wahr, der den \u201eBlick\u201c studiert. Ob der heute nochmal mit wem redet?, denkt er. Sie schaut der Kellnerin zu, die [&hellip;]<\/p>\n","protected":false},"author":3,"featured_media":5381,"comment_status":"closed","ping_status":"closed","sticky":false,"template":"","format":"standard","meta":{"footnotes":""},"categories":[932],"tags":[],"class_list":["post-5394","post","type-post","status-publish","format-standard","has-post-thumbnail","hentry","category-scheiss-zeitenwende","has-post-title","has-post-date","has-post-category","has-post-tag","has-post-comment","has-post-author",""],"_links":{"self":[{"href":"https:\/\/vettensjournal.de\/klassischer-journalismus\/wp-json\/wp\/v2\/posts\/5394","targetHints":{"allow":["GET"]}}],"collection":[{"href":"https:\/\/vettensjournal.de\/klassischer-journalismus\/wp-json\/wp\/v2\/posts"}],"about":[{"href":"https:\/\/vettensjournal.de\/klassischer-journalismus\/wp-json\/wp\/v2\/types\/post"}],"author":[{"embeddable":true,"href":"https:\/\/vettensjournal.de\/klassischer-journalismus\/wp-json\/wp\/v2\/users\/3"}],"replies":[{"embeddable":true,"href":"https:\/\/vettensjournal.de\/klassischer-journalismus\/wp-json\/wp\/v2\/comments?post=5394"}],"version-history":[{"count":1,"href":"https:\/\/vettensjournal.de\/klassischer-journalismus\/wp-json\/wp\/v2\/posts\/5394\/revisions"}],"predecessor-version":[{"id":5395,"href":"https:\/\/vettensjournal.de\/klassischer-journalismus\/wp-json\/wp\/v2\/posts\/5394\/revisions\/5395"}],"wp:featuredmedia":[{"embeddable":true,"href":"https:\/\/vettensjournal.de\/klassischer-journalismus\/wp-json\/wp\/v2\/media\/5381"}],"wp:attachment":[{"href":"https:\/\/vettensjournal.de\/klassischer-journalismus\/wp-json\/wp\/v2\/media?parent=5394"}],"wp:term":[{"taxonomy":"category","embeddable":true,"href":"https:\/\/vettensjournal.de\/klassischer-journalismus\/wp-json\/wp\/v2\/categories?post=5394"},{"taxonomy":"post_tag","embeddable":true,"href":"https:\/\/vettensjournal.de\/klassischer-journalismus\/wp-json\/wp\/v2\/tags?post=5394"}],"curies":[{"name":"wp","href":"https:\/\/api.w.org\/{rel}","templated":true}]}}