{"id":5392,"date":"2025-10-17T10:58:11","date_gmt":"2025-10-17T10:58:11","guid":{"rendered":"https:\/\/vettensjournal.de\/klassischer-journalismus\/?p=5392"},"modified":"2025-10-17T10:58:11","modified_gmt":"2025-10-17T10:58:11","slug":"wir-schaffen-das","status":"publish","type":"post","link":"https:\/\/vettensjournal.de\/klassischer-journalismus\/wir-schaffen-das\/","title":{"rendered":"WIR SCHAFFEN DAS"},"content":{"rendered":"<p><em>scheisszeitenwende 91<\/em><\/p>\n<p>&nbsp;<\/p>\n<p>\u201eWie lange warst Du hier nicht mehr?\u201c<\/p>\n<p>\u201eIst eine Weile her.\u201c<\/p>\n<p>\u201eNa, so ungef\u00e4hr.\u201c<\/p>\n<p>\u201eWarte.\u201c Hans Krohn denkt nach \u2013 sie muss l\u00e4cheln, weil er jetzt aussieht wie ein Mann, der sich in einer fremden Stadt verirrt hat und das gerade bemerkt. Sorgenfalten auf der Stirn, ein hilfloser Blick ins Unendliche.<\/p>\n<p>Hans kramt in seinen Erinnerungen. Er denkt laut nach, vielleicht hilft das.<\/p>\n<p>\u201eIch wei\u00df noch, dass ich wegen eines Meetings in der Stadt war. Ganz in der N\u00e4he war das, hinter der Oper. Es war f\u00fcrchterlich hei\u00df an dem Tag. Alle haben geschwitzt. Ich habe meinen Laden verkauft \u2013 und weil es mir egal war, wie die Geschichte ausgehen w\u00fcrde, war ich ganz locker. Ich war der \u00c4lteste im Raum. Der Einzige, der keinen Anzug anhattte. Und ich habe am wenigstens geschwitzt.\u201c<\/p>\n<p>\u201eWas f\u00fcr ein Gesch\u00e4ft war das?\u201c<\/p>\n<p>\u201eEine Agentur. Ich habe damals schon seit ein paar Jahren mit meiner Frau auf dem Land gelebt \u2013 die die B\u00fcros waren in gro\u00dfen St\u00e4dten, eines in Z\u00fcrich. Wir machten Werbung und Projekte f\u00fcr die Wirtschafte. Nur Premium. War keine Klitsche, und ich hatte den \u00dcberblick. 50 Leute. Tolle Gesch\u00e4ftsf\u00fchrer. Mich haben die Leute nur noch bei den wichtigsten Meetings gesehen. Gerade hatten wir das 25-J\u00e4hrige gefeiert.\u201c<\/p>\n<p>Warum er trotzdem verkaufen wollte?<\/p>\n<p>\u201eMeine Frau ist krank geworden. Da war alles andere egal. Ich wollte nichts mehr mit dem Ganzen zu tun haben. Da kam es mir gerade recht, dass ein Z\u00fcricher uns unbedingt vom Markt kaufen wollte. Das war\u2026\u201c<\/p>\n<p>Ein L\u00e4cheln stiehlt sich in sein Gesicht. Jetzt wei\u00df er wieder, wann genau das war.<\/p>\n<p>\u201eVor ziemlich genau zehn Jahren ist das gewesen. Als ich zum Meeting ging, habe ich hier im \u201eBelcaf\u00e9\u201c gesessen und die Zeitungen gelesen. Ich wei\u00df noch genau, dass ich mich ziemlich gewundert habe. Damals hat die Merkel \u2013 ohne gro\u00dfe Not \u2013 gesagt, \u201eWir schaffen das\u201c. Dann hat sie noch ein Selfie mit einem Migranten gemacht.<\/p>\n<p>Ich habe mir gedacht, die Frau hat sich nicht mehr richtig im Griff. Die hatte sich ja nie anmerken lassen, wenn sie \u00fcberfordert war. Ich hatte sie immer bewundert, weil sie nicht aus der Deckung zu kriegen war. Und jetzt sagte sie: Wir schaffen das.<\/p>\n<p>Ich habe damals mit dem Kopf gesch\u00fcttelt und mir gedacht:<\/p>\n<p>Es wird Zeit, dass ich mit dem ganzen Zirkus nichts mehr zu tun habe. Habe meine Frau angerufen, dass ich abends wieder zu Hause sein w\u00fcrde. Und dann w\u00fcrde es nur noch uns Zwei geben . Und wir w\u00fcrden es sein, die es schaffen.\u201c<\/p>\n<p>\u201eUnd? Hat sie sich gefreut?\u201c<\/p>\n<p>\u201eSehr. Wir haben uns an diesem Vormittag geliebt wie selten. Dann bin ich in diesen Konferenzraum hinter der Oper, habe die schwitzenden Menschen angeschaut, war ganz locker und habe in einer Stunde f\u00fcrchterlich viel Geld verdient.\u201c<\/p>\n","protected":false},"excerpt":{"rendered":"<p>scheisszeitenwende 91 &nbsp; \u201eWie lange warst Du hier nicht mehr?\u201c \u201eIst eine Weile her.\u201c \u201eNa, so ungef\u00e4hr.\u201c \u201eWarte.\u201c Hans Krohn denkt nach \u2013 sie muss l\u00e4cheln, weil er jetzt aussieht wie ein Mann, der sich in einer fremden Stadt verirrt hat und das gerade bemerkt. Sorgenfalten auf der Stirn, ein hilfloser Blick ins Unendliche. Hans [&hellip;]<\/p>\n","protected":false},"author":3,"featured_media":5101,"comment_status":"closed","ping_status":"closed","sticky":false,"template":"","format":"standard","meta":{"footnotes":""},"categories":[932],"tags":[],"class_list":["post-5392","post","type-post","status-publish","format-standard","has-post-thumbnail","hentry","category-scheiss-zeitenwende","has-post-title","has-post-date","has-post-category","has-post-tag","has-post-comment","has-post-author",""],"_links":{"self":[{"href":"https:\/\/vettensjournal.de\/klassischer-journalismus\/wp-json\/wp\/v2\/posts\/5392","targetHints":{"allow":["GET"]}}],"collection":[{"href":"https:\/\/vettensjournal.de\/klassischer-journalismus\/wp-json\/wp\/v2\/posts"}],"about":[{"href":"https:\/\/vettensjournal.de\/klassischer-journalismus\/wp-json\/wp\/v2\/types\/post"}],"author":[{"embeddable":true,"href":"https:\/\/vettensjournal.de\/klassischer-journalismus\/wp-json\/wp\/v2\/users\/3"}],"replies":[{"embeddable":true,"href":"https:\/\/vettensjournal.de\/klassischer-journalismus\/wp-json\/wp\/v2\/comments?post=5392"}],"version-history":[{"count":1,"href":"https:\/\/vettensjournal.de\/klassischer-journalismus\/wp-json\/wp\/v2\/posts\/5392\/revisions"}],"predecessor-version":[{"id":5393,"href":"https:\/\/vettensjournal.de\/klassischer-journalismus\/wp-json\/wp\/v2\/posts\/5392\/revisions\/5393"}],"wp:featuredmedia":[{"embeddable":true,"href":"https:\/\/vettensjournal.de\/klassischer-journalismus\/wp-json\/wp\/v2\/media\/5101"}],"wp:attachment":[{"href":"https:\/\/vettensjournal.de\/klassischer-journalismus\/wp-json\/wp\/v2\/media?parent=5392"}],"wp:term":[{"taxonomy":"category","embeddable":true,"href":"https:\/\/vettensjournal.de\/klassischer-journalismus\/wp-json\/wp\/v2\/categories?post=5392"},{"taxonomy":"post_tag","embeddable":true,"href":"https:\/\/vettensjournal.de\/klassischer-journalismus\/wp-json\/wp\/v2\/tags?post=5392"}],"curies":[{"name":"wp","href":"https:\/\/api.w.org\/{rel}","templated":true}]}}