{"id":5388,"date":"2025-10-15T06:15:01","date_gmt":"2025-10-15T06:15:01","guid":{"rendered":"https:\/\/vettensjournal.de\/klassischer-journalismus\/?p=5388"},"modified":"2025-10-15T06:15:01","modified_gmt":"2025-10-15T06:15:01","slug":"neu","status":"publish","type":"post","link":"https:\/\/vettensjournal.de\/klassischer-journalismus\/neu\/","title":{"rendered":"NEU"},"content":{"rendered":"<p><em>scheisszeitenwende 90<\/em><\/p>\n<p>&nbsp;<\/p>\n<p>Die Stra\u00dfen schimmern noch vom Regen. Ein M\u00fcllwagen f\u00e4hrt in Richtung See. Ein Herr im schlecht sitzenden grauen Anzug mit schwarzem Mantel, eilenden Schritts die Aktentasche ins B\u00fcro schleppend. Eine Radfahrerin, behelmt und m\u00fcrrisch. Die Enten d\u00fcmpeln verschlafen im unsauberen See. Drau\u00dfen fr\u00fche Boote.<\/p>\n<p>Die Sonne sonnt sich auf dem feuchten Asphalt.<\/p>\n<p>Z\u00fcrich ist auf Standby.<\/p>\n<p>\u201eWohin willst Du? Magst Du das Fr\u00fchst\u00fcck im Hotel nicht?\u201c<\/p>\n<p>\u201eEs ist okay. Aber ich kann nicht mit den anderen Menschen im selben Raum sitzen.\u201c<\/p>\n<p>\u201eAber, Hans, mal ganz bl\u00f6d: Hier sind \u00fcberall Menschen, das ist eine Stadt, da bist Du umzingelt.\u201c<\/p>\n<p>Hans lacht. Er ist beschwingt und wundert sich, dass ihn das Gespr\u00e4ch so gar nicht beschwert.<\/p>\n<p>\u201eDie Leute hier auf der Stra\u00dfe sind mir egal. Ich kenne sie ja\u00a0 nicht. Aber die im Hotel.\u201c<\/p>\n<p>\u201eDie kennst Du auch nicht. Oder?\u201c<\/p>\n<p>\u201eSchon. Aber man hat unter einem Dach geschlafen. Das war genug. Neben denen muss ich nicht auch noch ein Ei essen.\u201c<\/p>\n<p>Sie bleibt stehen, sind in der Mitte der Br\u00fccke \u00fcber die Limmat.<\/p>\n<p>Clara sieht Hans forschend in die Augen. Was erz\u00e4hlt ihr der Mann da? Meint er das ernst? Ruhig und aufmerksam schaut die Frau auf der Br\u00fccke den Mann an. Er ist freundlich, erwidert offen ihren Blick. Er hat sich rasiert, bevor sie das Hotel verlassen haben. Tr\u00e4gt einen leichten Mantel, Jeans, ein Polohemd, Laufschuhe. Hans sieht ausgeruht und heiter aus.<\/p>\n<p>Ein froher Mann, der nicht neben anderen Hotelg\u00e4sten im Fr\u00fchst\u00fccksraum eines der besten H\u00e4user der Stadt sitzen will.<\/p>\n<p>Nundenn, dann ist das so.<\/p>\n<p>\u201eUnd? Wo willste hin? Mich hungert.\u201c<\/p>\n<p>\u201eWir sind gleich da. Einer der Lieblingspl\u00e4tze in der Stadt.\u201c<\/p>\n<p>\u201eDa bin ich ja gespannt.\u201c<\/p>\n<p>Sie nehmen sich an die H\u00e4nden und kommen an eine rote Ampel. Clara sieht ihn von der Seite an.<\/p>\n<p>Man darf sich nicht wundern, dass man sich wundert:<\/p>\n<p>Wenn man mit einem geschlafen hat, ihn mag \u2013 aber nicht wei\u00df, warum. Man wei\u00df ja nur, dass man eigentlich nichts \u00fcber den Menschen wei\u00df.<\/p>\n","protected":false},"excerpt":{"rendered":"<p>scheisszeitenwende 90 &nbsp; Die Stra\u00dfen schimmern noch vom Regen. Ein M\u00fcllwagen f\u00e4hrt in Richtung See. Ein Herr im schlecht sitzenden grauen Anzug mit schwarzem Mantel, eilenden Schritts die Aktentasche ins B\u00fcro schleppend. Eine Radfahrerin, behelmt und m\u00fcrrisch. Die Enten d\u00fcmpeln verschlafen im unsauberen See. Drau\u00dfen fr\u00fche Boote. Die Sonne sonnt sich auf dem feuchten Asphalt. [&hellip;]<\/p>\n","protected":false},"author":3,"featured_media":5385,"comment_status":"closed","ping_status":"closed","sticky":false,"template":"","format":"standard","meta":{"footnotes":""},"categories":[932],"tags":[],"class_list":["post-5388","post","type-post","status-publish","format-standard","has-post-thumbnail","hentry","category-scheiss-zeitenwende","has-post-title","has-post-date","has-post-category","has-post-tag","has-post-comment","has-post-author",""],"_links":{"self":[{"href":"https:\/\/vettensjournal.de\/klassischer-journalismus\/wp-json\/wp\/v2\/posts\/5388","targetHints":{"allow":["GET"]}}],"collection":[{"href":"https:\/\/vettensjournal.de\/klassischer-journalismus\/wp-json\/wp\/v2\/posts"}],"about":[{"href":"https:\/\/vettensjournal.de\/klassischer-journalismus\/wp-json\/wp\/v2\/types\/post"}],"author":[{"embeddable":true,"href":"https:\/\/vettensjournal.de\/klassischer-journalismus\/wp-json\/wp\/v2\/users\/3"}],"replies":[{"embeddable":true,"href":"https:\/\/vettensjournal.de\/klassischer-journalismus\/wp-json\/wp\/v2\/comments?post=5388"}],"version-history":[{"count":1,"href":"https:\/\/vettensjournal.de\/klassischer-journalismus\/wp-json\/wp\/v2\/posts\/5388\/revisions"}],"predecessor-version":[{"id":5389,"href":"https:\/\/vettensjournal.de\/klassischer-journalismus\/wp-json\/wp\/v2\/posts\/5388\/revisions\/5389"}],"wp:featuredmedia":[{"embeddable":true,"href":"https:\/\/vettensjournal.de\/klassischer-journalismus\/wp-json\/wp\/v2\/media\/5385"}],"wp:attachment":[{"href":"https:\/\/vettensjournal.de\/klassischer-journalismus\/wp-json\/wp\/v2\/media?parent=5388"}],"wp:term":[{"taxonomy":"category","embeddable":true,"href":"https:\/\/vettensjournal.de\/klassischer-journalismus\/wp-json\/wp\/v2\/categories?post=5388"},{"taxonomy":"post_tag","embeddable":true,"href":"https:\/\/vettensjournal.de\/klassischer-journalismus\/wp-json\/wp\/v2\/tags?post=5388"}],"curies":[{"name":"wp","href":"https:\/\/api.w.org\/{rel}","templated":true}]}}