{"id":5375,"date":"2025-10-11T05:58:59","date_gmt":"2025-10-11T05:58:59","guid":{"rendered":"https:\/\/vettensjournal.de\/klassischer-journalismus\/?p=5375"},"modified":"2025-10-11T05:58:59","modified_gmt":"2025-10-11T05:58:59","slug":"gastophobie","status":"publish","type":"post","link":"https:\/\/vettensjournal.de\/klassischer-journalismus\/gastophobie\/","title":{"rendered":"GASTOPHOBIE"},"content":{"rendered":"<p><em>scheisszeitenwende 88<\/em><\/p>\n<p>&nbsp;<\/p>\n<p>\u201eMir gef\u00e4llt es hier nicht. Nicht heute.\u201c<\/p>\n<p>Clara hat ihren Wein abgestellt und sieht durch die Bar.<\/p>\n<p>\u201eDu machst mich sehr froh\u201c, sagt Hans.<\/p>\n<p>\u201eWarum? Ich dachte, jetzt magst Du mich nicht mehr. Eine, die die ,Kronenhalle\u2018 nicht mag.\u201c<\/p>\n<p>\u201eMach\u2018 Dir keine Gedanken. Ich bin erleichtert. Immer habe ich es hier gemocht. Heute m\u00f6chte ich nur raus.\u201c<\/p>\n<p>Wie er das meint?<\/p>\n<p>\u201eDa kommen zwei Sachen zusammen.<\/p>\n<p>Das Konzert war nicht meins. Ich mag Schostakowitsch sehr. Aber heute hat er mich nur gest\u00f6rt. Ich wollte wieder mit Dir ins Bett, ich wollte keine Leute um uns rum, mir war nach Mozart oder Armstrong oder Sidney Bechet\u2026\u201c<\/p>\n<p>\u201eIch liebe Sidney Bechet. Wei\u00df genau, was Du meinst.\u201c<\/p>\n<p>\u201eUnd dann ist da noch was Anderes.\u201c<\/p>\n<p>Normalerweise freut er sich auf die \u201eKronenhalle\u201c. Das warme Licht, das Schimmern von poliertem Holz und gewienertem Interieur. Leuchter von Diego Giacometti, er freut sich auf den Chagall und den Bonnard. Auf das Murmeln und die leisen Gel\u00e4chter-Glissandi aus den R\u00e4umen. Aber heute\u2026<\/p>\n<p>\u201e\u2026habe ich im Internet, als ich reserviert habe, die Hausordnung gefunden und mich ge\u00e4rgert. Die passt nicht zu unserem Tag.\u201c<\/p>\n<p>\u201eErz\u00e4hl.\u201c<\/p>\n<p>\u201eWarte.\u201c Er ruft am Handy die Webseite der \u201eKronenhalle\u201c auf. Wischt mit dem Finger \u00fcbers Display. \u201eIch hab\u2019s. Willst Du es lesen?\u201c<\/p>\n<p>\u201eNein, mach nur.\u201c<\/p>\n<p>\u201eOkay. Das Wichtigste.<\/p>\n<p style=\"text-align: center;\"><em>Foto- und Filmaufnahmen in den R\u00e4umen des Restaurants Kronenhalle sind grunds\u00e4tzlich verboten. Dresscode zum gepflegten Ambiente aus Tradition und Eleganz der Kronenhalle -eine der Saison angepasste, gepflegte Kleidung wie Business Casual oder Smart Elegant Casual (mit langer Hose f\u00fcr Herren. Kleine bis mittlere Hunde \u2013 maximale H\u00f6he 60 Zentimeter, maximales Gewicht 20 Kilo &#8211; sind willkommen, wenn sie unter dem Tisch Platz finden Telefongespr\u00e4che sollen kurzgehalten und auf ein Minimum beschr\u00e4nkt werden. Das Telefonieren im Freisprechmodus sowie die Wiedergabe von Tonaufnahmen \u00fcber Lautsprecher sind in der Kronenhalle nicht gestattet. Rauchpausen sollten nicht l\u00e4nger als 15 Minuten dauern, da ansonsten die Serviceabfolge gest\u00f6rt wird. Wir w\u00fcnschen Ihnen ein entspanntes und kulinarisch interessantes Erlebnis in der Kronenhalle.<\/em><\/p>\n<p>\u201eDas ist arrogant und hochfahrend, aber es hat mich nie gest\u00f6rt. Heute schon. Ich finde, das beleidigt Dich.\u201c<\/p>\n<p>\u201eDu bist ein S\u00fc\u00dfer. Und ja, das beleidigt uns. Heute ist nicht der Abend, an dem unser Hund nicht mehr als 20 Kilo wiegen darf.\u201c<\/p>\n<p>\u201eGenau. Meine Rede.\u201c<\/p>\n<p>\u201eUnd wenn Dir nach einer kurzen Hose ist, na dann bittesehr.\u201c<\/p>\n<p>\u201eMeine Rede.\u201c<\/p>\n<p>\u201eUnd ich mit Dir eine rauchen will und das Knutschen danach l\u00e4nger als eine Viertelstunde dauert, dann lass\u2018 ich mir das von keinem verbieten.\u201c<\/p>\n<p>\u201eEben. Und was den Giacometti angeht\u2026\u201c<\/p>\n<p>\u201eDen schauen wir morgen in der Kunsthalle an.\u201c<\/p>\n<p>\u201eGeh\u2019n wir.\u201c<\/p>\n","protected":false},"excerpt":{"rendered":"<p>scheisszeitenwende 88 &nbsp; \u201eMir gef\u00e4llt es hier nicht. Nicht heute.\u201c Clara hat ihren Wein abgestellt und sieht durch die Bar. \u201eDu machst mich sehr froh\u201c, sagt Hans. \u201eWarum? Ich dachte, jetzt magst Du mich nicht mehr. Eine, die die ,Kronenhalle\u2018 nicht mag.\u201c \u201eMach\u2018 Dir keine Gedanken. Ich bin erleichtert. Immer habe ich es hier gemocht. [&hellip;]<\/p>\n","protected":false},"author":3,"featured_media":390,"comment_status":"closed","ping_status":"closed","sticky":false,"template":"","format":"standard","meta":{"footnotes":""},"categories":[932],"tags":[],"class_list":["post-5375","post","type-post","status-publish","format-standard","has-post-thumbnail","hentry","category-scheiss-zeitenwende","has-post-title","has-post-date","has-post-category","has-post-tag","has-post-comment","has-post-author",""],"_links":{"self":[{"href":"https:\/\/vettensjournal.de\/klassischer-journalismus\/wp-json\/wp\/v2\/posts\/5375","targetHints":{"allow":["GET"]}}],"collection":[{"href":"https:\/\/vettensjournal.de\/klassischer-journalismus\/wp-json\/wp\/v2\/posts"}],"about":[{"href":"https:\/\/vettensjournal.de\/klassischer-journalismus\/wp-json\/wp\/v2\/types\/post"}],"author":[{"embeddable":true,"href":"https:\/\/vettensjournal.de\/klassischer-journalismus\/wp-json\/wp\/v2\/users\/3"}],"replies":[{"embeddable":true,"href":"https:\/\/vettensjournal.de\/klassischer-journalismus\/wp-json\/wp\/v2\/comments?post=5375"}],"version-history":[{"count":1,"href":"https:\/\/vettensjournal.de\/klassischer-journalismus\/wp-json\/wp\/v2\/posts\/5375\/revisions"}],"predecessor-version":[{"id":5376,"href":"https:\/\/vettensjournal.de\/klassischer-journalismus\/wp-json\/wp\/v2\/posts\/5375\/revisions\/5376"}],"wp:featuredmedia":[{"embeddable":true,"href":"https:\/\/vettensjournal.de\/klassischer-journalismus\/wp-json\/wp\/v2\/media\/390"}],"wp:attachment":[{"href":"https:\/\/vettensjournal.de\/klassischer-journalismus\/wp-json\/wp\/v2\/media?parent=5375"}],"wp:term":[{"taxonomy":"category","embeddable":true,"href":"https:\/\/vettensjournal.de\/klassischer-journalismus\/wp-json\/wp\/v2\/categories?post=5375"},{"taxonomy":"post_tag","embeddable":true,"href":"https:\/\/vettensjournal.de\/klassischer-journalismus\/wp-json\/wp\/v2\/tags?post=5375"}],"curies":[{"name":"wp","href":"https:\/\/api.w.org\/{rel}","templated":true}]}}