{"id":5354,"date":"2025-10-07T09:36:57","date_gmt":"2025-10-07T09:36:57","guid":{"rendered":"https:\/\/vettensjournal.de\/klassischer-journalismus\/?p=5354"},"modified":"2025-10-07T09:36:57","modified_gmt":"2025-10-07T09:36:57","slug":"fruhzug","status":"publish","type":"post","link":"https:\/\/vettensjournal.de\/klassischer-journalismus\/fruhzug\/","title":{"rendered":"FR\u00dcHZUG"},"content":{"rendered":"<p><em>scheisszeitenwende 84<\/em><\/p>\n<p>&nbsp;<\/p>\n<p>Und so kommt es, dass Hans Krohn in den Zug steigt und O. hinter sich l\u00e4sst.<\/p>\n<p>Wohin?<\/p>\n<p>Keinen Schimmer.<\/p>\n<p>N\u00e4chstbester Zug.<\/p>\n<p>&nbsp;<\/p>\n<p>Er steht an Gleis 1 \u2013 <em>O. <\/em>hat nur ein Gleis, einen Kassenautomaten, und auf der Anzeige steht oft, dass der Zug hierhin oder dorthin f\u00fcnf Minuten Versp\u00e4tung haben w\u00fcrde.<\/p>\n<p>Insofern sind die Z\u00fcge in O. p\u00fcnktlich: Sie kommen zu sp\u00e4t.<\/p>\n<p>&nbsp;<\/p>\n<p>Es ist halb sechs Uhr morgens. Nur Max. Ab und zu ein fr\u00fches Auto. Hans erinnert sich an ein franz\u00f6sisches Chanson.<\/p>\n<p>&nbsp;<\/p>\n<p><em>Paris s\u2019\u00e9veille.<\/em><\/p>\n<p>&nbsp;<\/p>\n<p>&nbsp;<\/p>\n<p style=\"text-align: center;\"><em>DAS DORF<\/em><\/p>\n<p style=\"text-align: center;\"><em>WACHT AUF<\/em><\/p>\n<p style=\"text-align: center;\"><em>\u00a0<\/em><\/p>\n<p style=\"text-align: center;\"><em>Mein Dorf<\/em><\/p>\n<p style=\"text-align: center;\"><em>Wacht auf.<\/em><\/p>\n<p style=\"text-align: center;\"><em>\u00a0<\/em><\/p>\n<p style=\"text-align: center;\"><em>Beim Bauern am Dorfrand<\/em><\/p>\n<p style=\"text-align: center;\"><em>L\u00e4uft im Stall Radio.<\/em><\/p>\n<p style=\"text-align: center;\"><em>\u00a0<\/em><\/p>\n<p style=\"text-align: center;\"><em>Die Viecher m\u00fcssen\u2019s anh\u00f6ren.<\/em><\/p>\n<p style=\"text-align: center;\"><em>schlagerschlagerschlager.<\/em><\/p>\n<p style=\"text-align: center;\"><em>\u00a0<\/em><\/p>\n<p style=\"text-align: center;\"><em>Mein Dorf<\/em><\/p>\n<p style=\"text-align: center;\"><em>Wacht auf.<\/em><\/p>\n<p style=\"text-align: center;\"><em>\u00a0<\/em><\/p>\n<p style=\"text-align: center;\"><em>Der Martin,<\/em><\/p>\n<p style=\"text-align: center;\"><em>Der wo mein bester Freund ist,<\/em><\/p>\n<p style=\"text-align: center;\"><em>\u00a0<\/em><\/p>\n<p style=\"text-align: center;\"><em>Tapert an der Kirche,<\/em><\/p>\n<p style=\"text-align: center;\"><em>Dem Heiligen Nikolaus \u00fcbereignet,<\/em><\/p>\n<p style=\"text-align: center;\"><em>\u00a0<\/em><\/p>\n<p style=\"text-align: center;\"><em>Vorbei und<\/em><\/p>\n<p style=\"text-align: center;\"><em>Hat einen Mordstrumm Rausch.<\/em><\/p>\n<p style=\"text-align: center;\"><em>\u00a0<\/em><\/p>\n<p style=\"text-align: center;\"><em>Aber niemand wird sich<\/em><\/p>\n<p style=\"text-align: center;\"><em>Nach ihm umdrehen.<\/em><\/p>\n<p style=\"text-align: center;\"><em>\u00a0<\/em><\/p>\n<p style=\"text-align: center;\"><em>Niemand wird sich eine<\/em><\/p>\n<p style=\"text-align: center;\"><em>Frage stellen.<\/em><\/p>\n<p style=\"text-align: center;\"><em>\u00a0<\/em><\/p>\n<p style=\"text-align: center;\"><em>Er wird in sein Bett fallen.<\/em><\/p>\n<p style=\"text-align: center;\"><em>Wieder ein Tag rum.<\/em><\/p>\n<p>&nbsp;<\/p>\n<p style=\"text-align: center;\"><em>Bevor er<\/em><\/p>\n<p style=\"text-align: center;\"><em>Angefangen hat.<\/em><\/p>\n<p style=\"text-align: center;\"><em>\u00a0<\/em><\/p>\n<p style=\"text-align: center;\"><em>Der Martin, wo mein<\/em><\/p>\n<p style=\"text-align: center;\"><em>Bester Freund war.<\/em><\/p>\n<p style=\"text-align: center;\"><em>\u00a0<\/em><\/p>\n<p style=\"text-align: center;\"><em>Blitzgescheit.<\/em><\/p>\n<p style=\"text-align: center;\"><em>Betrunken.<\/em><\/p>\n<p style=\"text-align: center;\"><em>\u00a0<\/em><\/p>\n<p style=\"text-align: center;\"><em>Mein Dorf<\/em><\/p>\n<p style=\"text-align: center;\"><em>Wacht auf.<\/em><\/p>\n<p style=\"text-align: center;\"><em>\u00a0<\/em><\/p>\n<p style=\"text-align: center;\"><em>Kamine schloten. Eine Kirchuhr schl\u00e4gt.<\/em><\/p>\n<p style=\"text-align: center;\"><em>Alte Frauen trotten nach Hause.<\/em><\/p>\n<p style=\"text-align: center;\"><em>\u00a0<\/em><\/p>\n<p style=\"text-align: center;\"><em>Sie haben die B\u00fcros<\/em><\/p>\n<p style=\"text-align: center;\"><em>In der Fabrik sauber gemacht.<\/em><\/p>\n<p style=\"text-align: center;\"><em>\u00a0<\/em><\/p>\n<p style=\"text-align: center;\"><em>Junge Frauen an der Haltestelle<\/em><\/p>\n<p style=\"text-align: center;\"><em>Gucken sie mit keinem Blick an.<\/em><\/p>\n<p style=\"text-align: center;\"><em>\u00a0<\/em><\/p>\n<p style=\"text-align: center;\"><em>Der Bus bringt<\/em><\/p>\n<p style=\"text-align: center;\"><em>Sie an die Schreibmaschinen<\/em><\/p>\n<p style=\"text-align: center;\"><em>\u00a0<\/em><\/p>\n<p style=\"text-align: center;\"><em>Sie tr\u00e4umen davon, dass<\/em><\/p>\n<p style=\"text-align: center;\"><em>Sie mal was Besseres sind.<\/em><\/p>\n<p style=\"text-align: center;\"><em>\u00a0<\/em><\/p>\n<p style=\"text-align: center;\"><em>Keines von diesen M\u00e4dchen<\/em><\/p>\n<p style=\"text-align: center;\"><em>Wird Krohn lieben.<\/em><\/p>\n<p style=\"text-align: center;\"><em>\u00a0<\/em><\/p>\n<p style=\"text-align: center;\"><em>Auch der Martin<\/em><\/p>\n<p style=\"text-align: center;\"><em>Hat nicht eine von denen an der Haltestelle<\/em><\/p>\n<p style=\"text-align: center;\"><em>\u00a0<\/em><\/p>\n<p style=\"text-align: center;\"><em>Gehabt.<\/em><\/p>\n<p style=\"text-align: center;\"><em>Dabei hat oft jemand in seinem Bett gelegen.<\/em><\/p>\n<p style=\"text-align: center;\"><em>\u00a0<\/em><\/p>\n<p style=\"text-align: center;\"><em>Aber nie eine von<\/em><\/p>\n<p style=\"text-align: center;\"><em>Denen aus dem Dorf.<\/em><\/p>\n<p style=\"text-align: center;\"><em>\u00a0<\/em><\/p>\n<p style=\"text-align: center;\"><em>Nun taumelt er durchs<\/em><\/p>\n<p style=\"text-align: center;\"><em>Dorf. Es ist ein Morgen wie sonst auch.<\/em><\/p>\n<p>&nbsp;<\/p>\n<p>Die Schranke legt sich flach. Gleich kommt der Zug. Es geht ins Gebirge.<\/p>\n","protected":false},"excerpt":{"rendered":"<p>scheisszeitenwende 84 &nbsp; Und so kommt es, dass Hans Krohn in den Zug steigt und O. hinter sich l\u00e4sst. Wohin? Keinen Schimmer. N\u00e4chstbester Zug. &nbsp; Er steht an Gleis 1 \u2013 O. hat nur ein Gleis, einen Kassenautomaten, und auf der Anzeige steht oft, dass der Zug hierhin oder dorthin f\u00fcnf Minuten Versp\u00e4tung haben w\u00fcrde. [&hellip;]<\/p>\n","protected":false},"author":3,"featured_media":5226,"comment_status":"closed","ping_status":"closed","sticky":false,"template":"","format":"standard","meta":{"footnotes":""},"categories":[932],"tags":[],"class_list":["post-5354","post","type-post","status-publish","format-standard","has-post-thumbnail","hentry","category-scheiss-zeitenwende","has-post-title","has-post-date","has-post-category","has-post-tag","has-post-comment","has-post-author",""],"_links":{"self":[{"href":"https:\/\/vettensjournal.de\/klassischer-journalismus\/wp-json\/wp\/v2\/posts\/5354","targetHints":{"allow":["GET"]}}],"collection":[{"href":"https:\/\/vettensjournal.de\/klassischer-journalismus\/wp-json\/wp\/v2\/posts"}],"about":[{"href":"https:\/\/vettensjournal.de\/klassischer-journalismus\/wp-json\/wp\/v2\/types\/post"}],"author":[{"embeddable":true,"href":"https:\/\/vettensjournal.de\/klassischer-journalismus\/wp-json\/wp\/v2\/users\/3"}],"replies":[{"embeddable":true,"href":"https:\/\/vettensjournal.de\/klassischer-journalismus\/wp-json\/wp\/v2\/comments?post=5354"}],"version-history":[{"count":1,"href":"https:\/\/vettensjournal.de\/klassischer-journalismus\/wp-json\/wp\/v2\/posts\/5354\/revisions"}],"predecessor-version":[{"id":5355,"href":"https:\/\/vettensjournal.de\/klassischer-journalismus\/wp-json\/wp\/v2\/posts\/5354\/revisions\/5355"}],"wp:featuredmedia":[{"embeddable":true,"href":"https:\/\/vettensjournal.de\/klassischer-journalismus\/wp-json\/wp\/v2\/media\/5226"}],"wp:attachment":[{"href":"https:\/\/vettensjournal.de\/klassischer-journalismus\/wp-json\/wp\/v2\/media?parent=5354"}],"wp:term":[{"taxonomy":"category","embeddable":true,"href":"https:\/\/vettensjournal.de\/klassischer-journalismus\/wp-json\/wp\/v2\/categories?post=5354"},{"taxonomy":"post_tag","embeddable":true,"href":"https:\/\/vettensjournal.de\/klassischer-journalismus\/wp-json\/wp\/v2\/tags?post=5354"}],"curies":[{"name":"wp","href":"https:\/\/api.w.org\/{rel}","templated":true}]}}