{"id":5349,"date":"2025-05-20T15:14:35","date_gmt":"2025-05-20T15:14:35","guid":{"rendered":"https:\/\/vettensjournal.de\/klassischer-journalismus\/?p=5349"},"modified":"2025-10-07T09:56:40","modified_gmt":"2025-10-07T09:56:40","slug":"das-wars","status":"publish","type":"post","link":"https:\/\/vettensjournal.de\/klassischer-journalismus\/das-wars\/","title":{"rendered":"DAS WAR&#8217;S"},"content":{"rendered":"<p>&nbsp;<\/p>\n<p><em>scheisszeitenwende 83<\/em><\/p>\n<p style=\"text-align: center;\"><strong><em>Baden gehen<\/em><\/strong><\/p>\n<p style=\"text-align: center;\">Den bierschweren Kopf sp\u00fclt Hans Krohn beim Schwimmen im See aus. Er setzt sich \u2013 obwohl Sonntag ist \u2013 an den Schreibtisch und arbeitet: Heute, sagt er sich, wird das Theaterst\u00fcck fertig.<\/p>\n<p><strong>\u00a0<\/strong><\/p>\n<p><strong>MIKE<\/strong> \u00a0\u00a0\u00a0\u00a0\u00a0\u00a0\u00a0Das sind ernste Zeiten, in denen Du erkennst, wer Dein Freund ist und wer nicht.<\/p>\n<p><strong>GLATZE<\/strong>\u00a0\u00a0\u00a0\u00a0\u00a0\u00a0\u00a0\u00a0\u00a0 H\u00e4h?<\/p>\n<p><strong>MIKE<\/strong>\u00a0\u00a0\u00a0\u00a0\u00a0\u00a0 Ich bin ger\u00fchrt.<\/p>\n<p><strong>GLATZE<\/strong>\u00a0\u00a0\u00a0\u00a0\u00a0\u00a0\u00a0 Was biste?<\/p>\n<p><strong>MIKE <\/strong>\u00a0\u00a0\u00a0\u00a0\u00a0\u00a0\u00a0\u00a0\u00a0Ich erkl\u00e4r\u2019s Dir. Vor einem Jahr haben wir noch hier rum gehangen und nicht gewusst, was los ist. Du hast an der Marokkanerin rumschrauben wollen. Ich habe in der Ecke gesessen, um die Susi geheult und gedacht, dass das nie wieder was wird mit irgendwas.<\/p>\n<p><strong>GLATZE<\/strong>\u00a0\u00a0\u00a0\u00a0 Und jetzt? Ist jetzt was anders?<\/p>\n<p><strong>MIKE\u00a0 <\/strong>\u00a0\u00a0\u00a0\u00a0\u00a0\u00a0\u00a0Aber hallo! Schnallst Du es nicht? Am Tag drauf\u00a0 &#8211; ein Jahr ist das her \u2013 treffen wir ein paar wildfremde Menschen am See und kommen ins Reden mit denen. Das ist was Besonderes gewesen. War das nicht was Besonderes, Alexej?<\/p>\n<p><strong>ALEXEJ<\/strong>\u00a0\u00a0\u00a0\u00a0\u00a0\u00a0\u00a0\u00a0\u00a0 Ein gro\u00dfes Wort sprichst Du gelassen aus. Reden. Nicht reden. Nicht mehr reden. Das Reden verlernt haben. Wir lebten in der Welt der vergessenen S\u00e4tze. Da beugten sie die K\u00f6pfe \u00fcber ihre Handys, die Menschen, und wurden zu gro\u00dfen Schweigern. Sie wurden zu L\u00e4mmern, die schwiegen. \u201eDas Schweigen\u201c! Tystnaden, Schwedisch \u201edie Stille, die Ruhe, das Schweigen\u201c! Bergmann. Der gro\u00dfe Bergmann!<\/p>\n<p><strong>GLATZE<\/strong>\u00a0\u00a0\u00a0\u00a0 Was hat er jetzt schon wieder? Er vertr\u00e4gt nix, Dein Alter.<\/p>\n<p><strong>MARIANNE<\/strong>\u00a0\u00a0\u00a0\u00a0\u00a0 Sehe ich auch so. Er sagt, er ist ein K\u00fcnstler. Lass\u2018 ihn einfach reden.<\/p>\n<p><em>Alexej murmelt Philosophisches, was wir nicht verstehen. Von jetzt an bellt er ab und zu ein Wort oder einen Satz in die Unterhaltung.<\/em><\/p>\n<p><strong>FRAU REIMANN<\/strong>\u00a0\u00a0\u00a0\u00a0\u00a0\u00a0\u00a0\u00a0\u00a0\u00a0 Genau. Ist ja nicht so schlimm. Ich finde es auch ganz toll, dass wir uns hier so getroffen haben. H\u00e4tte ja keiner ahnen k\u00f6nnen. Und dass wir auch noch aus derselben Stra\u00dfe\u2026<\/p>\n<p><strong>ALEXEJ <\/strong>\u00a0\u00a0\u00a0\u00a0\u00a0\u00a0\u00a0\u00a0\u00a0Wovon man nicht sprechen kann, dar\u00fcber muss man schweigen. Tacitus.<\/p>\n<p><strong>FRAU REIMANN<\/strong>\u00a0\u00a0\u00a0\u00a0\u00a0\u00a0 Dass wir aus derselben Stra\u00dfe kommen. Ist schon komisch: Da lebt man jahrelang dort, und man kennt seine Nachbarn nicht.<\/p>\n<p><strong>HERR REIMANN<\/strong>\u00a0\u00a0\u00a0\u00a0\u00a0\u00a0\u00a0\u00a0 Na, die Marianne habe ich schon manchmal gesehen, morgens beim Joggen. Kann das sein, dass Du da mit einem Hund\u2026<\/p>\n<p><strong>ALEXEJ<\/strong>\u00a0\u00a0\u00a0\u00a0\u00a0\u00a0\u00a0\u00a0\u00a0 Das Gewissen redet einzig und st\u00e4ndig im Modus des Schweigens\u2026<\/p>\n<p><strong>MARIANNE <\/strong>\u00a0\u00a0\u00a0\u00a0\u00a0Oje, jetzt ist er beim Heidegger.<\/p>\n<p><strong>MIKE<\/strong>\u00a0\u00a0\u00a0\u00a0\u00a0\u00a0\u00a0\u00a0 Woher wei\u00dft Du das?<\/p>\n<p><strong>MARIANNE<\/strong>\u00a0\u00a0\u00a0\u00a0\u00a0\u00a0\u00a0 Das kenne ich. Ist ein Programm. Wie eine Schallplatte. Lauter Spr\u00fcche f\u00fcr Angeber. Oder glaubst, der Alexej liest Heidegger?<\/p>\n<p><strong>HERR REIMANN<\/strong>\u00a0\u00a0\u00a0\u00a0\u00a0\u00a0 Kann das jetzt sein, dass ich Dich mit einem Hund gesehen habe?<\/p>\n<p><strong>MARIANNE<\/strong>\u00a0\u00a0\u00a0\u00a0\u00a0\u00a0\u00a0\u00a0\u00a0 Gut m\u00f6glich. Will nicht dr\u00fcber reden.<\/p>\n<p><strong>ALEXEJ<\/strong>\u00a0\u00a0\u00a0\u00a0\u00a0\u00a0 Ich wei\u00df nicht immer, wovon ich rede. Aber ich wei\u00df, dass ich recht habe. Muhammad Ali.<\/p>\n<p><strong>GLATZE<\/strong>\u00a0\u00a0\u00a0\u00a0\u00a0 Echt?<\/p>\n<p><strong>MARIANNE<\/strong>\u00a0\u00a0\u00a0\u00a0\u00a0\u00a0 Einfach nicht ignorieren. Sonst h\u00f6rt er gar nicht mehr auf.<\/p>\n<p><strong>GLATZE<\/strong>\u00a0\u00a0\u00a0\u00a0\u00a0\u00a0\u00a0 Ist doch nicht schlimm. Ein Witziger, Dein Alter.<\/p>\n<p><strong>MARIANNE<\/strong>\u00a0\u00a0\u00a0\u00a0\u00a0 So kann man\u2019s auch sagen.<\/p>\n<p><strong>ALEXEJ<\/strong>\u00a0\u00a0\u00a0\u00a0\u00a0\u00a0\u00a0 Mein Witz, ich meld\u2019s Euch, f\u00fchrt in gar schwarze Nacht.<\/p>\n<p><strong>GLATZE<\/strong>\u00a0\u00a0\u00a0\u00a0\u00a0\u00a0\u00a0 Gott? Beckenbauer? Lady Gaga?<\/p>\n<p><strong>ALEXEJ<\/strong>\u00a0\u00a0\u00a0\u00a0\u00a0 Depp, ungebildeter. Das ist von mir.<\/p>\n<p><strong>MIKE <\/strong>\u00a0\u00a0\u00a0\u00a0\u00a0\u00a0\u00a0Aber jetzt bin ich ganz von meinem Gedanken ab gekommen. Also, wir treffen uns, wir reden. Dann schauen wir zu, wie die Dressler im See abs\u00e4uft.<\/p>\n<p><strong>GLATZE<\/strong>\u00a0\u00a0\u00a0\u00a0\u00a0\u00a0 Jetzt wei\u00df ich, was Du meinst. Wir gucken der beim Ertrinken zu. In den Tagen drauf werden wir von den Bullen in die Mangel genommen\u2026<\/p>\n<p><strong>MARIANNE<\/strong>\u00a0\u00a0\u00a0\u00a0\u00a0\u00a0\u00a0 Ja, das habe ich nie ganz verstanden. Die bestellen jeden von uns ein. Danach m\u00fcsste allen klar gewesen sein, dass wir alles gesehen haben.<\/p>\n<p><strong>FRAU REIMANN<\/strong>\u00a0\u00a0\u00a0\u00a0\u00a0 Aber keiner hat sich nochmal gemeldet. Und mein Mann hat einen Bekannten, der ist bei der Polzei. Der hat ihn wissen lassen, dass wir uns keine Sorgen machen m\u00fcssen.<\/p>\n<p><strong>HERR REIMANN<\/strong>\u00a0\u00a0\u00a0\u00a0\u00a0 Der Akt, hat er gesagt, ist geschlossen.<\/p>\n<p><strong>ALEXEJ<\/strong>\u00a0\u00a0\u00a0\u00a0 Dann lasst uns den Schampus aufmachen. Nochmal davon gekommen. Pandemie vorbei. Dressler vergessen. Auf ein Neues. NIEMALS WAR MEHR ANFANG ALS JETZT.<\/p>\n<p><strong>MARIANNE<\/strong>\u00a0\u00a0\u00a0\u00a0\u00a0\u00a0\u00a0\u00a0\u00a0\u00a0\u00a0 Puh!<\/p>\n<p><strong>ALEXEJ<\/strong>\u00a0\u00a0\u00a0\u00a0\u00a0\u00a0\u00a0\u00a0 Nix Puh! Walt Whitman. Schwul. Arm. Gel\u00e4hmt. Und \u00fcberhaupt nicht bl\u00f6d.<\/p>\n<p>&nbsp;<\/p>\n<p>Punkt. Hans speichert die Datei.<\/p>\n<p>Jetzt h\u00e4lt ihn nichts mehr.<\/p>\n","protected":false},"excerpt":{"rendered":"<p>&nbsp; scheisszeitenwende 83 Baden gehen Den bierschweren Kopf sp\u00fclt Hans Krohn beim Schwimmen im See aus. Er setzt sich \u2013 obwohl Sonntag ist \u2013 an den Schreibtisch und arbeitet: Heute, sagt er sich, wird das Theaterst\u00fcck fertig. \u00a0 MIKE \u00a0\u00a0\u00a0\u00a0\u00a0\u00a0\u00a0Das sind ernste Zeiten, in denen Du erkennst, wer Dein Freund ist und wer nicht. GLATZE\u00a0\u00a0\u00a0\u00a0\u00a0\u00a0\u00a0\u00a0\u00a0 [&hellip;]<\/p>\n","protected":false},"author":3,"featured_media":5327,"comment_status":"closed","ping_status":"closed","sticky":false,"template":"","format":"standard","meta":{"footnotes":""},"categories":[932],"tags":[],"class_list":["post-5349","post","type-post","status-publish","format-standard","has-post-thumbnail","hentry","category-scheiss-zeitenwende","has-post-title","has-post-date","has-post-category","has-post-tag","has-post-comment","has-post-author",""],"_links":{"self":[{"href":"https:\/\/vettensjournal.de\/klassischer-journalismus\/wp-json\/wp\/v2\/posts\/5349","targetHints":{"allow":["GET"]}}],"collection":[{"href":"https:\/\/vettensjournal.de\/klassischer-journalismus\/wp-json\/wp\/v2\/posts"}],"about":[{"href":"https:\/\/vettensjournal.de\/klassischer-journalismus\/wp-json\/wp\/v2\/types\/post"}],"author":[{"embeddable":true,"href":"https:\/\/vettensjournal.de\/klassischer-journalismus\/wp-json\/wp\/v2\/users\/3"}],"replies":[{"embeddable":true,"href":"https:\/\/vettensjournal.de\/klassischer-journalismus\/wp-json\/wp\/v2\/comments?post=5349"}],"version-history":[{"count":1,"href":"https:\/\/vettensjournal.de\/klassischer-journalismus\/wp-json\/wp\/v2\/posts\/5349\/revisions"}],"predecessor-version":[{"id":5367,"href":"https:\/\/vettensjournal.de\/klassischer-journalismus\/wp-json\/wp\/v2\/posts\/5349\/revisions\/5367"}],"wp:featuredmedia":[{"embeddable":true,"href":"https:\/\/vettensjournal.de\/klassischer-journalismus\/wp-json\/wp\/v2\/media\/5327"}],"wp:attachment":[{"href":"https:\/\/vettensjournal.de\/klassischer-journalismus\/wp-json\/wp\/v2\/media?parent=5349"}],"wp:term":[{"taxonomy":"category","embeddable":true,"href":"https:\/\/vettensjournal.de\/klassischer-journalismus\/wp-json\/wp\/v2\/categories?post=5349"},{"taxonomy":"post_tag","embeddable":true,"href":"https:\/\/vettensjournal.de\/klassischer-journalismus\/wp-json\/wp\/v2\/tags?post=5349"}],"curies":[{"name":"wp","href":"https:\/\/api.w.org\/{rel}","templated":true}]}}