{"id":5347,"date":"2025-05-20T06:54:08","date_gmt":"2025-05-20T06:54:08","guid":{"rendered":"https:\/\/vettensjournal.de\/klassischer-journalismus\/?p=5347"},"modified":"2025-10-07T09:55:18","modified_gmt":"2025-10-07T09:55:18","slug":"i-had-a-dream","status":"publish","type":"post","link":"https:\/\/vettensjournal.de\/klassischer-journalismus\/i-had-a-dream\/","title":{"rendered":"I HAD A DREAM"},"content":{"rendered":"<p><em>scheisszeitenwende 82<\/em><\/p>\n<p>Hans Krohn hat einen Traum.<\/p>\n<p>&nbsp;<\/p>\n<p>Er ist Alan Garber, der Pr\u00e4sident der University of Harvard.<\/p>\n<p>\u201eSie haben Post von Herrn Trump, Boss\u201c, sagt die Sekret\u00e4rin.<\/p>\n<p>Post von Trump? Mal sehen, was das Arschloch schreibt.<\/p>\n<p>Alan Garber schlitzt den Brief \u2013 B\u00fcttenpapier, ein bisschen arg edel und schleifig, der Briefkopf \u2013 auf und liest:<\/p>\n<p style=\"text-align: center;\"><em>Harvard ist ein Witz, lehrt Hass und Dummheit und sollte keine Bundesmittel mehr erhalten. Harvard soll auf keiner Liste der besten Universit\u00e4ten oder Hochschulen der Welt mehr stehen. Harvard hat fast ausschlie\u00dflich Woke, Linksradikale, Idioten und \u203aSpatzenhirne\u2039 eingestellt.<\/em><\/p>\n<p>Der hagere Uni-Dekan l\u00e4chelt und l\u00e4sst seinen Chef der \u201eGrammar and Writing Courses\u201c kommen.<\/p>\n<p>\u201eKannst Du den Wisch mal korrigieren, mein Freund?\u201c<\/p>\n<p>\u201eKlar, mach\u2018 ich.\u201c<\/p>\n<p>Nach einer Stunde hat Garber den Brief zur\u00fcck. Er ist durchsetzt mit Markierungen, \u00fcbers\u00e4t mit Bemerkungen.<\/p>\n<p>Keine Frage: Das Werk aus Washington hat die Pr\u00fcfung nicht bestanden.<\/p>\n<p>Wegen Dummheit durchgefallen.<\/p>\n<p>&nbsp;<\/p>\n<p>War nur ein Traum, denkt Hans. Da sieht er auf dem K\u00fcchentisch den korrigierten Brief an die Harvard-Hochschule. Den hat er gestern noch aus dem Netz geladen und wohl w\u00e4hrend der langen Meisterschaftsfeier f\u00fcr den FC Bayern M\u00fcnchen gelesen.<\/p>\n<p>Dann ist er dr\u00fcber eingeschlafen.<\/p>\n<p>Au fein! War gar kein Traum!<\/p>\n","protected":false},"excerpt":{"rendered":"<p>scheisszeitenwende 82 Hans Krohn hat einen Traum. &nbsp; Er ist Alan Garber, der Pr\u00e4sident der University of Harvard. \u201eSie haben Post von Herrn Trump, Boss\u201c, sagt die Sekret\u00e4rin. Post von Trump? Mal sehen, was das Arschloch schreibt. Alan Garber schlitzt den Brief \u2013 B\u00fcttenpapier, ein bisschen arg edel und schleifig, der Briefkopf \u2013 auf und [&hellip;]<\/p>\n","protected":false},"author":3,"featured_media":5323,"comment_status":"closed","ping_status":"closed","sticky":false,"template":"","format":"standard","meta":{"footnotes":""},"categories":[932],"tags":[],"class_list":["post-5347","post","type-post","status-publish","format-standard","has-post-thumbnail","hentry","category-scheiss-zeitenwende","has-post-title","has-post-date","has-post-category","has-post-tag","has-post-comment","has-post-author",""],"_links":{"self":[{"href":"https:\/\/vettensjournal.de\/klassischer-journalismus\/wp-json\/wp\/v2\/posts\/5347","targetHints":{"allow":["GET"]}}],"collection":[{"href":"https:\/\/vettensjournal.de\/klassischer-journalismus\/wp-json\/wp\/v2\/posts"}],"about":[{"href":"https:\/\/vettensjournal.de\/klassischer-journalismus\/wp-json\/wp\/v2\/types\/post"}],"author":[{"embeddable":true,"href":"https:\/\/vettensjournal.de\/klassischer-journalismus\/wp-json\/wp\/v2\/users\/3"}],"replies":[{"embeddable":true,"href":"https:\/\/vettensjournal.de\/klassischer-journalismus\/wp-json\/wp\/v2\/comments?post=5347"}],"version-history":[{"count":1,"href":"https:\/\/vettensjournal.de\/klassischer-journalismus\/wp-json\/wp\/v2\/posts\/5347\/revisions"}],"predecessor-version":[{"id":5366,"href":"https:\/\/vettensjournal.de\/klassischer-journalismus\/wp-json\/wp\/v2\/posts\/5347\/revisions\/5366"}],"wp:featuredmedia":[{"embeddable":true,"href":"https:\/\/vettensjournal.de\/klassischer-journalismus\/wp-json\/wp\/v2\/media\/5323"}],"wp:attachment":[{"href":"https:\/\/vettensjournal.de\/klassischer-journalismus\/wp-json\/wp\/v2\/media?parent=5347"}],"wp:term":[{"taxonomy":"category","embeddable":true,"href":"https:\/\/vettensjournal.de\/klassischer-journalismus\/wp-json\/wp\/v2\/categories?post=5347"},{"taxonomy":"post_tag","embeddable":true,"href":"https:\/\/vettensjournal.de\/klassischer-journalismus\/wp-json\/wp\/v2\/tags?post=5347"}],"curies":[{"name":"wp","href":"https:\/\/api.w.org\/{rel}","templated":true}]}}