{"id":5259,"date":"2025-04-08T07:36:10","date_gmt":"2025-04-08T07:36:10","guid":{"rendered":"https:\/\/vettensjournal.de\/klassischer-journalismus\/?p=5259"},"modified":"2025-04-09T05:36:41","modified_gmt":"2025-04-09T05:36:41","slug":"trugerisch-der-friede","status":"publish","type":"post","link":"https:\/\/vettensjournal.de\/klassischer-journalismus\/trugerisch-der-friede\/","title":{"rendered":"FALSCHER FRIEDE"},"content":{"rendered":"<p><em>scheisszeitenwende 55<\/em><\/p>\n<p style=\"text-align: center;\"><strong><em>Baden gehen<\/em><\/strong><\/p>\n<p style=\"text-align: center;\"><em>AM SEE. Nicht viel los. Das Schreien und Lachen von badenden Kindern kommt von weither. Auf den Badet\u00fcchern sitzen, l\u00fcmmeln, liegen, essen, trinken, lesen, cremen sich unsere Helden ein. Glatze und Mike haben sich Bier aufgemacht. Die Unterhaltung macht manchmal ein wenig M\u00fche \u2013 es ist halt doch recht hei\u00df.<\/em><\/p>\n<p style=\"text-align: center;\"><strong>\u00a0<\/strong><\/p>\n<p><strong>MIKE<\/strong>\u00a0\u00a0\u00a0\u00a0\u00a0\u00a0\u00a0\u00a0 Na, dann prost. Das brauch\u2018 ich jetzt, das Bier.<\/p>\n<p><strong>GLATZE<\/strong>\u00a0\u00a0\u00a0\u00a0\u00a0\u00a0\u00a0 Des darfst laut sagen. Ich h\u00e4tt\u2018 schon im Kaffee ein Bier nehmen sollen. Bei dem Brand, den ich von gestern hab\u2018.<\/p>\n<p><strong>MIKE\u00a0 <\/strong>\u00a0\u00a0\u00a0\u00a0\u00a0\u00a0\u00a0\u00a0\u00a0Heut\u2018 wird\u2019s noch w\u00e4rmer, haben sie gesagt.<\/p>\n<p><strong>GLATZE<\/strong>\u00a0\u00a0\u00a0\u00a0\u00a0\u00a0 Sollen wir noch ein Bier kaufen? Man wei\u00df ja nie.<\/p>\n<p><strong>MIKE <\/strong>\u00a0\u00a0\u00a0\u00a0\u00a0\u00a0\u00a0\u00a0\u00a0Nein, wir haben genug. Im Kofferraum sind noch zwei K\u00e4sten. Und die Anderen werden auch noch was mitbringen.<\/p>\n<p><strong>GLATZE <\/strong>\u00a0\u00a0\u00a0\u00a0\u00a0Wo sind die denn?<\/p>\n<p><strong>MIKE<\/strong>\u00a0\u00a0\u00a0\u00a0\u00a0\u00a0\u00a0\u00a0\u00a0\u00a0 Wei\u00df nicht. Die werden noch pennen. Die kommen schon noch.<\/p>\n<p><strong>GLATZE\u00a0\u00a0 <\/strong>\u00a0\u00a0\u00a0\u00a0\u00a0Vielleicht suchen wir uns einen anderen Platz. Hier \u2013 das ist ja der Familienstrand. Nur langweilige Typen, das ist ja schon ein Altersheim.<\/p>\n<p><strong>MIKE <\/strong>\u00a0\u00a0\u00a0\u00a0\u00a0\u00a0\u00a0\u00a0\u00a0\u00a0\u00a0Ist doch egal. Solange die Leute sich nicht \u00fcber uns aufregen, find\u2018 ich das hier v\u00f6llig okay. Musst ja nicht hingucken, zu den Leuten\u2026<\/p>\n<p>&nbsp;<\/p>\n<p style=\"text-align: center;\"><em>Schwenk zu den REIMANNS. Die haben es sich f\u00fcr die halbe Ewigkeit eingerichtet. Klapptisch mit St\u00fchlen. Picknickkorb. Geschirr auf dem Tisch. Kaffee aus der Thermoskanne. Zwei Liegest\u00fchle, auf denen es sich die REIMANNS gem\u00fctlich gemacht haben. Die Kinder sind bei Freunden, man braucht beim Reden nicht auf die W\u00f6rter zu achten.<\/em><\/p>\n<p><strong>\u00a0<\/strong><\/p>\n<p><strong>HERR REIMANN<\/strong>\u00a0\u00a0\u00a0\u00a0\u00a0 Istrien ist es nicht. Aber es hat doch auch was. Oder?<\/p>\n<p><strong>FRAU REIMANN<\/strong>\u00a0\u00a0\u00a0\u00a0\u00a0\u00a0\u00a0\u00a0 Sag\u2018 ich doch. Und Istrien war gar nicht so toll.<\/p>\n<p><strong>HERR REIMANN<\/strong>\u00a0\u00a0\u00a0\u00a0\u00a0\u00a0\u00a0\u00a0\u00a0 Ich finde, wir haben es sch\u00f6n getroffen in Istrien.<\/p>\n<p><strong>FRAU REIMANN<\/strong>\u00a0\u00a0\u00a0\u00a0\u00a0\u00a0 Da verwechselst Du etwas. Du hast es gut erwischt. In Istrien bist Du fast umgezogen aufs Badetuch von der Tussi aus Bamberg.<\/p>\n<p><strong>HERR REIMANN<\/strong>\u00a0\u00a0\u00a0\u00a0\u00a0 F\u00e4ngst wieder mit der Geschichte an. Da hast doch den Mann von der Susi angesprochen. Soweit ich mich erinnere, hast Du die Beiden zu uns an den Tisch eingeladen \u2013 weil sie aus Franken sind und Du auch. Hahaha, haben wir gelacht. Ihr habt Euch doch prima am\u00fcsiert \u2013 und ich, der Trampel aus der Pfalz, habe daneben gesessen und Euch beim Franken-Fasching in Istrien beobachtet. Und wenn ich mich recht erinnere, habe ich an dem Abend f\u00fcr alle bezahlt, auch f\u00fcr die lauten Kinder von Heiner und Jessica.<\/p>\n<p><strong>FRAU REIMANN<\/strong>\u00a0\u00a0\u00a0\u00a0\u00a0\u00a0\u00a0\u00a0 Du hattest Deinen Spa\u00df, das wei\u00df ich noch. Und Du hast vorgeschlagen, dass wir gemeinsam an den Strand gehen k\u00f6nnen.<\/p>\n<p><strong>HERR REIMANN<\/strong>\u00a0\u00a0\u00a0\u00a0\u00a0\u00a0 Vor allem wegen der Kinder. Da kann man sich das Aufpassen teilen, habe ich gedacht. So haben wir es ja auch gemacht.<\/p>\n<p><strong>FRAU REIMANN<\/strong>\u00a0\u00a0\u00a0\u00a0\u00a0 Ja, so ist es gemacht worden. Der Heiner und ich haben aufgepasst \u2013 und Du hast mit der Jessica zusammen gegluckt.<\/p>\n<p><strong>HERR REIMANN<\/strong>\u00a0\u00a0\u00a0\u00a0\u00a0 Ach Gott! Herrjeh! Wenn man schon mal Urlaub hat\u2026<\/p>\n","protected":false},"excerpt":{"rendered":"<p>scheisszeitenwende 55 Baden gehen AM SEE. Nicht viel los. Das Schreien und Lachen von badenden Kindern kommt von weither. Auf den Badet\u00fcchern sitzen, l\u00fcmmeln, liegen, essen, trinken, lesen, cremen sich unsere Helden ein. Glatze und Mike haben sich Bier aufgemacht. Die Unterhaltung macht manchmal ein wenig M\u00fche \u2013 es ist halt doch recht hei\u00df. \u00a0 [&hellip;]<\/p>\n","protected":false},"author":3,"featured_media":4938,"comment_status":"closed","ping_status":"closed","sticky":false,"template":"","format":"standard","meta":{"footnotes":""},"categories":[932],"tags":[],"class_list":["post-5259","post","type-post","status-publish","format-standard","has-post-thumbnail","hentry","category-scheiss-zeitenwende","has-post-title","has-post-date","has-post-category","has-post-tag","has-post-comment","has-post-author",""],"_links":{"self":[{"href":"https:\/\/vettensjournal.de\/klassischer-journalismus\/wp-json\/wp\/v2\/posts\/5259","targetHints":{"allow":["GET"]}}],"collection":[{"href":"https:\/\/vettensjournal.de\/klassischer-journalismus\/wp-json\/wp\/v2\/posts"}],"about":[{"href":"https:\/\/vettensjournal.de\/klassischer-journalismus\/wp-json\/wp\/v2\/types\/post"}],"author":[{"embeddable":true,"href":"https:\/\/vettensjournal.de\/klassischer-journalismus\/wp-json\/wp\/v2\/users\/3"}],"replies":[{"embeddable":true,"href":"https:\/\/vettensjournal.de\/klassischer-journalismus\/wp-json\/wp\/v2\/comments?post=5259"}],"version-history":[{"count":1,"href":"https:\/\/vettensjournal.de\/klassischer-journalismus\/wp-json\/wp\/v2\/posts\/5259\/revisions"}],"predecessor-version":[{"id":5263,"href":"https:\/\/vettensjournal.de\/klassischer-journalismus\/wp-json\/wp\/v2\/posts\/5259\/revisions\/5263"}],"wp:featuredmedia":[{"embeddable":true,"href":"https:\/\/vettensjournal.de\/klassischer-journalismus\/wp-json\/wp\/v2\/media\/4938"}],"wp:attachment":[{"href":"https:\/\/vettensjournal.de\/klassischer-journalismus\/wp-json\/wp\/v2\/media?parent=5259"}],"wp:term":[{"taxonomy":"category","embeddable":true,"href":"https:\/\/vettensjournal.de\/klassischer-journalismus\/wp-json\/wp\/v2\/categories?post=5259"},{"taxonomy":"post_tag","embeddable":true,"href":"https:\/\/vettensjournal.de\/klassischer-journalismus\/wp-json\/wp\/v2\/tags?post=5259"}],"curies":[{"name":"wp","href":"https:\/\/api.w.org\/{rel}","templated":true}]}}