{"id":5245,"date":"2025-03-31T07:16:02","date_gmt":"2025-03-31T07:16:02","guid":{"rendered":"https:\/\/vettensjournal.de\/klassischer-journalismus\/?p=5245"},"modified":"2025-03-31T07:16:02","modified_gmt":"2025-03-31T07:16:02","slug":"stenz-bloder","status":"publish","type":"post","link":"https:\/\/vettensjournal.de\/klassischer-journalismus\/stenz-bloder\/","title":{"rendered":"STENZ, BL\u00d6DER!"},"content":{"rendered":"<p><em>scheisszeitenwende 49<\/em><\/p>\n<p style=\"text-align: center;\"><strong><em>Baden gehen<\/em><\/strong><\/p>\n<p style=\"text-align: center;\"><em>Alexej ist so laut geworden, dass man ihn unbedingt an den Nachbartischen h\u00f6ren muss. Er hat einen beeindruckenden Auftritt.<\/em><\/p>\n<p style=\"text-align: center;\"><strong>\u00a0<\/strong><\/p>\n<p><strong>MARIANNE\u00a0 <\/strong>\u00a0\u00a0Jaja, ich erinnere mich.<\/p>\n<p><strong>ALEXEJ <\/strong>\u00a0\u00a0\u00a0Gev\u00f6gelt haben wir, als ob es kein Morgen g\u00e4be.<\/p>\n<p><strong>MARIANNE<\/strong>\u00a0\u00a0\u00a0\u00a0 Ich hab\u2018 ja gesagt, dass ich mich erinnere.<\/p>\n<p><strong>ALEXEJ<\/strong>\u00a0\u00a0\u00a0\u00a0\u00a0\u00a0 Vielleicht erinnert sich Madame dass ich die Serie nicht nur geschmissen habe, weil sie unter meinem Niveau ist. Nein, wirklich nicht \u2013 ich h\u00e4tte das weiter gemacht, weil es ein gutes Geld war \u2013 und weil von Madame ja kein Geld zu erwarten war. Vielleicht, s\u2019il vous plait, erinnert sich Madame.<\/p>\n<p><strong>MARIANNE<\/strong>\u00a0\u00a0\u00a0\u00a0 Was soll das jetzt wieder hei\u00dfen?<\/p>\n<p><strong>ALEXEJ <\/strong>\u00a0\u00a0\u00a0\u00a0\u00a0\u00a0\u00a0Ich sage nur: Yvonne.<\/p>\n<p><strong>MARIANNE <\/strong>\u00a0\u00a0\u00a0\u00a0\u00a0Wie bitte? Du willst jetzt nicht behaupten, dass\u2026<\/p>\n<p><strong>ALEXEJ <\/strong>\u00a0\u00a0\u00a0\u00a0Doch, genau das will ich. Ich habe wegen Deiner geschissenen Eifersucht den Job hingeschmissen. Du hast ja nicht aufh\u00f6ren k\u00f6nnen. Wie besessen bist Du gewesen.<\/p>\n<p><strong>MARIANNE<\/strong>\u00a0\u00a0\u00a0\u00a0\u00a0 Geht\u2019s vielleicht noch lauter. Das ganze Caf\u00e9 h\u00f6rt mit.<\/p>\n<p><strong>ALEXEJ<\/strong>\u00a0\u00a0\u00a0\u00a0 Na und? Sollen sie doch. (<em>Beugt sich in Richtung des Nachbartischs.)<\/em> Ist die Lautst\u00e4rke okay? Soll ich vielleicht etwas erkl\u00e4ren? Wollen Sie vielleicht wissen, wie das war mit der Eifersucht?<\/p>\n<p><strong>MARIANNE<\/strong>\u00a0 <em>(zischt)<\/em>\u00a0\u00a0 Du bist echt ein Arschloch.<\/p>\n<p><strong>ALEXEJ<\/strong> <em>(dreht noch ein bissl auf)<\/em>\u00a0\u00a0\u00a0\u00a0 Soll ich erz\u00e4hlen\u2026 Achwas, wissen\u2019s, was? Ich erz\u00e4hle es einfach.<\/p>\n<p><strong>MARIANNE\u00a0\u00a0 <\/strong>\u00a0Lass\u2018 es.<\/p>\n<p><strong>ALEXEJ\u00a0\u00a0\u00a0\u00a0 <\/strong>\u00a0\u00a0Nein, grad nicht. Also, Vorhang auf f\u00fcr Marianne und Alexej. Wir haben Winter, Alexej kommt heim, gearbeitet hat er, Au\u00dfendreh, ihm ist grundkalt, er hat sich wahrscheinlich eine Erk\u00e4ltung geholt, weil er daf\u00fcr gesorgt hat, dass die Kohle aufs Konto kommt. Er betritt also das Haus\u2026<\/p>\n<p><strong>MARIANNE<\/strong>\u00a0\u00a0\u00a0 Wennst schon den Schmarrn erz\u00e4hlst, dann mach es richtig. <em>(Sie beugt sich zu den Nachbarn)<\/em>\u00a0 Wir haben kein Haus, uns geh\u00f6rt gar nix. Zur Miete wohnen wir in einer Doppelhaush\u00e4lfte \u2013 zu mehr reicht es beim Herrn Staatsschauspieler nicht. Ein Stenz meint er, ist er, der Herr Schauspieler &#8211; dabei reicht es nicht mal zum&#8230;<\/p>\n<p><strong>ALEXEJ <\/strong>\u00a0\u00a0\u00a0\u00a0\u00a0Darf ich Iggy Pop bem\u00fchen: BLABLABLA.<\/p>\n<p><strong>MARIANNE <\/strong>\u00a0\u00a0\u00a0\u00a0Ach, Du und Iggy Pop. Und Du und Fallada. Und Du und Nietzsche. Dabei muss es hei\u00dfen: Und Du und Du und Du.<\/p>\n","protected":false},"excerpt":{"rendered":"<p>scheisszeitenwende 49 Baden gehen Alexej ist so laut geworden, dass man ihn unbedingt an den Nachbartischen h\u00f6ren muss. Er hat einen beeindruckenden Auftritt. \u00a0 MARIANNE\u00a0 \u00a0\u00a0Jaja, ich erinnere mich. ALEXEJ \u00a0\u00a0\u00a0Gev\u00f6gelt haben wir, als ob es kein Morgen g\u00e4be. MARIANNE\u00a0\u00a0\u00a0\u00a0 Ich hab\u2018 ja gesagt, dass ich mich erinnere. ALEXEJ\u00a0\u00a0\u00a0\u00a0\u00a0\u00a0 Vielleicht erinnert sich Madame dass ich [&hellip;]<\/p>\n","protected":false},"author":3,"featured_media":802,"comment_status":"closed","ping_status":"closed","sticky":false,"template":"","format":"standard","meta":{"footnotes":""},"categories":[932],"tags":[],"class_list":["post-5245","post","type-post","status-publish","format-standard","has-post-thumbnail","hentry","category-scheiss-zeitenwende","has-post-title","has-post-date","has-post-category","has-post-tag","has-post-comment","has-post-author",""],"_links":{"self":[{"href":"https:\/\/vettensjournal.de\/klassischer-journalismus\/wp-json\/wp\/v2\/posts\/5245","targetHints":{"allow":["GET"]}}],"collection":[{"href":"https:\/\/vettensjournal.de\/klassischer-journalismus\/wp-json\/wp\/v2\/posts"}],"about":[{"href":"https:\/\/vettensjournal.de\/klassischer-journalismus\/wp-json\/wp\/v2\/types\/post"}],"author":[{"embeddable":true,"href":"https:\/\/vettensjournal.de\/klassischer-journalismus\/wp-json\/wp\/v2\/users\/3"}],"replies":[{"embeddable":true,"href":"https:\/\/vettensjournal.de\/klassischer-journalismus\/wp-json\/wp\/v2\/comments?post=5245"}],"version-history":[{"count":1,"href":"https:\/\/vettensjournal.de\/klassischer-journalismus\/wp-json\/wp\/v2\/posts\/5245\/revisions"}],"predecessor-version":[{"id":5246,"href":"https:\/\/vettensjournal.de\/klassischer-journalismus\/wp-json\/wp\/v2\/posts\/5245\/revisions\/5246"}],"wp:featuredmedia":[{"embeddable":true,"href":"https:\/\/vettensjournal.de\/klassischer-journalismus\/wp-json\/wp\/v2\/media\/802"}],"wp:attachment":[{"href":"https:\/\/vettensjournal.de\/klassischer-journalismus\/wp-json\/wp\/v2\/media?parent=5245"}],"wp:term":[{"taxonomy":"category","embeddable":true,"href":"https:\/\/vettensjournal.de\/klassischer-journalismus\/wp-json\/wp\/v2\/categories?post=5245"},{"taxonomy":"post_tag","embeddable":true,"href":"https:\/\/vettensjournal.de\/klassischer-journalismus\/wp-json\/wp\/v2\/tags?post=5245"}],"curies":[{"name":"wp","href":"https:\/\/api.w.org\/{rel}","templated":true}]}}