{"id":5212,"date":"2025-03-25T12:09:54","date_gmt":"2025-03-25T12:09:54","guid":{"rendered":"https:\/\/vettensjournal.de\/klassischer-journalismus\/?p=5212"},"modified":"2025-03-25T12:09:54","modified_gmt":"2025-03-25T12:09:54","slug":"den-bach-runter","status":"publish","type":"post","link":"https:\/\/vettensjournal.de\/klassischer-journalismus\/den-bach-runter\/","title":{"rendered":"DEN BACH RUNTER"},"content":{"rendered":"<p><em>scheisszeitenwende 42<\/em><\/p>\n<p style=\"text-align: center;\"><strong><em>Baden Gehen<\/em><\/strong><\/p>\n<p style=\"text-align: center;\"><em>REIMANNS WOHNK\u00dcCHE<\/em><\/p>\n<p style=\"text-align: center;\"><em>Frau Reimann wei\u00df nicht, was sie tun soll. Sie macht halt irgendwas. Herr Reimann sitzt am Esstisch und r\u00fcckt Geschirr und Besteck hin und her. Die Reimanns decken f\u00fcr vier Personen.<\/em><\/p>\n<p><em>\u00a0<\/em><\/p>\n<p><strong>FRAU REIMANN<\/strong>\u00a0\u00a0\u00a0 Sollen wir es den Kindern sagen? Ich glaube, nicht.<\/p>\n<p><strong>HERR REIMANN<\/strong>\u00a0\u00a0\u00a0\u00a0\u00a0\u00a0 Irgendwann m\u00fcssen wir eh reden mit ihnen.<\/p>\n<p><strong>FRAU REIMANN<\/strong>\u00a0\u00a0\u00a0 Schon. Aber vielleicht bekommst Du es auch noch hin.<\/p>\n<p><strong>HERR REIMANN<\/strong>\u00a0\u00a0\u00a0\u00a0\u00a0 Was? Was bitte soll ich hin bekommen. Was kann man denn falsch verstehen dran, wenn der Chef sagt, die Abteilung ist gek\u00fcndigt. Nicht einer, nicht ich \u2013 nein, die ganze Abteilung. 27 Leute auf einen Schlag. Weil es nicht mehr geht. Es tut ihm so wahnsinnig leid, sagt der Chef. Was kann denn da dran falsch verstehen?<\/p>\n<p><strong>FRAU REIMANN\u00a0 <\/strong>\u00a0\u00a0\u00a0Schon, schon. Aber vielleicht wird der Betriebsrat\u2026<\/p>\n<p><strong>HERR REIMANN<\/strong>\u00a0\u00a0\u00a0\u00a0 Der Betriebsrat, ich bitte Dich! Die sind v\u00f6llig ohne Plan. Wir sind ja bei denen gewesen, da haben sie nur gesagt, dass sie nichts mehr f\u00fcr uns tun k\u00f6nnen. Es geht um den Betrieb im Ganzen, haben sie gesagt. Wenn der Chef jetzt nicht harte Schnitte macht, geht alles den Bach runter.<\/p>\n<p><strong>FRAU REIMANN<\/strong>\u00a0\u00a0\u00a0 Und das kann der einfach so bestimmen.<\/p>\n<p><strong>HERR REIMANN<\/strong>\u00a0\u00a0\u00a0\u00a0\u00a0 Der ist ja kein Arsch. Seine Firma geht den Bach runter \u2013 und er versucht, zu retten, was er kann. Er verhandelt gerade mit dem Betriebsrat \u00fcber die Abfindungen \u2013 und die vom Betriebsrat sagen, dass er sich das alles nicht leicht macht.<\/p>\n<p><strong>FRAU REIMANN<\/strong>\u00a0\u00a0\u00a0 Was hei\u00dft das jetzt f\u00fcr uns?<\/p>\n<p><strong>HERR REIMANN<\/strong>\u00a0\u00a0\u00a0\u00a0\u00a0\u00a0 Wenn es ganz gut kommt, kriege ich ein halbes Jahr bezahlt. Dann k\u00f6nnen wir ein Jahr so weiter machen. Dann ist Schicht im Schacht.<\/p>\n<p><strong>FRAU REIMANN<\/strong>\u00a0\u00a0\u00a0\u00a0\u00a0\u00a0 Dann m\u00fcssen wir eben umdenken. Der Skiurlaub muss nicht sein. Der Wagen macht es noch ein paar Jahre. Wir m\u00fcssen eben alle k\u00fcrzer treten. Mit den Kindern kann man reden. Wir haben es immer geschafft \u2013 dann schaffen wir das jetzt auch noch. Wir m\u00fcssen nur auf uns aufpassen. Und Du musst\u2026<\/p>\n<p><strong>HERR REIMANN<\/strong>\u00a0\u00a0\u00a0\u00a0 Jaja, das habe ich gewusst, dass das jetzt kommt. Du musst, Du musst, Du musst. Jetzt geht es wieder ums Saufen.<\/p>\n<p><strong>FRAU REIMANN<\/strong>\u00a0\u00a0\u00a0\u00a0 Klar geht es ums Saufen. Das k\u00f6nnen wir jetzt nicht brauchen, Dein Saufen. Das hilft doch keinem, wenn Du Dich voll laufen l\u00e4sst.<\/p>\n<p><strong>HERR REIMANN<\/strong>\u00a0\u00a0\u00a0\u00a0\u00a0 Du tust ja so, als ob ich nichts mehr gebacken kriege.<\/p>\n<p><strong>FRAU REIMANN<\/strong>\u00a0\u00a0\u00a0 Wie war das denn gestern? Du bist zum Abendessen gekommen und warst schon hin\u00fcber. Da fragen sich die Kinder, was mit dem Vater los ist. Erinnerst Du Dich \u00fcberhaupt, wann Du ins Bett bist? Und wei\u00dft Du noch, wie Du beieinander warst? Man h\u00e4tte Dich filmen sollen. Du triffst ja die T\u00fcr nicht mehr, wenn Du so drauf bist.<\/p>\n<p><strong>HERR REIMANN<\/strong>\u00a0\u00a0\u00a0\u00a0 Nana!<\/p>\n<p><strong>FRAU REIMANN<\/strong>\u00a0\u00a0\u00a0\u00a0 Ist so. Ich verstehe, dass das alles nicht einfach ist. Aber jetzt muss Schluss sein mit der Sauferei.<\/p>\n<p><strong>HERR REIMANN<\/strong>\u00a0\u00a0\u00a0\u00a0\u00a0 Was willste mir sagen? Dass alles halb so schlimm ist? Dass es schon wieder wird, wenn wir ein bisschen sparen. Neues Auto erst wieder im \u00fcbern\u00e4chsten Jahr. Skiurlaub einmal verschoben. Beim Aldi auf die Preise kucken. Ja, Herrgott nochmal, glaubste, dass uns das hilft?<\/p>\n<p><strong>FRAU REIMANN<\/strong>\u00a0\u00a0\u00a0\u00a0 Ist ein Anfang.<\/p>\n<p><strong>HERR REIMANN<\/strong>\u00a0\u00a0\u00a0\u00a0\u00a0 Anfang! Anfang! Was ganz Anderes f\u00e4ngt hier an.<\/p>\n<p>&nbsp;<\/p>\n","protected":false},"excerpt":{"rendered":"<p>scheisszeitenwende 42 Baden Gehen REIMANNS WOHNK\u00dcCHE Frau Reimann wei\u00df nicht, was sie tun soll. Sie macht halt irgendwas. Herr Reimann sitzt am Esstisch und r\u00fcckt Geschirr und Besteck hin und her. Die Reimanns decken f\u00fcr vier Personen. \u00a0 FRAU REIMANN\u00a0\u00a0\u00a0 Sollen wir es den Kindern sagen? Ich glaube, nicht. HERR REIMANN\u00a0\u00a0\u00a0\u00a0\u00a0\u00a0 Irgendwann m\u00fcssen wir eh [&hellip;]<\/p>\n","protected":false},"author":3,"featured_media":230,"comment_status":"closed","ping_status":"closed","sticky":false,"template":"","format":"standard","meta":{"footnotes":""},"categories":[932],"tags":[],"class_list":["post-5212","post","type-post","status-publish","format-standard","has-post-thumbnail","hentry","category-scheiss-zeitenwende","has-post-title","has-post-date","has-post-category","has-post-tag","has-post-comment","has-post-author",""],"_links":{"self":[{"href":"https:\/\/vettensjournal.de\/klassischer-journalismus\/wp-json\/wp\/v2\/posts\/5212","targetHints":{"allow":["GET"]}}],"collection":[{"href":"https:\/\/vettensjournal.de\/klassischer-journalismus\/wp-json\/wp\/v2\/posts"}],"about":[{"href":"https:\/\/vettensjournal.de\/klassischer-journalismus\/wp-json\/wp\/v2\/types\/post"}],"author":[{"embeddable":true,"href":"https:\/\/vettensjournal.de\/klassischer-journalismus\/wp-json\/wp\/v2\/users\/3"}],"replies":[{"embeddable":true,"href":"https:\/\/vettensjournal.de\/klassischer-journalismus\/wp-json\/wp\/v2\/comments?post=5212"}],"version-history":[{"count":1,"href":"https:\/\/vettensjournal.de\/klassischer-journalismus\/wp-json\/wp\/v2\/posts\/5212\/revisions"}],"predecessor-version":[{"id":5213,"href":"https:\/\/vettensjournal.de\/klassischer-journalismus\/wp-json\/wp\/v2\/posts\/5212\/revisions\/5213"}],"wp:featuredmedia":[{"embeddable":true,"href":"https:\/\/vettensjournal.de\/klassischer-journalismus\/wp-json\/wp\/v2\/media\/230"}],"wp:attachment":[{"href":"https:\/\/vettensjournal.de\/klassischer-journalismus\/wp-json\/wp\/v2\/media?parent=5212"}],"wp:term":[{"taxonomy":"category","embeddable":true,"href":"https:\/\/vettensjournal.de\/klassischer-journalismus\/wp-json\/wp\/v2\/categories?post=5212"},{"taxonomy":"post_tag","embeddable":true,"href":"https:\/\/vettensjournal.de\/klassischer-journalismus\/wp-json\/wp\/v2\/tags?post=5212"}],"curies":[{"name":"wp","href":"https:\/\/api.w.org\/{rel}","templated":true}]}}