{"id":5203,"date":"2025-03-21T09:40:49","date_gmt":"2025-03-21T09:40:49","guid":{"rendered":"https:\/\/vettensjournal.de\/klassischer-journalismus\/?p=5203"},"modified":"2025-03-21T09:40:49","modified_gmt":"2025-03-21T09:40:49","slug":"echt-krank","status":"publish","type":"post","link":"https:\/\/vettensjournal.de\/klassischer-journalismus\/echt-krank\/","title":{"rendered":"ECHT KRANK"},"content":{"rendered":"<p><em>scheisszeitenwende 39<\/em><\/p>\n<p style=\"text-align: center;\"><strong><em>Baden gehen\u00a0<\/em><\/strong><\/p>\n<p style=\"text-align: center;\"><em>Glatze spricht<\/em><\/p>\n<p style=\"text-align: center;\"><em>Wir sehen einen kleinen Film in Youtube-Qualit\u00e4t. Sie zeigt auf einer Leinwand Glatze, der sich mit dem Selfie-Stick selbst aufnimmt. Es wechseln die Perspektiven \u2013 mal ist er zu sehen, wie er mit dem Handy redet, mal schauen wir ihm ins Gesicht.<\/em><\/p>\n<p><em>\u00a0<\/em><\/p>\n<p><strong>GLATZE<\/strong>\u00a0\u00a0\u00a0\u00a0\u00a0 \u201eGlatze\u201c hei\u00dfe ich erst seit Corona. Davor war ich der Icke. Glatze gef\u00e4llt mir besser.<\/p>\n<p>Wie\u2019s gekommen ist? Na, vor Corona habe ich ziemlich lange Haare gehabt. Wie der Silvester Stallone in \u201eRocky 1\u201c. Nach dem Fu\u00dfball sind mir die Haare immer vorn in die Stirn gehangen. Ich fand, das hat gut ausgesehen, ich so verschwitzt und abgek\u00e4mpft, die langen Haare bis in die Augen \u2013 ich habe gedacht, das gef\u00e4llt den Girls.<\/p>\n<p>Hat nix gebracht. Egal.<\/p>\n<p>Wie dann Corona war, haben die Friseure zugemacht. Und ich habe gemerkt, dass ich mit der \u201eRocky\u201c-Frisur richtige Probleme kriege. Das hat nur noch schei\u00dfe ausgesehen.<\/p>\n<p>Zu der Zeit habe ich auch den Job verloren. Und gedacht, jetzt muss sich alles \u00e4ndern, dass sich was bei mir \u00e4ndert.<\/p>\n<p>Da habe ich mir bei amazon einen elektrischen Haarschneider bestellt. Ich habe das Ding auf die kleinste Stufe gestellt und den Kopf kahl gemacht. Ein Kilo Haare waren danach weg, ich habe ausgesehen wie der letzte Str\u00e4fling, in den ersten Tagen konnte ich gar nicht in den Spiegel kucken, weil ich mich so gesch\u00e4mt habe.<\/p>\n<p>Aber dann habe ich mich dran gew\u00f6hnt. War gar nicht so \u00fcbel. Haare musste ich nicht mehr waschen, nach dem Duschen einmal mit dem Handtuch \u00fcbern Sch\u00e4del, und der K\u00e4s\u2018 war gegessen.<\/p>\n<p>Ich hab\u2018 eine verfickte Zeit gehabt. Fu\u00dfball haben wir nicht mehr gespielt. In die Wirtschaft gehen konntest nicht, hat ja nix aufgehabt. Freundin war keine da. Mit den Eltern und den Geschwistern verstehe ich mich eh nicht, das war schon vor Corona so.<\/p>\n<p>Fucking Corona! Im M\u00e4rz war&#8217;s auf einmal da, bis zum Sommer ist es schlimm geblieben, dann haben wir ein bissl Ruhe gehabt \u2013 und dann ist es richtig losgegangen. Ich bin da im Zimmer gesessen mit meiner Glatze und habe zum Fenster naus geschaut. Das ist wie ein schlechter Film \u00fcber den letzten lebenden Menschen auf der Erde gewesen.<\/p>\n<p>Der letzte Mensch war ich.<\/p>\n<p>Unter die Leute bin ich gekommen, wenn ich beim Einkaufen war. Mit der Maske rein zum Lidl, mit niemandem ein Wort geredet. Eingekauft.<\/p>\n<p>Bier habe ich nicht geholt, das nimmt zuviel Platz im Rucksack. Wein und Wodka \u2013 das ist meins gewesen. Dazu das \u00dcbliche. Pizza. Salami. Dosen-Sachen. Brot und Nudeln. Chips. Erdn\u00fcsse.<\/p>\n<p>Klar habe ich ein schlechtes Gewissen gehabt. Bin ja immer fetter geworden \u2013 da hast zuschauen k\u00f6nnen. Ich habe mir immer vorgenommen, dass ich in der n\u00e4chsten Woche wieder mit dem Trainieren anfange und dass ich abnehme und weniger saufe.<\/p>\n<p>Geschafft habe ich es nicht. Dreimal bin ich raus und los gejoggt. Eigentlich hab\u2018 ich mir keinen Kopf machen m\u00fcssen, dass wer \u00fcber mich lacht. Hat mich ja keiner gesehen. Die Stra\u00dfe war leer \u2013 wie im Western vorm Showdown. Kalt war mir, und nach hundert Metern ist mir der Schnauf ausgegangen. Ich habe dann noch durchgehalten bis zum Ortsschild, das ist nicht mal ein Kilometer. Danach bin ich auf den Feldweg abgebogen, auf dem ich garantiert allein war. Dann habe ich auch schon nicht mehr gekonnt. Bin noch bis zu den Schreberg\u00e4rten gelatscht (wahrscheinlich habe ich ausgesehen wie ein alter Sack). Da bin ich umgekehrt und wieder nach Hause. V\u00f6llig frustriert war ich. Habe nicht mal geduscht, habe mich sofort besoffen. Nach drei Versuchen hatte ich die Nase voll.<\/p>\n<p>Ist mir nicht gut gegangen, echt nicht.<\/p>\n","protected":false},"excerpt":{"rendered":"<p>scheisszeitenwende 39 Baden gehen\u00a0 Glatze spricht Wir sehen einen kleinen Film in Youtube-Qualit\u00e4t. Sie zeigt auf einer Leinwand Glatze, der sich mit dem Selfie-Stick selbst aufnimmt. Es wechseln die Perspektiven \u2013 mal ist er zu sehen, wie er mit dem Handy redet, mal schauen wir ihm ins Gesicht. \u00a0 GLATZE\u00a0\u00a0\u00a0\u00a0\u00a0 \u201eGlatze\u201c hei\u00dfe ich erst seit [&hellip;]<\/p>\n","protected":false},"author":3,"featured_media":2172,"comment_status":"closed","ping_status":"closed","sticky":false,"template":"","format":"standard","meta":{"footnotes":""},"categories":[932],"tags":[],"class_list":["post-5203","post","type-post","status-publish","format-standard","has-post-thumbnail","hentry","category-scheiss-zeitenwende","has-post-title","has-post-date","has-post-category","has-post-tag","has-post-comment","has-post-author",""],"_links":{"self":[{"href":"https:\/\/vettensjournal.de\/klassischer-journalismus\/wp-json\/wp\/v2\/posts\/5203","targetHints":{"allow":["GET"]}}],"collection":[{"href":"https:\/\/vettensjournal.de\/klassischer-journalismus\/wp-json\/wp\/v2\/posts"}],"about":[{"href":"https:\/\/vettensjournal.de\/klassischer-journalismus\/wp-json\/wp\/v2\/types\/post"}],"author":[{"embeddable":true,"href":"https:\/\/vettensjournal.de\/klassischer-journalismus\/wp-json\/wp\/v2\/users\/3"}],"replies":[{"embeddable":true,"href":"https:\/\/vettensjournal.de\/klassischer-journalismus\/wp-json\/wp\/v2\/comments?post=5203"}],"version-history":[{"count":1,"href":"https:\/\/vettensjournal.de\/klassischer-journalismus\/wp-json\/wp\/v2\/posts\/5203\/revisions"}],"predecessor-version":[{"id":5204,"href":"https:\/\/vettensjournal.de\/klassischer-journalismus\/wp-json\/wp\/v2\/posts\/5203\/revisions\/5204"}],"wp:featuredmedia":[{"embeddable":true,"href":"https:\/\/vettensjournal.de\/klassischer-journalismus\/wp-json\/wp\/v2\/media\/2172"}],"wp:attachment":[{"href":"https:\/\/vettensjournal.de\/klassischer-journalismus\/wp-json\/wp\/v2\/media?parent=5203"}],"wp:term":[{"taxonomy":"category","embeddable":true,"href":"https:\/\/vettensjournal.de\/klassischer-journalismus\/wp-json\/wp\/v2\/categories?post=5203"},{"taxonomy":"post_tag","embeddable":true,"href":"https:\/\/vettensjournal.de\/klassischer-journalismus\/wp-json\/wp\/v2\/tags?post=5203"}],"curies":[{"name":"wp","href":"https:\/\/api.w.org\/{rel}","templated":true}]}}