{"id":5117,"date":"2024-01-01T16:08:41","date_gmt":"2024-01-01T16:08:41","guid":{"rendered":"https:\/\/vettensjournal.de\/klassischer-journalismus\/?p=5117"},"modified":"2024-01-01T16:13:28","modified_gmt":"2024-01-01T16:13:28","slug":"silvester","status":"publish","type":"post","link":"https:\/\/vettensjournal.de\/klassischer-journalismus\/silvester\/","title":{"rendered":"SILVESTER"},"content":{"rendered":"<p>scheisszeitenwende 19<\/p>\n<p style=\"text-align: center;\">Jeder Schuss<\/p>\n<p style=\"text-align: center;\">Ein Schuss Verdruss.<\/p>\n<p style=\"text-align: center;\">All das Knallen,<\/p>\n<p style=\"text-align: center;\">All das Hallen.<\/p>\n<p style=\"text-align: center;\">Jeder Rums und jeder Bums<\/p>\n<p style=\"text-align: center;\">Wie der Scholz\u2019sche Doppel-Wums.<\/p>\n<p style=\"text-align: center;\">Explosionen f\u00fcr<\/p>\n<p style=\"text-align: center;\">Millionen.<\/p>\n<p style=\"text-align: center;\">Hunde, die ums Leben bellen.<\/p>\n<p style=\"text-align: center;\">K\u00fche weinen in den St\u00e4llen.<\/p>\n<p style=\"text-align: center;\">Huch, das war<\/p>\n<p style=\"text-align: center;\">Recht furchterbar.<\/p>\n<p style=\"text-align: center;\">Nun ist Morgen, nun ist\u2019s still.<\/p>\n<p style=\"text-align: center;\">Weil der Liebe Gott das will.<\/p>\n<p style=\"text-align: center;\">Ach, geh\u2018 mir doch mitm Lieben Gott.<\/p>\n<p style=\"text-align: center;\">Der sagt nicht H\u00fc und wei\u00df nicht Hott.<\/p>\n<p style=\"text-align: center;\">Zum Teufel mit dem Alten Herrn.<\/p>\n<p style=\"text-align: center;\">Heut\u2018 lebt sich\u2019s wieder richtig gern:<\/p>\n<p style=\"text-align: center;\">B\u00f6llerei<\/p>\n<p style=\"text-align: center;\">Ist vorbei.<\/p>\n<p style=\"text-align: center;\">W\u00fcnschen wir dem Land ein leises<\/p>\n<p style=\"text-align: center;\">Scheues,<\/p>\n<p style=\"text-align: center;\">Eventuell ein bisschen weises,<\/p>\n<p style=\"text-align: center;\">Freundlich-durchgeknalltes Neues.<\/p>\n","protected":false},"excerpt":{"rendered":"<p>scheisszeitenwende 19 Jeder Schuss Ein Schuss Verdruss. All das Knallen, All das Hallen. Jeder Rums und jeder Bums Wie der Scholz\u2019sche Doppel-Wums. Explosionen f\u00fcr Millionen. Hunde, die ums Leben bellen. K\u00fche weinen in den St\u00e4llen. Huch, das war Recht furchterbar. Nun ist Morgen, nun ist\u2019s still. Weil der Liebe Gott das will. Ach, geh\u2018 mir [&hellip;]<\/p>\n","protected":false},"author":3,"featured_media":5013,"comment_status":"closed","ping_status":"closed","sticky":false,"template":"","format":"standard","meta":{"footnotes":""},"categories":[932],"tags":[],"class_list":["post-5117","post","type-post","status-publish","format-standard","has-post-thumbnail","hentry","category-scheiss-zeitenwende","has-post-title","has-post-date","has-post-category","has-post-tag","has-post-comment","has-post-author",""],"_links":{"self":[{"href":"https:\/\/vettensjournal.de\/klassischer-journalismus\/wp-json\/wp\/v2\/posts\/5117","targetHints":{"allow":["GET"]}}],"collection":[{"href":"https:\/\/vettensjournal.de\/klassischer-journalismus\/wp-json\/wp\/v2\/posts"}],"about":[{"href":"https:\/\/vettensjournal.de\/klassischer-journalismus\/wp-json\/wp\/v2\/types\/post"}],"author":[{"embeddable":true,"href":"https:\/\/vettensjournal.de\/klassischer-journalismus\/wp-json\/wp\/v2\/users\/3"}],"replies":[{"embeddable":true,"href":"https:\/\/vettensjournal.de\/klassischer-journalismus\/wp-json\/wp\/v2\/comments?post=5117"}],"version-history":[{"count":1,"href":"https:\/\/vettensjournal.de\/klassischer-journalismus\/wp-json\/wp\/v2\/posts\/5117\/revisions"}],"predecessor-version":[{"id":5121,"href":"https:\/\/vettensjournal.de\/klassischer-journalismus\/wp-json\/wp\/v2\/posts\/5117\/revisions\/5121"}],"wp:featuredmedia":[{"embeddable":true,"href":"https:\/\/vettensjournal.de\/klassischer-journalismus\/wp-json\/wp\/v2\/media\/5013"}],"wp:attachment":[{"href":"https:\/\/vettensjournal.de\/klassischer-journalismus\/wp-json\/wp\/v2\/media?parent=5117"}],"wp:term":[{"taxonomy":"category","embeddable":true,"href":"https:\/\/vettensjournal.de\/klassischer-journalismus\/wp-json\/wp\/v2\/categories?post=5117"},{"taxonomy":"post_tag","embeddable":true,"href":"https:\/\/vettensjournal.de\/klassischer-journalismus\/wp-json\/wp\/v2\/tags?post=5117"}],"curies":[{"name":"wp","href":"https:\/\/api.w.org\/{rel}","templated":true}]}}