{"id":5009,"date":"2022-08-27T11:58:57","date_gmt":"2022-08-27T11:58:57","guid":{"rendered":"https:\/\/vettensjournal.de\/klassischer-journalismus\/?p=5009"},"modified":"2022-09-29T18:08:34","modified_gmt":"2022-09-29T18:08:34","slug":"ausgemustert-2","status":"publish","type":"post","link":"https:\/\/vettensjournal.de\/klassischer-journalismus\/ausgemustert-2\/","title":{"rendered":"AUSGEMUSTERT"},"content":{"rendered":"\n<p><strong><em>scheisszeitenwende 9<\/em><\/strong><\/p>\n\n\n\n<p>Wir haben uns furchtbar erschrocken.<\/p>\n\n\n\n<p>Ein doller deutscher Mann der Moderne ist unvermutet und satt enteiert worden. Niko Griesert, \u201eBachelor\u201c des Jahres 2021 musste einen schlimmen Tiefschlag des Lebens verkraften.<\/p>\n\n\n\n<p>Seine Mich\u00e8le, b\u00fcrgerlich Mich\u00e8le de Roos, bewundert den begehrten Burschen nicht mehr. Das in solcherlei Belangen bestinformierte \u201eok-Magazin\u201c tat die Neuigkeit auf:<\/p>\n\n\n\n<p><em>Offiziell! Sie sind getrennt! Nachdem bereits seit l\u00e4ngerer Zeit gemunkelt wurde, dass es zwischen dem ehemaligen Bachelor Niko Griesert, 31, und seiner Freundin Mich\u00e8le de Roos, 27, kriseln soll, macht jene es nun auf Instagram offiziell: Das Paar geht erst einmal getrennte Wege.<\/em><\/p>\n\n\n\n<p>Und auf Instagram schrieb Mich\u00e8le Klartext:<\/p>\n\n\n\n<p><em>Ihr Lieben, ich w\u00fcrde gerne ein paar Worte an euch verfassen und versuchen, hier die richtigen zu finden, damit man es vielleicht etwas nachvollziehen kann. Wie einige von euch schon mitbekommen haben, sind wir in letzter Zeit \u00f6fters getrennt unterwegs gewesen.&nbsp;Ich habe mich dazu entschieden, in naher Zukunft eine neue Wohnung zu beziehen.<\/em><\/p>\n\n\n\n<p>Jetzt geht es nur noch darum, wer das Sorgerecht f\u00fcr H\u00fcndin \u201eCallia\u201c bekommt.<\/p>\n\n\n\n<p>Bedauernswerter Niko. Da ist er der Mister Nice unter den deutschen M\u00e4nnern \u2013 und jetzt muss er sich ums Sorgerecht f\u00fcr \u201eCallia\u201c balgen.<\/p>\n\n\n\n<p>Niko, du Vorzeige-Salonl\u00f6we. Der Bart ist politisch korrekt getrimmt, der IQ gegendert und soll vorhanden sein, daf\u00fcr knallst Du alle Extensions-Beauty-OP-M\u00e4dels, die nicht bei drei auf dem Baum sind. Du hast keine Manieren, daf\u00fcr sind Deine Z\u00e4hne sch\u00f6n, Du kannst twittern und Dir selbst die T\u00fcr aufhalten. Du bist ein Alb der Kultur, daf\u00fcr bist ein Traum f\u00fcr alle Influencer*innen.<\/p>\n\n\n\n<p>In \u201eInTouch\u201c schw\u00e4rmte die geflashte Jung-Autorin:<\/p>\n\n\n\n<p><em>Geboren in Kiel und aufgewachsen in Minden, lebte der Norddeutsche anschlie\u00dfend in M\u00fcnchen, bevor er sich zuletzt gemeinsam mit seiner Familie in Osnabr\u00fcck niederlie\u00df. Nicht zuletzt dank des Amtes seines Vaters als Oberb\u00fcrgermeister von Osnabr\u00fcck, ist Niko Griesert in der Stadt kein Unbekannter. Als IT-Projektmanager beweist der Bachelor im Job jede Menge K\u00f6pfchen. Doch auch abseits der virtuellen Welt hat der 30-J\u00e4hrige einiges auf dem Kasten. Niko Griesert verbringt seine Freizeit nicht nur im Fitnessstudio, um sein ansehnliches Sixpack zu pimpen, sondern lernt auch mit Begeisterung neue Sprachen, wie etwa T\u00fcrkisch, D\u00e4nisch oder die deutsche Geb\u00e4rdensprache, oder Musikinstrumente, wie das Klavier. Seine Liebste kann sich also mit Sicherheit \u00fcber das eine oder andere romantische St\u00e4ndchen auf dem Piano freuen&#8230;<\/em><\/p>\n\n\n\n<p>Ach, Niko, ach!<strong><\/strong><\/p>\n\n\n\n<p>Jetzt kriegste einen Korb. Das tut weh.<\/p>\n\n\n\n<p>Wir haben uns sehr erschrocken wegen dem Niko seinem Schicksal.<\/p>\n\n\n\n<p>Hoffentlich k\u00fcmmert sich der Habeck um den Armen. Oder wenigstens die Anna-Lena.<\/p>\n\n\n\n<p>Jetzt, wo uns der Saft ausgeht, gilt mehr denn je:<\/p>\n\n\n\n<p>Sie m\u00fcssen gesch\u00fctzt werden, unsere neuen echten M\u00e4nner.<\/p>\n","protected":false},"excerpt":{"rendered":"<p>scheisszeitenwende 9 Wir haben uns furchtbar erschrocken. Ein doller deutscher Mann der Moderne ist unvermutet und satt enteiert worden. Niko Griesert, \u201eBachelor\u201c des Jahres 2021 musste einen schlimmen Tiefschlag des Lebens verkraften. Seine Mich\u00e8le, b\u00fcrgerlich Mich\u00e8le de Roos, bewundert den begehrten Burschen nicht mehr. Das in solcherlei Belangen bestinformierte \u201eok-Magazin\u201c tat die Neuigkeit auf: Offiziell! [&hellip;]<\/p>\n","protected":false},"author":3,"featured_media":3395,"comment_status":"closed","ping_status":"closed","sticky":false,"template":"","format":"standard","meta":{"footnotes":""},"categories":[932],"tags":[],"class_list":["post-5009","post","type-post","status-publish","format-standard","has-post-thumbnail","hentry","category-scheiss-zeitenwende","has-post-title","has-post-date","has-post-category","has-post-tag","has-post-comment","has-post-author",""],"_links":{"self":[{"href":"https:\/\/vettensjournal.de\/klassischer-journalismus\/wp-json\/wp\/v2\/posts\/5009","targetHints":{"allow":["GET"]}}],"collection":[{"href":"https:\/\/vettensjournal.de\/klassischer-journalismus\/wp-json\/wp\/v2\/posts"}],"about":[{"href":"https:\/\/vettensjournal.de\/klassischer-journalismus\/wp-json\/wp\/v2\/types\/post"}],"author":[{"embeddable":true,"href":"https:\/\/vettensjournal.de\/klassischer-journalismus\/wp-json\/wp\/v2\/users\/3"}],"replies":[{"embeddable":true,"href":"https:\/\/vettensjournal.de\/klassischer-journalismus\/wp-json\/wp\/v2\/comments?post=5009"}],"version-history":[{"count":1,"href":"https:\/\/vettensjournal.de\/klassischer-journalismus\/wp-json\/wp\/v2\/posts\/5009\/revisions"}],"predecessor-version":[{"id":5035,"href":"https:\/\/vettensjournal.de\/klassischer-journalismus\/wp-json\/wp\/v2\/posts\/5009\/revisions\/5035"}],"wp:featuredmedia":[{"embeddable":true,"href":"https:\/\/vettensjournal.de\/klassischer-journalismus\/wp-json\/wp\/v2\/media\/3395"}],"wp:attachment":[{"href":"https:\/\/vettensjournal.de\/klassischer-journalismus\/wp-json\/wp\/v2\/media?parent=5009"}],"wp:term":[{"taxonomy":"category","embeddable":true,"href":"https:\/\/vettensjournal.de\/klassischer-journalismus\/wp-json\/wp\/v2\/categories?post=5009"},{"taxonomy":"post_tag","embeddable":true,"href":"https:\/\/vettensjournal.de\/klassischer-journalismus\/wp-json\/wp\/v2\/tags?post=5009"}],"curies":[{"name":"wp","href":"https:\/\/api.w.org\/{rel}","templated":true}]}}