{"id":4877,"date":"2021-05-31T14:21:24","date_gmt":"2021-05-31T14:21:24","guid":{"rendered":"https:\/\/vettensjournal.de\/klassischer-journalismus\/?p=4877"},"modified":"2021-05-31T14:21:25","modified_gmt":"2021-05-31T14:21:25","slug":"fi","status":"publish","type":"post","link":"https:\/\/vettensjournal.de\/klassischer-journalismus\/fi\/","title":{"rendered":"FI"},"content":{"rendered":"\n<p>TANZ DER VIREN II, Folge 110<\/p>\n\n\n\n<p>Der Mai geht zu Ende, Hans sieht ins Voralpenland. Er verkriecht sich immer noch in der H\u00fctte in den Bergen. Er liest noch immer im \u201ePrinzip Hoffnung\u201c. Einen Bart hat er sich wachsen lassen. Hans ist ein sehniger Nimmerm\u00fcder, der einfach weiter macht. Eigentlich wollte er hinunter ins Land, weil er dachte, dass er da noch eine Liebschaft finden k\u00f6nnte. Dann hat er es sich anders \u00fcberlegt und ist geblieben. Das Geld wird ihm nicht ausgehen. Er hat sein Radio, seine paar B\u00fccher, er schreibt \u2013 nur f\u00fcr sich, sehen soll das keiner. Manchmal marschiert er zum Einkaufen ins Tal und kehrt mit ein wenig Alkohol f\u00fcr ein paar gepflegte R\u00e4usche zur\u00fcck. Irgendwann muss er wohl zum Doktor, ein Zahn macht ihm zu schaffen. Er h\u00f6rt, dass da drunten die Gro\u00dfe Krankheit ein wenig ihren Schrecken verliert und denkt, dass ihn das nichts angeht. Er schaut noch einmal ins Voralpenland, dann wandert er zur H\u00fctte. Wieder ein Tag, morgen ist der n\u00e4chste dran, \u00fcbermorgen ist \u00fcbermorgen \u2013 und so geht es dahin. Erstmal wird es Abend.<\/p>\n\n\n\n<p style=\"text-align:right\"><em>\u00a9 BILDKUNST JOHANNES TAUBERT<\/em><\/p>\n","protected":false},"excerpt":{"rendered":"<p>TANZ DER VIREN II, Folge 110 Der Mai geht zu Ende, Hans sieht ins Voralpenland. Er verkriecht sich immer noch in der H\u00fctte in den Bergen. Er liest noch immer im \u201ePrinzip Hoffnung\u201c. Einen Bart hat er sich wachsen lassen. Hans ist ein sehniger Nimmerm\u00fcder, der einfach weiter macht. Eigentlich wollte er hinunter ins Land, [&hellip;]<\/p>\n","protected":false},"author":3,"featured_media":0,"comment_status":"closed","ping_status":"closed","sticky":false,"template":"","format":"standard","meta":{"footnotes":""},"categories":[930],"tags":[],"class_list":["post-4877","post","type-post","status-publish","format-standard","hentry","category-tanz-der-viren","has-post-title","has-post-date","has-post-category","has-post-tag","has-post-comment","has-post-author",""],"_links":{"self":[{"href":"https:\/\/vettensjournal.de\/klassischer-journalismus\/wp-json\/wp\/v2\/posts\/4877","targetHints":{"allow":["GET"]}}],"collection":[{"href":"https:\/\/vettensjournal.de\/klassischer-journalismus\/wp-json\/wp\/v2\/posts"}],"about":[{"href":"https:\/\/vettensjournal.de\/klassischer-journalismus\/wp-json\/wp\/v2\/types\/post"}],"author":[{"embeddable":true,"href":"https:\/\/vettensjournal.de\/klassischer-journalismus\/wp-json\/wp\/v2\/users\/3"}],"replies":[{"embeddable":true,"href":"https:\/\/vettensjournal.de\/klassischer-journalismus\/wp-json\/wp\/v2\/comments?post=4877"}],"version-history":[{"count":1,"href":"https:\/\/vettensjournal.de\/klassischer-journalismus\/wp-json\/wp\/v2\/posts\/4877\/revisions"}],"predecessor-version":[{"id":4878,"href":"https:\/\/vettensjournal.de\/klassischer-journalismus\/wp-json\/wp\/v2\/posts\/4877\/revisions\/4878"}],"wp:attachment":[{"href":"https:\/\/vettensjournal.de\/klassischer-journalismus\/wp-json\/wp\/v2\/media?parent=4877"}],"wp:term":[{"taxonomy":"category","embeddable":true,"href":"https:\/\/vettensjournal.de\/klassischer-journalismus\/wp-json\/wp\/v2\/categories?post=4877"},{"taxonomy":"post_tag","embeddable":true,"href":"https:\/\/vettensjournal.de\/klassischer-journalismus\/wp-json\/wp\/v2\/tags?post=4877"}],"curies":[{"name":"wp","href":"https:\/\/api.w.org\/{rel}","templated":true}]}}