{"id":4863,"date":"2021-05-31T10:56:16","date_gmt":"2021-05-31T10:56:16","guid":{"rendered":"https:\/\/vettensjournal.de\/klassischer-journalismus\/?p=4863"},"modified":"2021-05-31T10:56:18","modified_gmt":"2021-05-31T10:56:18","slug":"fi-nale","status":"publish","type":"post","link":"https:\/\/vettensjournal.de\/klassischer-journalismus\/fi-nale\/","title":{"rendered":"FI-NALE"},"content":{"rendered":"\n<p>TANZ DER VIREN II, Folge 103<\/p>\n\n\n\n<p>An der Grenze zu\nTschechien, es ist der letzte Mai-Samstag.<\/p>\n\n\n\n<p>Ferdl sieht die\nElite-M\u00e4nner vom Fr\u00fchsport kommen. Die K\u00e4mpfer sind klitschnass \u2013 weil sie beim\nLaufen geschwitzt haben und weil sie noch nass vom Schwimmen im eiskalten\nGrenzfluss sind. Sie laufen fast lautlos, gef\u00e4hrliche K\u00f6rper haben sie, ihr\nKopf ist angef\u00fcllt vom Krieg gegen die Gesellschaft.<\/p>\n\n\n\n<p>Vor drei Wochen hat man einen Betriebsausflug nach Prag gemacht und dort in den Studios Barrandov einen Imagefilm gedreht. Die deutschen M\u00e4nner sind darin die Helden, und am Ende murksen sie allen Verschw\u00f6rern und allen Undeutschen die Gurgeln ab, f\u00fcsilieren alles Unwerte und misten auf dem Globus richtig aus. <\/p>\n\n\n\n<p>Die tschechischen\nKollegen waren m\u00e4chtig beeindruckt \u2013 der Regisseur (er verdiente bis jetzt sein\nGeld mit romantischem Schleim f\u00fcrs Fernsehen) hat am Ende der Drehs vor R\u00fchrung\ngeflennt.<\/p>\n\n\n\n<p>In der Woche drauf ist ein Sprinter ins Basecamp gekommen, der war bis unters Dach voll mit chemischem Kram. Da kannste ganze Bundesl\u00e4nder plattmachen.<\/p>\n\n\n\n<p>Der Ferdl hat seinen\nChef gefragt, ob man jetzt nicht endlich ger\u00fcstet sei.<\/p>\n\n\n\n<p>Der Boss hat ihn angeguckt und fr\u00f6hlich gegrinst. Er hat ausgesehen wie damals in Schwabing, wenn er neue Hasen aufgerissen hat.<\/p>\n\n\n\n<p>\u201eWart\u2019s ab, dauert\nnicht mehr lang. Die Leut\u2018 im Land machen sich erst einmal gegenseitig fertig\nim Sommer. Da mischen wir uns nicht ein.\u201c<\/p>\n\n\n\n<p>Also gut, denkt der Ferdl, w\u00e4hrend die M\u00e4nner zu den Duschen laufen \u2013 gleich ist Fr\u00fchst\u00fcck, dann Training am Nunchaku. Da erdrosselste einen Mann, ohne dass der einen Laut von sich geben kann.<\/p>\n\n\n\n<p>Geile Sache.<\/p>\n\n\n\n<p style=\"text-align:right\"><em>\u00a9 BILDKUNST JOHANNES TAUBERT<\/em><\/p>\n","protected":false},"excerpt":{"rendered":"<p>TANZ DER VIREN II, Folge 103 An der Grenze zu Tschechien, es ist der letzte Mai-Samstag. Ferdl sieht die Elite-M\u00e4nner vom Fr\u00fchsport kommen. Die K\u00e4mpfer sind klitschnass \u2013 weil sie beim Laufen geschwitzt haben und weil sie noch nass vom Schwimmen im eiskalten Grenzfluss sind. Sie laufen fast lautlos, gef\u00e4hrliche K\u00f6rper haben sie, ihr Kopf [&hellip;]<\/p>\n","protected":false},"author":3,"featured_media":0,"comment_status":"closed","ping_status":"closed","sticky":false,"template":"","format":"standard","meta":{"footnotes":""},"categories":[930],"tags":[],"class_list":["post-4863","post","type-post","status-publish","format-standard","hentry","category-tanz-der-viren","has-post-title","has-post-date","has-post-category","has-post-tag","has-post-comment","has-post-author",""],"_links":{"self":[{"href":"https:\/\/vettensjournal.de\/klassischer-journalismus\/wp-json\/wp\/v2\/posts\/4863","targetHints":{"allow":["GET"]}}],"collection":[{"href":"https:\/\/vettensjournal.de\/klassischer-journalismus\/wp-json\/wp\/v2\/posts"}],"about":[{"href":"https:\/\/vettensjournal.de\/klassischer-journalismus\/wp-json\/wp\/v2\/types\/post"}],"author":[{"embeddable":true,"href":"https:\/\/vettensjournal.de\/klassischer-journalismus\/wp-json\/wp\/v2\/users\/3"}],"replies":[{"embeddable":true,"href":"https:\/\/vettensjournal.de\/klassischer-journalismus\/wp-json\/wp\/v2\/comments?post=4863"}],"version-history":[{"count":1,"href":"https:\/\/vettensjournal.de\/klassischer-journalismus\/wp-json\/wp\/v2\/posts\/4863\/revisions"}],"predecessor-version":[{"id":4864,"href":"https:\/\/vettensjournal.de\/klassischer-journalismus\/wp-json\/wp\/v2\/posts\/4863\/revisions\/4864"}],"wp:attachment":[{"href":"https:\/\/vettensjournal.de\/klassischer-journalismus\/wp-json\/wp\/v2\/media?parent=4863"}],"wp:term":[{"taxonomy":"category","embeddable":true,"href":"https:\/\/vettensjournal.de\/klassischer-journalismus\/wp-json\/wp\/v2\/categories?post=4863"},{"taxonomy":"post_tag","embeddable":true,"href":"https:\/\/vettensjournal.de\/klassischer-journalismus\/wp-json\/wp\/v2\/tags?post=4863"}],"curies":[{"name":"wp","href":"https:\/\/api.w.org\/{rel}","templated":true}]}}