{"id":4858,"date":"2021-05-31T05:00:38","date_gmt":"2021-05-31T05:00:38","guid":{"rendered":"https:\/\/vettensjournal.de\/klassischer-journalismus\/?p=4858"},"modified":"2021-05-31T05:00:40","modified_gmt":"2021-05-31T05:00:40","slug":"f-i-n-a-l-e","status":"publish","type":"post","link":"https:\/\/vettensjournal.de\/klassischer-journalismus\/f-i-n-a-l-e\/","title":{"rendered":"F-I-N-A-L-E"},"content":{"rendered":"\n<p><strong>TANZ DER VIREN II, Folge 101<\/strong><\/p>\n\n\n\n<p><em>Letzter Samstag im Mai. Drei Patienten auf der\nGeschlossenen in Haar stecken die K\u00f6pfe zusammen. Sie haben sich in den\nhintersten Winkel des schmuddligen Balkons verdr\u00fcckt. Der Betonboden ist seit\nJahren nicht geschrubbt, die Plastikst\u00fchle haben kleine schwarze Schimmelpunkte,\nda mag sich nicht mal ein Irrer drauf setzen. Hinter den hohen Buchen im\npark\u00e4hnlichen Gel\u00e4nde spitzt der Kirchenturm in den Himmel (das Wetter wird\njetzt endlich besser, der Mai war grauslig), es schl\u00e4gt gerade zehn Uhr\nvormittags.<\/em><\/p>\n\n\n\n<p><em>Die Menschen von der Station zieht es normalerweise nicht\nauf den Balkon. Quarzen ist im Raucherzimmer effektiver, da steht das Nikotin\nin der Luft. <\/em><\/p>\n\n\n\n<p><em>Und umbringen kannst Dich auch nicht. Der Balkon ist mit\neinem Gitter gesichert.<\/em><\/p>\n\n\n\n<p><em>Aber jetzt stehen unsere Drei hinten im Eck und wollen\nunter sich sein. <\/em><\/p>\n\n\n\n<p><em>Unsere Drei?<\/em><\/p>\n\n\n\n<p><em>Ja.<\/em><\/p>\n\n\n\n<p><em>Der Franz fehlt.<\/em><\/p>\n\n\n\n<p>LINA: Ob wir es auch haben?<\/p>\n\n\n\n<p>JOSEF: Ob wir\u2019s haben, ob wir\u2019s haben? Ist das nicht sowas\nvon wurscht?<\/p>\n\n\n\n<p>LINA: Mir nicht. Ich will\u2019s nicht haben.<\/p>\n\n\n\n<p>JEREMY: Ich auch nicht, eigentlich. Bis jetzt habe ich mir\ngedacht, das ist eine gro\u00dfe Schei\u00dfe, dass sie mich hier festhalten. Aber ein\nGutes hat es: Ich kann es nicht kriegen. War ja wohl falsch gedacht. Wenn es\nder Franz hat, dann ist es auch auf der Station.<\/p>\n\n\n\n<p>JOSEF: Das hat der sich sicher bei seinem Ausgang geholt.\nWas muss der auch in der Weltgeschichte rum rennen?<\/p>\n\n\n\n<p>LINA: Das n\u00fctzt doch auch nichts, Josef. Es ist, wie es ist.\nIch habe gesehen, wie sie ihn geholt haben. Ich glaube, sie haben ihn auf\nIntensiv gebracht.<\/p>\n\n\n\n<p>JEREMY: Mit Sicherheit. Aber ich glaube nicht, dass er es\nschafft. Der Franz hat ja nur noch gelebt, weil sie ihm Sauerstoff gegeben\nhaben. Vielleicht lebt er schon nicht mehr. Man kriegt ja nix mit, hier.<\/p>\n\n\n\n<p>LINA: Ach.<\/p>\n\n\n\n<p><em>Sie beginnt zu weinen.<\/em><\/p>\n\n\n\n<p>JOSEF: H\u00f6r auf, Lina. Das hilft nichts.<\/p>\n\n\n\n<p>JEREMY: Nein.<\/p>\n\n\n\n<p>LINA <em>(schnieft<\/em>): Nein.<\/p>\n\n\n\n<p>JOSEF: Und. Was machma jetzt?<\/p>\n\n\n\n<p>JEREMY <em>(mit Verschw\u00f6rerstimme): <\/em>Ich w\u00fcsst\u2018 da was.<\/p>\n\n\n\n<p>LINA: Ja?<\/p>\n\n\n\n<p>JOSEF: Wie?<\/p>\n\n\n\n<p>JEREMY: Ist eh schon wurscht. Wir werden krank, wir werden\nnicht krank \u2013 egal. Wenn\u2019s passiert, dann brauchen wir uns um nichts mehr\nk\u00fcmmern. Ich hab\u2018 noch Reserven. Gute Pillen in den Blumen. Und ich habe\u2026<\/p>\n\n\n\n<p><em>Er macht eine gro\u00dfe dramatische Pause.<\/em><\/p>\n\n\n\n<p>JEREMY: Und ich habe eine Flasche Wodka. Originalverpackt,\ndirekt ab Werk.<\/p>\n\n\n\n<p>LINA: Wie das? Wo?<\/p>\n\n\n\n<p>JEREMY: Betriebsgeheimnis. Also, was ist? Wir treffen uns\nbei mir. Wenn ihr noch was in den Blumen findet, bringt Ihr es mit. <\/p>\n\n\n\n<p>JOSEF: Bin dabei. Euch ist schon klar, dass wir erwischt\nwerden?<\/p>\n\n\n\n<p>LINA: Ist mir egal. Vielleicht ist es besser so.<\/p>\n\n\n\n<p>JEREMY: Genau. Auf geht\u2019s.<\/p>\n\n\n\n<p style=\"text-align:right\"><em>\u00a9 BILDKUNST JOHANNES TAUBERT<\/em><\/p>\n","protected":false},"excerpt":{"rendered":"<p>TANZ DER VIREN II, Folge 101 Letzter Samstag im Mai. Drei Patienten auf der Geschlossenen in Haar stecken die K\u00f6pfe zusammen. Sie haben sich in den hintersten Winkel des schmuddligen Balkons verdr\u00fcckt. Der Betonboden ist seit Jahren nicht geschrubbt, die Plastikst\u00fchle haben kleine schwarze Schimmelpunkte, da mag sich nicht mal ein Irrer drauf setzen. Hinter [&hellip;]<\/p>\n","protected":false},"author":3,"featured_media":0,"comment_status":"closed","ping_status":"closed","sticky":false,"template":"","format":"standard","meta":{"footnotes":""},"categories":[930],"tags":[],"class_list":["post-4858","post","type-post","status-publish","format-standard","hentry","category-tanz-der-viren","has-post-title","has-post-date","has-post-category","has-post-tag","has-post-comment","has-post-author",""],"_links":{"self":[{"href":"https:\/\/vettensjournal.de\/klassischer-journalismus\/wp-json\/wp\/v2\/posts\/4858","targetHints":{"allow":["GET"]}}],"collection":[{"href":"https:\/\/vettensjournal.de\/klassischer-journalismus\/wp-json\/wp\/v2\/posts"}],"about":[{"href":"https:\/\/vettensjournal.de\/klassischer-journalismus\/wp-json\/wp\/v2\/types\/post"}],"author":[{"embeddable":true,"href":"https:\/\/vettensjournal.de\/klassischer-journalismus\/wp-json\/wp\/v2\/users\/3"}],"replies":[{"embeddable":true,"href":"https:\/\/vettensjournal.de\/klassischer-journalismus\/wp-json\/wp\/v2\/comments?post=4858"}],"version-history":[{"count":1,"href":"https:\/\/vettensjournal.de\/klassischer-journalismus\/wp-json\/wp\/v2\/posts\/4858\/revisions"}],"predecessor-version":[{"id":4859,"href":"https:\/\/vettensjournal.de\/klassischer-journalismus\/wp-json\/wp\/v2\/posts\/4858\/revisions\/4859"}],"wp:attachment":[{"href":"https:\/\/vettensjournal.de\/klassischer-journalismus\/wp-json\/wp\/v2\/media?parent=4858"}],"wp:term":[{"taxonomy":"category","embeddable":true,"href":"https:\/\/vettensjournal.de\/klassischer-journalismus\/wp-json\/wp\/v2\/categories?post=4858"},{"taxonomy":"post_tag","embeddable":true,"href":"https:\/\/vettensjournal.de\/klassischer-journalismus\/wp-json\/wp\/v2\/tags?post=4858"}],"curies":[{"name":"wp","href":"https:\/\/api.w.org\/{rel}","templated":true}]}}