{"id":4815,"date":"2021-04-25T18:35:18","date_gmt":"2021-04-25T18:35:18","guid":{"rendered":"https:\/\/vettensjournal.de\/klassischer-journalismus\/?p=4815"},"modified":"2021-04-26T21:55:45","modified_gmt":"2021-04-26T21:55:45","slug":"lud-wig","status":"publish","type":"post","link":"https:\/\/vettensjournal.de\/klassischer-journalismus\/lud-wig\/","title":{"rendered":"LU-DWIG"},"content":{"rendered":"\n<p><strong>TANZ DER VIREN II, Folge 87<\/strong><\/p>\n\n\n\n<p><em>Das k\u00f6nnen die Vollzeit-Weggeschlossenen nicht begreifen. Da hat einer\nschon mal Ausgang, da darf er in die Stadt, und was macht er? Er f\u00e4hrt nach\nTutzing, aber er kommt gar nicht bis Tutzing.<\/em><\/p>\n\n\n\n<p><em>Ja, wie denn nun?<\/em><\/p>\n\n\n\n<p>LINA: H\u00e4? Wie. Du warst nicht in Tutzing. Ja, wie denn nun?<\/p>\n\n\n\n<p>FRANZ: TutzingTutzingTutzing. Kennt Ihr das Kaff?<\/p>\n\n\n\n<p>JEREMY: Ja. Ein Kollege von mir hat da eine Villa, oben am Berg. Er hat\nsich spezialisiert auf Firmen, die es nicht mehr bringen. Da entl\u00e4sst er alle,\ndann wird was Neues\u2026<\/p>\n\n\n\n<p>LINA: Bitte!<\/p>\n\n\n\n<p>JOSEF <em>(zu Jeremy): <\/em>Genau, interessiert keinen, dein Bekannter.<\/p>\n\n\n\n<p><em>(zu Franz):<\/em> Wie war das jetzt mit Tutzing oder Nicht-Tutzing?<\/p>\n\n\n\n<p>FRANZ: Tutzing ist ein beschissenes Kaff. Die Bahn f\u00e4hrt so dahin. Donnersberger. Laim. Pasing. Planegg. Ich schau raus und finde alles bl\u00f6d. Dann kommt Starnberg. Bin ausgestiegen. Runter an den See, war nix los, aber sch\u00f6nes Wetter. Kennt\u2019s Ihr Starnberg?<\/p>\n\n\n\n<p>LINA: Freilich.<\/p>\n\n\n\n<p>JEREMY: In Starnberg habe ich mein Haus gehabt.<\/p>\n\n\n\n<p>FRANZ: Ich kenn\u2018 Starnberg nicht, eigentlich. Aber jetzt bin ich aufm\nBahnhof gestanden. Und danach bin ich am See lang gegangen.<\/p>\n\n\n\n<p>LINA: Wisst ihr noch, wie es war mit dem Tanzen in Starnberg?<\/p>\n\n\n\n<p>JEREMY: Das Tanzen. Ich habe lange Haare gehabt, die ich jeden zweiten Tag\ngewaschen habe. Die habe ich beim Tanzen gesch\u00fcttelt, dass sie mir um die Ohren\ngefetzt sind.<\/p>\n\n\n\n<p>JOSEF: Das Tanzen. Da hast gewartet, bis der Diskjockey die n\u00e4chste\nlangsame Runde angefangen hat. Dann hast gefragt, ob sie tanzen will. Dann hast\nihr schon den St\u00e4nder reindr\u00fccken k\u00f6nnen und gesehen, ob mehr geht.<\/p>\n\n\n\n<p>LINA: Tanzen \u2013 das ist immer noch meines. <\/p>\n\n\n\n<p>FRANZ: Bin wieder zur Bahn, vielleicht wollte ich eine Zeitung kaufen oder sowas. Habe dran gedacht, dass es hier Bier gibt, und ein Bier w\u00e4r\u2018 nicht schlecht. Aber am Abend lassen sie mich blasen, und ich kriege keinen Ausgang mehr.<\/p>\n\n\n\n<p>JOSEF: Weil der Ausgang so toll war!<\/p>\n\n\n\n<p>FRANZ: Ich wei\u00df, ich wei\u00df. Ich habe mich echt schei\u00dfe gef\u00fchlt. Da sehe\nich, dass am Busbahnhof gleich eine Fahrt losgeht. Da bin ich eingestiegen und nach\nBerg gefahren. Kennt Ihr Berg?<\/p>\n\n\n\n<p>LINA: Berg? Berg? Ja, das sagt mir was.<\/p>\n\n\n\n<p>JOSEF: Da war doch was mit dem Ludwig.<\/p>\n\n\n\n<p>FRANZ: Ja, genau. Da haben\u2019s ihn ertr\u00e4nkt.<\/p>\n\n\n\n<p>LINA: Echt? Und Du? Was hast jetzt Du in dem Berg gesucht?<\/p>\n\n\n\n<p>FRANZ: Ich habe eine Beobachtung gemacht \u2013 und danach bin ich wieder\nzur\u00fcck zu uns und denke mir, dass wir es super sch\u00f6n haben.<\/p>\n\n\n\n<p>LINA: Echt? <\/p>\n\n\n\n<p>FRANZ: Ja.<\/p>\n\n\n\n<p>LINA: Echt, echt?<\/p>\n\n\n\n<p style=\"text-align:right\"><em>\u00a9 BILDKUNST JOHANNES TAUBERT<\/em><\/p>\n","protected":false},"excerpt":{"rendered":"<p>TANZ DER VIREN II, Folge 87 Das k\u00f6nnen die Vollzeit-Weggeschlossenen nicht begreifen. Da hat einer schon mal Ausgang, da darf er in die Stadt, und was macht er? Er f\u00e4hrt nach Tutzing, aber er kommt gar nicht bis Tutzing. Ja, wie denn nun? LINA: H\u00e4? Wie. Du warst nicht in Tutzing. Ja, wie denn nun? [&hellip;]<\/p>\n","protected":false},"author":3,"featured_media":0,"comment_status":"closed","ping_status":"closed","sticky":false,"template":"","format":"standard","meta":{"footnotes":""},"categories":[930],"tags":[],"class_list":["post-4815","post","type-post","status-publish","format-standard","hentry","category-tanz-der-viren","has-post-title","has-post-date","has-post-category","has-post-tag","has-post-comment","has-post-author",""],"_links":{"self":[{"href":"https:\/\/vettensjournal.de\/klassischer-journalismus\/wp-json\/wp\/v2\/posts\/4815","targetHints":{"allow":["GET"]}}],"collection":[{"href":"https:\/\/vettensjournal.de\/klassischer-journalismus\/wp-json\/wp\/v2\/posts"}],"about":[{"href":"https:\/\/vettensjournal.de\/klassischer-journalismus\/wp-json\/wp\/v2\/types\/post"}],"author":[{"embeddable":true,"href":"https:\/\/vettensjournal.de\/klassischer-journalismus\/wp-json\/wp\/v2\/users\/3"}],"replies":[{"embeddable":true,"href":"https:\/\/vettensjournal.de\/klassischer-journalismus\/wp-json\/wp\/v2\/comments?post=4815"}],"version-history":[{"count":1,"href":"https:\/\/vettensjournal.de\/klassischer-journalismus\/wp-json\/wp\/v2\/posts\/4815\/revisions"}],"predecessor-version":[{"id":4821,"href":"https:\/\/vettensjournal.de\/klassischer-journalismus\/wp-json\/wp\/v2\/posts\/4815\/revisions\/4821"}],"wp:attachment":[{"href":"https:\/\/vettensjournal.de\/klassischer-journalismus\/wp-json\/wp\/v2\/media?parent=4815"}],"wp:term":[{"taxonomy":"category","embeddable":true,"href":"https:\/\/vettensjournal.de\/klassischer-journalismus\/wp-json\/wp\/v2\/categories?post=4815"},{"taxonomy":"post_tag","embeddable":true,"href":"https:\/\/vettensjournal.de\/klassischer-journalismus\/wp-json\/wp\/v2\/tags?post=4815"}],"curies":[{"name":"wp","href":"https:\/\/api.w.org\/{rel}","templated":true}]}}