{"id":4782,"date":"2021-04-15T15:29:04","date_gmt":"2021-04-15T15:29:04","guid":{"rendered":"https:\/\/vettensjournal.de\/klassischer-journalismus\/?p=4782"},"modified":"2021-04-18T13:06:30","modified_gmt":"2021-04-18T13:06:30","slug":"kinderkram","status":"publish","type":"post","link":"https:\/\/vettensjournal.de\/klassischer-journalismus\/kinderkram\/","title":{"rendered":"KINDERKRAM"},"content":{"rendered":"\n<p><strong>TANZ DER VIREN II, Folge 82<\/strong><\/p>\n\n\n\n<p>Mittags ist Waffenruhe. So\nhaben Irene und Martin St\u00e4bler es vereinbart. Ein letzter Rest von ehemaliger\nNormalit\u00e4t soll den Kindern bleiben.<\/p>\n\n\n\n<p>Man trifft sich bei Tisch.<\/p>\n\n\n\n<p>Robert mosert \u00fcber das\nSchei\u00dfwetter \u2013 die Kumpels und er hatten ein Spiel gegen die Parallelklasse\nvereinbart, das ist abgesagt worden. Der Sportlehrer hat gemeint, dass Kicken\nauf dem Kunststoffbelag bei Schnee gef\u00e4hrlich sei. Jetzt seien alle getestet\nund nicht krank \u2013 da wolle er nicht schuld sein, dass sie sich beim Fu\u00dfball\nverletzen.<\/p>\n\n\n\n<p>Robert \u00e4rgert sich. Alle drehen durch. Sogar der Sportlehrer, der war fr\u00fcher sehr okay \u2013 aber von dieser L\u00e4ssigkeit ist nichts mehr zu sp\u00fcren. Er redet davon, dass sie bald alle wieder in Quarant\u00e4ne m\u00fcssen und tut ganz besorgt. Dass er aus der Spur ist, merkt jeder \u2013 aber er gibt es nicht zu. Wenn er nicht mehr weiter wei\u00df, wird er zum Arsch. Er ist der Lehrer, die Sch\u00fcler haben nichts zu melden, basta. Da ist der Mathe-Prof ganz anders. \u201eDer hat sich vor uns hingestellt und gesagt, nach dem ganzen Video-Unterricht muss er das wieder lernen \u2013 dass man sich trifft und so. Und dann hat er die Maske kurz runter geschoben, damit wir sein Grinsen sehen. \u201aWisst Ihr, ich bin froh, dass ich Mathe unterrichte. Da \u00e4ndert sich nix. Bis das Virus weg ist, k\u00fcmmern wir uns erstmal um Exponential- und Logarithmusfunktionen.\u2018 In zwei Wochen ist Schulaufgabe, und ich schnall\u2019s noch nicht. Naja, vielleicht gibt\u2019s einen Lockdown, das w\u00e4r mal okay.\u201c<\/p>\n\n\n\n<p>Jetzt \u00e4rgert sich Renate.\nWas f\u00fcr einen Schmarrn ihr Bruder da immer daher erz\u00e4hlt. Sie hat diese\nLockdowns so gestrichen satt. Ballett ist nicht. Party ist nicht. Ihren\nGeburtstag wird sie wieder nicht mit den Freundinnen feiern k\u00f6nnen, wenn es\nnach denen in der Politik geht.<\/p>\n\n\n\n<p>Alles geht kaputt. Renates\nbeste Freundin Jeanette ist wieder solo. \u201eSie ist total fertig. Weil: Sie wei\u00df\nnicht, was da schief gelaufen ist. Der Frank ist eigentlich ein Netter. Und der\nkommt pl\u00f6tzlich daher und sagt, er kann nicht mehr mit ihr. Ist einfach abgetaucht.\nDr\u00fcckt sie am Handy weg, antwortet nicht auf Mails. Man sieht ihn nicht mehr, seine\nKumpels haben keinen Plan, wo er ist.\u201c<\/p>\n\n\n\n<p>Ob er nicht wieder zur\nSchule muss, will Irene wissen. \u201eJetzt kann er sich doch nicht mehr hinterm\nComputer verstecken.\u201c<\/p>\n\n\n\n<p>\u201eKanner schon. Der Lehrer\nwar wohl bei ihm zuhause. Aber gebracht hat\u2019s nix.\u201c<\/p>\n\n\n\n<p>Martin beteiligt sich nicht an der mitt\u00e4glichen Unterhaltung. Er schaut seine Kinder an und h\u00f6rt ihnen zu \u2013 er ist ratlos.<\/p>\n\n\n\n<p>Renate hat sich sehr\nver\u00e4ndert in den letzten Monaten. Ernst ist sie geworden, sie geht den Dingen\nauf den Grund. Manchmal forscht sie die Eltern mit ihren Blicken aus, ihre\nGedanken beh\u00e4lt sie f\u00fcr sich. Das M\u00e4dchen lacht nicht oft und schweigt viel, Renate\nist eine zu ernsthafte junge Frau geworden. <\/p>\n\n\n\n<p>Robert arrangiert sich ganz anders mit den Dingen. Er rebelliert, streitet, wehrt sich gegen die Erwachsenen-Welt. Robert treibt viel Unfug \u2013 er mag es wild und gef\u00e4hrlich. Als ob er sich selbst weh tun will. Dreimal musste er wegen seiner Bl\u00f6dheiten in den letzten sechs Monaten ins Krankenhaus. \u201eDann haben die wenigstens mal einen ordentlichen Patienten, keinen Virus-Deppen.\u201c<\/p>\n\n\n\n<p style=\"text-align:right\"><em>\u00a9 BILDKUNST JOHANNES TAUBERT<\/em><\/p>\n","protected":false},"excerpt":{"rendered":"<p>TANZ DER VIREN II, Folge 82 Mittags ist Waffenruhe. So haben Irene und Martin St\u00e4bler es vereinbart. Ein letzter Rest von ehemaliger Normalit\u00e4t soll den Kindern bleiben. Man trifft sich bei Tisch. Robert mosert \u00fcber das Schei\u00dfwetter \u2013 die Kumpels und er hatten ein Spiel gegen die Parallelklasse vereinbart, das ist abgesagt worden. Der Sportlehrer [&hellip;]<\/p>\n","protected":false},"author":3,"featured_media":0,"comment_status":"closed","ping_status":"closed","sticky":false,"template":"","format":"standard","meta":{"footnotes":""},"categories":[930],"tags":[],"class_list":["post-4782","post","type-post","status-publish","format-standard","hentry","category-tanz-der-viren","has-post-title","has-post-date","has-post-category","has-post-tag","has-post-comment","has-post-author",""],"_links":{"self":[{"href":"https:\/\/vettensjournal.de\/klassischer-journalismus\/wp-json\/wp\/v2\/posts\/4782","targetHints":{"allow":["GET"]}}],"collection":[{"href":"https:\/\/vettensjournal.de\/klassischer-journalismus\/wp-json\/wp\/v2\/posts"}],"about":[{"href":"https:\/\/vettensjournal.de\/klassischer-journalismus\/wp-json\/wp\/v2\/types\/post"}],"author":[{"embeddable":true,"href":"https:\/\/vettensjournal.de\/klassischer-journalismus\/wp-json\/wp\/v2\/users\/3"}],"replies":[{"embeddable":true,"href":"https:\/\/vettensjournal.de\/klassischer-journalismus\/wp-json\/wp\/v2\/comments?post=4782"}],"version-history":[{"count":1,"href":"https:\/\/vettensjournal.de\/klassischer-journalismus\/wp-json\/wp\/v2\/posts\/4782\/revisions"}],"predecessor-version":[{"id":4794,"href":"https:\/\/vettensjournal.de\/klassischer-journalismus\/wp-json\/wp\/v2\/posts\/4782\/revisions\/4794"}],"wp:attachment":[{"href":"https:\/\/vettensjournal.de\/klassischer-journalismus\/wp-json\/wp\/v2\/media?parent=4782"}],"wp:term":[{"taxonomy":"category","embeddable":true,"href":"https:\/\/vettensjournal.de\/klassischer-journalismus\/wp-json\/wp\/v2\/categories?post=4782"},{"taxonomy":"post_tag","embeddable":true,"href":"https:\/\/vettensjournal.de\/klassischer-journalismus\/wp-json\/wp\/v2\/tags?post=4782"}],"curies":[{"name":"wp","href":"https:\/\/api.w.org\/{rel}","templated":true}]}}