{"id":4743,"date":"2021-03-31T15:27:42","date_gmt":"2021-03-31T15:27:42","guid":{"rendered":"https:\/\/vettensjournal.de\/klassischer-journalismus\/?p=4743"},"modified":"2021-03-31T15:31:21","modified_gmt":"2021-03-31T15:31:21","slug":"impfen-anders","status":"publish","type":"post","link":"https:\/\/vettensjournal.de\/klassischer-journalismus\/impfen-anders\/","title":{"rendered":"IMPFEN. ANDERS."},"content":{"rendered":"\n<p><strong>TANZ DER VIREN II<\/strong><\/p>\n\n\n\n<p>Es ist der Dienstag der Karwoche, an dem sich schon\nwieder die m\u00fcrrische Frau Merkel an die B\u00fcrgerinnen und B\u00fcrger wendet. Sie\ntr\u00e4gt ein dunkles kragenloses schlichtes Jersey-Jackett, dazu ihre plumpe\nBernsteinkette, einen schlecht sitzenden BH und ausgesprochen miese Laune.<\/p>\n\n\n\n<p>Die Kanzlerin erkl\u00e4rt, dass der englische Impfstoff\nden j\u00fcngeren Menschen manchmal nicht gut tue, deswegen werde er nun verst\u00e4rkt\nan Menschen \u00fcber 60 verimpft. Das sei sehr \u00e4rgerlich und mache Arbeit.<\/p>\n\n\n\n<p style=\"text-align:center\"><em>&#8220;Nat\u00fcrlich\nwerden Menschen sich fragen: Was passiert da, und was bedeutet das jetzt f\u00fcr\nmich?&#8221;<\/em><em><\/em><\/p>\n\n\n\n<p style=\"text-align:center\"><em>\u201eWir\nm\u00fcssen die Nebenwirkungen ernst nehmen. Offenheit und Transparenz sind die\nbeste M\u00f6glichkeit, mit einer solchen Situation umzugehen.&#8221;<\/em><em><\/em><\/p>\n\n\n\n<p style=\"text-align:center\"><em>\u201eAber\nich kann die Verunsicherung der Menschen jetzt nicht einfach wegreden.&#8221;<\/em><em><\/em><\/p>\n\n\n\n<p style=\"text-align:center\"><em>\u201eWir\nwerden Ver\u00e4nderungen an den Lieferpl\u00e4nen vornehmen m\u00fcssen, an der Verteilung an\ndie Impfzentren und nach Ostern auch an die Haus\u00e4rzte. Das wird man gemeinsam\nanpacken und bew\u00e4ltigen.&#8221;<\/em><em><\/em><\/p>\n\n\n\n<p>Das sagt die Kanzlerin am Dienstagabend. Frau Angerer geht wieder einmal mit dem Gef\u00fchl zu Bett, dass sie sich besser mal Sorgen machen sollte.<\/p>\n\n\n\n<p style=\"text-align:right\"><em>\u00a9 BILDKUNST JOHANNES TAUBERT<\/em><\/p>\n","protected":false},"excerpt":{"rendered":"<p>TANZ DER VIREN II Es ist der Dienstag der Karwoche, an dem sich schon wieder die m\u00fcrrische Frau Merkel an die B\u00fcrgerinnen und B\u00fcrger wendet. Sie tr\u00e4gt ein dunkles kragenloses schlichtes Jersey-Jackett, dazu ihre plumpe Bernsteinkette, einen schlecht sitzenden BH und ausgesprochen miese Laune. Die Kanzlerin erkl\u00e4rt, dass der englische Impfstoff den j\u00fcngeren Menschen manchmal [&hellip;]<\/p>\n","protected":false},"author":3,"featured_media":0,"comment_status":"closed","ping_status":"closed","sticky":false,"template":"","format":"standard","meta":{"footnotes":""},"categories":[930],"tags":[],"class_list":["post-4743","post","type-post","status-publish","format-standard","hentry","category-tanz-der-viren","has-post-title","has-post-date","has-post-category","has-post-tag","has-post-comment","has-post-author",""],"_links":{"self":[{"href":"https:\/\/vettensjournal.de\/klassischer-journalismus\/wp-json\/wp\/v2\/posts\/4743","targetHints":{"allow":["GET"]}}],"collection":[{"href":"https:\/\/vettensjournal.de\/klassischer-journalismus\/wp-json\/wp\/v2\/posts"}],"about":[{"href":"https:\/\/vettensjournal.de\/klassischer-journalismus\/wp-json\/wp\/v2\/types\/post"}],"author":[{"embeddable":true,"href":"https:\/\/vettensjournal.de\/klassischer-journalismus\/wp-json\/wp\/v2\/users\/3"}],"replies":[{"embeddable":true,"href":"https:\/\/vettensjournal.de\/klassischer-journalismus\/wp-json\/wp\/v2\/comments?post=4743"}],"version-history":[{"count":1,"href":"https:\/\/vettensjournal.de\/klassischer-journalismus\/wp-json\/wp\/v2\/posts\/4743\/revisions"}],"predecessor-version":[{"id":4748,"href":"https:\/\/vettensjournal.de\/klassischer-journalismus\/wp-json\/wp\/v2\/posts\/4743\/revisions\/4748"}],"wp:attachment":[{"href":"https:\/\/vettensjournal.de\/klassischer-journalismus\/wp-json\/wp\/v2\/media?parent=4743"}],"wp:term":[{"taxonomy":"category","embeddable":true,"href":"https:\/\/vettensjournal.de\/klassischer-journalismus\/wp-json\/wp\/v2\/categories?post=4743"},{"taxonomy":"post_tag","embeddable":true,"href":"https:\/\/vettensjournal.de\/klassischer-journalismus\/wp-json\/wp\/v2\/tags?post=4743"}],"curies":[{"name":"wp","href":"https:\/\/api.w.org\/{rel}","templated":true}]}}