{"id":4734,"date":"2021-03-29T15:40:11","date_gmt":"2021-03-29T15:40:11","guid":{"rendered":"https:\/\/vettensjournal.de\/klassischer-journalismus\/?p=4734"},"modified":"2021-03-29T15:40:13","modified_gmt":"2021-03-29T15:40:13","slug":"dzz-dzz-dzz","status":"publish","type":"post","link":"https:\/\/vettensjournal.de\/klassischer-journalismus\/dzz-dzz-dzz\/","title":{"rendered":"DZZ! DZZ! DZZ!"},"content":{"rendered":"\n<p><strong>TANZ DER VIREN II<\/strong><\/p>\n\n\n\n<p>M\u00fcnchen, der M\u00e4rz geht zu Ende. Eine neue Woche, seit gestern ist\nSommerzeit, im Park an der Biedersteiner Stra\u00dfe ist jede Bank besetzt. Frau\nAngerer hat Gl\u00fcck gehabt, ihr Stammplatz ist frei gewesen. Nun hat sie die\nJacke ausgezogen und neben sich gelegt. Sie kneift die Augen zusammen, weil die\nSonne blendet.<\/p>\n\n\n\n<p>Ach, tut das gut!<\/p>\n\n\n\n<p>Bald ist Ostern. Die Kinder haben sich mit den Familien angesagt.\nHoffentlich hat man sch\u00f6nes Wetter, hoffentlich hat die \u201eBild\u201c nicht Recht. Da\ngab es eine Schlagzeile, man w\u00fcrde im April noch einmal eine R\u00fcckkehr des\nWinters haben.<\/p>\n\n\n\n<p>Bitte nicht!<\/p>\n\n\n\n<p>Hermine Angerer ist sehr m\u00fcde. Nein, sie schl\u00e4ft eigentlich genug,\nabends um zehn l\u00f6scht sie das Licht, vor acht Uhr morgens steht sie nicht auf.\nIhre Tage sind nicht anstrengend, das nicht:<\/p>\n\n\n\n<p>Fr\u00fchst\u00fcck, die Fernsehzeitung studieren, dabei Radio h\u00f6ren. Die Wohnung\naufr\u00e4umen, da braucht es nicht viel, denn Frau Angerer ist reinlich. Mittags\nunternimmt sie einen ausgedehnten Spaziergang, bei jedem Wetter, wenn ihr\ndanach kauft sie sich einen Kaffee oder eine Semmel. Unterwegs ist sie in\nSchwabing und im Englischen Garten. <\/p>\n\n\n\n<p>Wenn sie nach Hause kommt, ist der Tag noch immer nicht zu Ende. Sie\nschaltet den Fernseher ein, aber sie mag das Nachmittagsprogramm nicht. Sie kann\nsich nicht mit den Privatsendern anfreunden, ihr bleiben das Erste, das Zweite\nund das Bayerische Fernsehen. Ab f\u00fcnf gibt es ein Programm nach ihrem Geschmack.\nDie \u201eTagesschau\u201c um acht ist Pflicht, das war schon so, als Hermines Mann noch\nlebte.<\/p>\n\n\n\n<p>Sie muss schmunzeln, wenn sie sich daran erinnert. Der Mann setzte sich\ngerade hin, die \u201eTagesschau\u201c nahm ihren Lauf. Hermine strickte oder hatte eine\nN\u00e4harbeit, ihr Mann nippte an seinem Feierabendbier und hatte ein ernstes\nGesicht.<\/p>\n\n\n\n<p>Nach jeder Meldung zog Willi Angerer die Brauen hoch und schnalzte\ndreimal mit der Zunge.<\/p>\n\n\n\n<p><em>Dzz! Dzz! Dzz!<\/em><\/p>\n\n\n\n<p>Es war ein gro\u00dfer Friede im Wohnzimmer. Die Kanzler wechselten. Die\nRussen drohten. Der Chinese stellte Dinge an. Lawinen, Tsunamis, Mord und Totschlag.<\/p>\n\n\n\n<p><em>Dzz! Dzz! Dzz!<\/em><\/p>\n\n\n\n<p>Die Nationalmannschaft spielte gut und schlecht. Es war Bundesliga. Ab\nund zu eine K\u00f6nigshochzeit. In M\u00fcnchen gab es einen neuen Panda.<\/p>\n\n\n\n<p><em>Dzz! Dzz! Dzz!<\/em><\/p>\n\n\n\n<p>Das Wetter.<\/p>\n\n\n\n<p><em>Dzz! Dzz! Dzz!<\/em><\/p>\n\n\n\n<p>Frau Angerer hat sich immer so gut gef\u00fchlt \u2013 mit dem <em>Dzz!Dzz!Dzz!, <\/em>mit\nder wilden Welt und mit den anst\u00e4ndigen Nachrichtensprechern in ihrem\nWohnzimmer. Nichts konnte ihr passieren, sie war in Sicherheit.<\/p>\n\n\n\n<p>Jetzt ist ihr Mann schon so lange tot, dass sie sich nicht mehr recht an\nsein Gesicht erinnern kann. Die Kinder werden fremder und fremder. Freundinnen\nund Bekannte machen sich rar \u2013 und wenn man sich trifft, dann redet man \u00fcber\ndas Kranksein und \u00fcber die neuesten Toten.<\/p>\n\n\n\n<p>In der \u201eTagesschau\u201c die Pestilenz der Moderne.<\/p>\n\n\n\n<p>Und gestern nach den Nachrichten ein Wiener \u201eTatort\u201c, der Hermine\nAngerer so ver\u00e4ngstigte, dass sie von einem Alptraum in den n\u00e4chsten\ngeschleudert wurde.<\/p>\n\n\n\n<p>Jetzt ist bald Ostern, die Sonne scheint \u2013 und Frau Angerer f\u00fchlt sich grauenhaft ausgelaugt. Ihr ist, als ob sie sich selber beim Hoffnungslos-Sein zusehen w\u00fcrde.<\/p>\n\n\n\n<p style=\"text-align:right\"><em>\u00a9 BILDKUNST JOHANNES TAUBERT<\/em><\/p>\n","protected":false},"excerpt":{"rendered":"<p>TANZ DER VIREN II M\u00fcnchen, der M\u00e4rz geht zu Ende. Eine neue Woche, seit gestern ist Sommerzeit, im Park an der Biedersteiner Stra\u00dfe ist jede Bank besetzt. Frau Angerer hat Gl\u00fcck gehabt, ihr Stammplatz ist frei gewesen. Nun hat sie die Jacke ausgezogen und neben sich gelegt. Sie kneift die Augen zusammen, weil die Sonne [&hellip;]<\/p>\n","protected":false},"author":3,"featured_media":0,"comment_status":"closed","ping_status":"closed","sticky":false,"template":"","format":"standard","meta":{"footnotes":""},"categories":[930],"tags":[],"class_list":["post-4734","post","type-post","status-publish","format-standard","hentry","category-tanz-der-viren","has-post-title","has-post-date","has-post-category","has-post-tag","has-post-comment","has-post-author",""],"_links":{"self":[{"href":"https:\/\/vettensjournal.de\/klassischer-journalismus\/wp-json\/wp\/v2\/posts\/4734","targetHints":{"allow":["GET"]}}],"collection":[{"href":"https:\/\/vettensjournal.de\/klassischer-journalismus\/wp-json\/wp\/v2\/posts"}],"about":[{"href":"https:\/\/vettensjournal.de\/klassischer-journalismus\/wp-json\/wp\/v2\/types\/post"}],"author":[{"embeddable":true,"href":"https:\/\/vettensjournal.de\/klassischer-journalismus\/wp-json\/wp\/v2\/users\/3"}],"replies":[{"embeddable":true,"href":"https:\/\/vettensjournal.de\/klassischer-journalismus\/wp-json\/wp\/v2\/comments?post=4734"}],"version-history":[{"count":1,"href":"https:\/\/vettensjournal.de\/klassischer-journalismus\/wp-json\/wp\/v2\/posts\/4734\/revisions"}],"predecessor-version":[{"id":4735,"href":"https:\/\/vettensjournal.de\/klassischer-journalismus\/wp-json\/wp\/v2\/posts\/4734\/revisions\/4735"}],"wp:attachment":[{"href":"https:\/\/vettensjournal.de\/klassischer-journalismus\/wp-json\/wp\/v2\/media?parent=4734"}],"wp:term":[{"taxonomy":"category","embeddable":true,"href":"https:\/\/vettensjournal.de\/klassischer-journalismus\/wp-json\/wp\/v2\/categories?post=4734"},{"taxonomy":"post_tag","embeddable":true,"href":"https:\/\/vettensjournal.de\/klassischer-journalismus\/wp-json\/wp\/v2\/tags?post=4734"}],"curies":[{"name":"wp","href":"https:\/\/api.w.org\/{rel}","templated":true}]}}