{"id":441,"date":"2015-02-02T14:26:48","date_gmt":"2015-02-02T14:26:48","guid":{"rendered":"http:\/\/vettensjournal.de\/klassischer-journalismus\/?p=441"},"modified":"2015-02-02T14:38:49","modified_gmt":"2015-02-02T14:38:49","slug":"der-ski-kaiser","status":"publish","type":"post","link":"https:\/\/vettensjournal.de\/klassischer-journalismus\/der-ski-kaiser\/","title":{"rendered":"DER SKI-&#8220;KAISER&#8221;"},"content":{"rendered":"<p><em><strong>m\u00fcnchen, 2. februar 2015<\/strong><\/em><\/p>\n<p><strong>&#8220;F\u00fcr mich ist wichtig, dass ich das, was ich tue, genie\u00dfen kann.&#8221; Wenn Felix Neureuther solche S\u00e4tze formuliert, wird er ungew\u00f6hnlich ernst. Neureuther, der Gaudibursch aus Garmisch, hat in den ersten 31 Jahren gelernt, wie schwer es ist, zur Leichtigkeit des Seins zu finden. Jetzt ist er bereit f\u00fcr ernsthaften Spa\u00df. Jetzt will der momentan beste Slalomfahrer des Globus in Vail Weltmeister der Alpinen werden. &#8220;Das w\u00e4re das Gr\u00f6\u00dfte. Es geht nicht nur um den Erfolg, es geht auch um andere Dinge: Freundschaften. Lachen. Ab und zu ein Gl\u00fcck.&#8221; Nicht mehr. Und nicht weniger.<\/strong><\/p>\n<p>Kurz vor dem Einchecken macht der junge Mann noch einmal schnell &#8220;ein Fass auf&#8221;: Er wurschtelt die Skischuhe aus dem Gep\u00e4ck, postiert sich fotogen vor der Abflugtafel im M\u00fcnchner Airport und knipst sich. Flink die Daten verarbeitet und die Welt geschickt.<\/p>\n<p style=\"text-align: center\"><em>Bin am Flughafen angekommen. Los gehts zur WM nach Vail!!!<\/em><\/p>\n<p>455500 Menschen &#8220;gef\u00e4llt&#8221;, was sie da lesen. Der Bursch hat seinen Flieger bestiegen, er wird in Bestform in den Staaten ankommen \u2013 und diesmal kann er es endg\u00fcltig vollbringen:<\/p>\n<p>Er hat\u2019s drauf, bei einem ganz, ganz wichtigen Wettkampf Bester von allen zu werden.<\/p>\n<figure id=\"attachment_445\" aria-describedby=\"caption-attachment-445\" style=\"width: 300px\" class=\"wp-caption aligncenter\"><img loading=\"lazy\" decoding=\"async\" class=\"wp-image-445 size-medium\" src=\"http:\/\/vettensjournal.de\/klassischer-journalismus\/wp-content\/uploads\/2015\/02\/DSC_1018-300x197.jpg\" alt=\"DSC_1018\" width=\"300\" height=\"197\" srcset=\"https:\/\/vettensjournal.de\/klassischer-journalismus\/wp-content\/uploads\/2015\/02\/DSC_1018-300x197.jpg 300w, https:\/\/vettensjournal.de\/klassischer-journalismus\/wp-content\/uploads\/2015\/02\/DSC_1018-600x394.jpg 600w, https:\/\/vettensjournal.de\/klassischer-journalismus\/wp-content\/uploads\/2015\/02\/DSC_1018.jpg 980w\" sizes=\"auto, (max-width: 300px) 100vw, 300px\" \/><figcaption id=\"caption-attachment-445\" class=\"wp-caption-text\">Felix Neureuther, der King of Facebook. Es kommt prima und authentisch &#8220;r\u00fcber&#8221;, wie er sich engagiert.<\/figcaption><\/figure>\n<p>&nbsp;<\/p>\n<p>Verdient hat er es. Das wissen die Trainer und die Konkurrenten. Das wissen Freundin und Eltern (selbst hoch dekorierte Skistars) und die Fans. Und das wei\u00df vor allem er selbst. Entspannt ist er und gleichzeitig konzentriert wie nie zuvor.<\/p>\n<p>Er l\u00e4chelt viel in diesen Tagen \u2013 weil ihm nach L\u00e4cheln ist.<\/p>\n<p>Dieser Felix Neureuther hat derzeit den geschmeidigsten &#8220;Lauf&#8221;, seit er sich erinnern kann. Und vielleicht ist er gerade mit sich im Reinen, weil er genau wei\u00df, wie es ist, wenn man sich mit Widerst\u00e4nden und Zweifeln abplagen muss.<\/p>\n<p>Er ist oft verletzt gewesen in den letzten Jahren. Es gab Monate, da bereitete das Aufstehen Schmerzen, da war Trainieren ein Ringen mit dem revoltierenden K\u00f6rper. Es gab die Phasen, in denen der Slalomfahrer Neureuther regelm\u00e4\u00dfiig mit Bestzeit aus dem ersten Lauf in den zweiten Durchgang gestartet ist und sich dann selbst aus dem Rennen warf. Eingef\u00e4delt. Vorbeigefahren. Abgehoben und bruchgelandet. Verbremst.<\/p>\n<p>Es gab ein paar dunkle Wochen, in denen er den ganzen Leistungssport-Krempel hin schmei\u00dfen wollte. Da hat er sich \u2013 es ist ziemlich genau zwei Jahre her \u2013 verkrochen und eine Inventur in Sachen Neureuther gemacht.<\/p>\n<p>&#8220;Lohnt sich das noch? Habe ich mich gefragt. Das Maximale aus dem K\u00f6rper herauszuholen? Das ist ja nicht nur im Sommer- und Skitraining der Fall, sondern du musst den ganzen Aufwand bew\u00e4ltigen. Ich fahre \u00fcber 25 000 Kilometer im Jahr nur zu Physiotherapeuten, um behandelt zu werden. Dann legen wir Skifahrer viele Tausende Kilometer im Jahr zur\u00fcck, um zu Rennen zu fahren. Die ganze Reiserei, im Endeffekt immer nur aus dem Koffer leben &#8211; das sind alles so Sachen, die einen mit der Zeit irgendwie auch m\u00fcde machen.<\/p>\n<p>Und damals war ich nicht m\u00fcde, ich war leer. Ich bin mit dem Hund auf die H\u00fctte meines Onkels, habe gelesen und Musik geh\u00f6rt. Bin durch den Schnee gelatscht, habe die Sonne genossen und die Natur und habe wieder angefangen zu sp\u00fcren, wie sch\u00f6n alles ist. Da kam dann auch bald wieder die Erinnerung ans Skifahren. Diese vielen einzigartigen Momente. Die Spezl, mit denen ich meinen Spa\u00df habe. Das Gef\u00fchl, ganz oben zu stehen \u2013 und unten jubeln Dir Tausende zu, weil Du es am besten gemacht hast. Das, was keiner beschreiben kann: das, was nach einem perfekten Lauf in Dir abgeht.<\/p>\n<p>Da hab\u2019 ich vor der H\u00fctte gesessen und gewusst: Solange die Freude \u00fcberwiegt, das noch machen zu d\u00fcrfen, gibt es kein Nachdenken. Dann muss ich weiter tun.&#8221;<\/p>\n<p>Jetzt ist seine Hoch-Zeit da. Er bewegt sich scheinbar spielerisch zwischen den Stangen. Nichts f\u00e4llt schwer. Genie\u00dfen? Na klar! Mehr, mehr, mehr!<\/p>\n<figure id=\"attachment_446\" aria-describedby=\"caption-attachment-446\" style=\"width: 300px\" class=\"wp-caption aligncenter\"><img loading=\"lazy\" decoding=\"async\" class=\"wp-image-446 size-medium\" src=\"http:\/\/vettensjournal.de\/klassischer-journalismus\/wp-content\/uploads\/2015\/02\/DSC_1014-300x212.jpg\" alt=\"DSC_1014\" width=\"300\" height=\"212\" srcset=\"https:\/\/vettensjournal.de\/klassischer-journalismus\/wp-content\/uploads\/2015\/02\/DSC_1014-300x212.jpg 300w, https:\/\/vettensjournal.de\/klassischer-journalismus\/wp-content\/uploads\/2015\/02\/DSC_1014-600x424.jpg 600w, https:\/\/vettensjournal.de\/klassischer-journalismus\/wp-content\/uploads\/2015\/02\/DSC_1014.jpg 932w\" sizes=\"auto, (max-width: 300px) 100vw, 300px\" \/><figcaption id=\"caption-attachment-446\" class=\"wp-caption-text\">&#8220;We are the Champions!&#8221; Und mehr als eine halbe Million User bekommen&#8217;s mit.<\/figcaption><\/figure>\n<p>&nbsp;<\/p>\n<p>&#8220;Ich bin noch nie so beschwerdefrei und ohne Schmerzen zu einer WM gefahren. Aber es ist immer ein Kampf, weil die Belastung sehr, sehr gro\u00df ist. Du musst permanent dranbleiben und schauen, dass das und jenes nicht mehr weh tut. Aber es macht mir so viel Spa\u00df, und ich liebe es, meinen K\u00f6rper ans Limit zu bringen.&#8221;<\/p>\n<p>K\u00fcrzlich war nach dem Slalom in Zagreb der Interviewer von ORF 1 verschwunden \u2013 da schnappte sich Neureuther kurzerhand das Mikro: &#8220;So, nachdem jetzt keiner hier ist, stelle ich die Fragen und antworte auch.&#8221; So hat er\u2019s gemacht. Wollte von sich wissen, ob er zufrieden mit seinen Fahrten gewesen sei. Ja, war er. Was er zur Konkurrenz zu sagen habe? Nette Burschen san des, ganz nette Burschen, man kann seine Gaudi mit ihnen haben. Wie er denn seine Chancen bei der Weltmeisterschaft sehe? &#8220;Ja mei&#8221;, antwortete da der grinsende Felix dem grinsenden Felix, &#8220;schlecht san\u2019s net, die Chancen. De Andern fahr\u2019n auch gut, da kannst nix sag\u2019n. Aber SCHAUN MER MAL.&#8221;<\/p>\n<p>Jetzt hat er sie, der Felix Neureuther: die Leichtigkeit eines Sport-&#8220;Kaisers&#8221;.<\/p>\n","protected":false},"excerpt":{"rendered":"<p>m\u00fcnchen, 2. februar 2015 &#8220;F\u00fcr mich ist wichtig, dass ich das, was ich tue, genie\u00dfen kann.&#8221; Wenn Felix Neureuther solche S\u00e4tze formuliert, wird er ungew\u00f6hnlich ernst. Neureuther, der Gaudibursch aus Garmisch, hat in den ersten 31 Jahren gelernt, wie schwer es ist, zur Leichtigkeit des Seins zu finden. Jetzt ist er bereit f\u00fcr ernsthaften Spa\u00df. [&hellip;]<\/p>\n","protected":false},"author":3,"featured_media":444,"comment_status":"closed","ping_status":"closed","sticky":false,"template":"","format":"standard","meta":{"footnotes":""},"categories":[22],"tags":[117,139,142,141,140],"class_list":["post-441","post","type-post","status-publish","format-standard","has-post-thumbnail","hentry","category-portrat","tag-neureuther-felix","tag-ski-alpin","tag-vail","tag-weltmeisterschaft","tag-wm","has-post-title","has-post-date","has-post-category","has-post-tag","has-post-comment","has-post-author",""],"_links":{"self":[{"href":"https:\/\/vettensjournal.de\/klassischer-journalismus\/wp-json\/wp\/v2\/posts\/441","targetHints":{"allow":["GET"]}}],"collection":[{"href":"https:\/\/vettensjournal.de\/klassischer-journalismus\/wp-json\/wp\/v2\/posts"}],"about":[{"href":"https:\/\/vettensjournal.de\/klassischer-journalismus\/wp-json\/wp\/v2\/types\/post"}],"author":[{"embeddable":true,"href":"https:\/\/vettensjournal.de\/klassischer-journalismus\/wp-json\/wp\/v2\/users\/3"}],"replies":[{"embeddable":true,"href":"https:\/\/vettensjournal.de\/klassischer-journalismus\/wp-json\/wp\/v2\/comments?post=441"}],"version-history":[{"count":1,"href":"https:\/\/vettensjournal.de\/klassischer-journalismus\/wp-json\/wp\/v2\/posts\/441\/revisions"}],"predecessor-version":[{"id":448,"href":"https:\/\/vettensjournal.de\/klassischer-journalismus\/wp-json\/wp\/v2\/posts\/441\/revisions\/448"}],"wp:featuredmedia":[{"embeddable":true,"href":"https:\/\/vettensjournal.de\/klassischer-journalismus\/wp-json\/wp\/v2\/media\/444"}],"wp:attachment":[{"href":"https:\/\/vettensjournal.de\/klassischer-journalismus\/wp-json\/wp\/v2\/media?parent=441"}],"wp:term":[{"taxonomy":"category","embeddable":true,"href":"https:\/\/vettensjournal.de\/klassischer-journalismus\/wp-json\/wp\/v2\/categories?post=441"},{"taxonomy":"post_tag","embeddable":true,"href":"https:\/\/vettensjournal.de\/klassischer-journalismus\/wp-json\/wp\/v2\/tags?post=441"}],"curies":[{"name":"wp","href":"https:\/\/api.w.org\/{rel}","templated":true}]}}