{"id":4391,"date":"2020-08-24T08:28:12","date_gmt":"2020-08-24T08:28:12","guid":{"rendered":"https:\/\/vettensjournal.de\/klassischer-journalismus\/?p=4391"},"modified":"2020-08-24T08:43:43","modified_gmt":"2020-08-24T08:43:43","slug":"klarsehen","status":"publish","type":"post","link":"https:\/\/vettensjournal.de\/klassischer-journalismus\/klarsehen\/","title":{"rendered":"KLARSEHEN"},"content":{"rendered":"\n<p><strong>TANZ DER VIREN, FCB10<\/strong><\/p>\n\n\n\n<p style=\"text-align:left\"><strong>24. August<\/strong><\/p>\n\n\n\n<p>Jorge Valdano, 64 (Spieler, Trainer, Manager) redet nichts sch\u00f6n:<\/p>\n\n\n\n<p style=\"text-align:center\"><em>\u201eDiesem Fu\u00dfball fehlt die Seele. Wir sehen die Emotionen weder in den Stadien noch im Fernsehen. Man bekommt fast Lust, nicht den echten sondern einen aufblasbaren Pokal zu \u00fcberreichen. Fu\u00dfball in einem Stadion ohne Zuschauer ist, mit Verlaub, Schei\u00dfe. Fu\u00dfball in einem halbvollen Stadion mag eine halbe Schei\u00dfe sein. Doch es bleibt Schei\u00dfe.\u201c<\/em><\/p>\n\n\n\n<p>Wie sagt man in Bayern so sch\u00f6n:<\/p>\n\n\n\n<p>Ausgeredet ist!<\/p>\n","protected":false},"excerpt":{"rendered":"<p>TANZ DER VIREN, FCB10 24. August Jorge Valdano, 64 (Spieler, Trainer, Manager) redet nichts sch\u00f6n: \u201eDiesem Fu\u00dfball fehlt die Seele. Wir sehen die Emotionen weder in den Stadien noch im Fernsehen. Man bekommt fast Lust, nicht den echten sondern einen aufblasbaren Pokal zu \u00fcberreichen. Fu\u00dfball in einem Stadion ohne Zuschauer ist, mit Verlaub, Schei\u00dfe. Fu\u00dfball [&hellip;]<\/p>\n","protected":false},"author":3,"featured_media":3977,"comment_status":"closed","ping_status":"closed","sticky":false,"template":"","format":"standard","meta":{"footnotes":""},"categories":[930],"tags":[],"class_list":["post-4391","post","type-post","status-publish","format-standard","has-post-thumbnail","hentry","category-tanz-der-viren","has-post-title","has-post-date","has-post-category","has-post-tag","has-post-comment","has-post-author",""],"_links":{"self":[{"href":"https:\/\/vettensjournal.de\/klassischer-journalismus\/wp-json\/wp\/v2\/posts\/4391","targetHints":{"allow":["GET"]}}],"collection":[{"href":"https:\/\/vettensjournal.de\/klassischer-journalismus\/wp-json\/wp\/v2\/posts"}],"about":[{"href":"https:\/\/vettensjournal.de\/klassischer-journalismus\/wp-json\/wp\/v2\/types\/post"}],"author":[{"embeddable":true,"href":"https:\/\/vettensjournal.de\/klassischer-journalismus\/wp-json\/wp\/v2\/users\/3"}],"replies":[{"embeddable":true,"href":"https:\/\/vettensjournal.de\/klassischer-journalismus\/wp-json\/wp\/v2\/comments?post=4391"}],"version-history":[{"count":1,"href":"https:\/\/vettensjournal.de\/klassischer-journalismus\/wp-json\/wp\/v2\/posts\/4391\/revisions"}],"predecessor-version":[{"id":4404,"href":"https:\/\/vettensjournal.de\/klassischer-journalismus\/wp-json\/wp\/v2\/posts\/4391\/revisions\/4404"}],"wp:featuredmedia":[{"embeddable":true,"href":"https:\/\/vettensjournal.de\/klassischer-journalismus\/wp-json\/wp\/v2\/media\/3977"}],"wp:attachment":[{"href":"https:\/\/vettensjournal.de\/klassischer-journalismus\/wp-json\/wp\/v2\/media?parent=4391"}],"wp:term":[{"taxonomy":"category","embeddable":true,"href":"https:\/\/vettensjournal.de\/klassischer-journalismus\/wp-json\/wp\/v2\/categories?post=4391"},{"taxonomy":"post_tag","embeddable":true,"href":"https:\/\/vettensjournal.de\/klassischer-journalismus\/wp-json\/wp\/v2\/tags?post=4391"}],"curies":[{"name":"wp","href":"https:\/\/api.w.org\/{rel}","templated":true}]}}