{"id":4386,"date":"2020-08-22T14:56:34","date_gmt":"2020-08-22T14:56:34","guid":{"rendered":"https:\/\/vettensjournal.de\/klassischer-journalismus\/?p=4386"},"modified":"2020-08-24T08:43:09","modified_gmt":"2020-08-24T08:43:09","slug":"warten","status":"publish","type":"post","link":"https:\/\/vettensjournal.de\/klassischer-journalismus\/warten\/","title":{"rendered":"WARTEN"},"content":{"rendered":"\n<p><strong>TANZ DER VIREN, FCB8<\/strong><\/p>\n\n\n\n<p><strong>22. August<\/strong><\/p>\n\n\n\n<p>Das \u201eCascade\u201c an der Algarve: ein wunderbarer\nFlecken Erde.<\/p>\n\n\n\n<p>Ein geschwungener, mit Palmen ges\u00e4umter Pool.\nEin Ausblick \u00fcber die Steilk\u00fcste hinweg \u00fcber den Atlantik. Driving-Range direkt\nauf der Anlage. Beste Laune im Haus, weil die Herren Fu\u00dfballer Sieger unter\ns\u00fcdlicher Sonne sind. Morgen ist Finale in der Champions League \u2013 und den\nProfis des FC Bayern geht es blendend.<\/p>\n\n\n\n<p>Sportvorstand Hasan Salihamidcizc kennt sich aus mit den Tagen vor den Endspielen. Wenn er den jungen M\u00e4nnern zusieht, wie sie sich aufs Finale fokussieren, wird ihm ganz fr\u00f6hlich. <\/p>\n\n\n\n<p>\u201eSie sind selbstbewusst, konzentriert, vor allem als Einheit. Hans Flick, unser Trainer, hat eine Kultur des Zusammenhalts geschaffen. Jeder ist einbezogen, auch wenn nicht alle immer zufrieden sind, weil der Trainer nur elf Spieler aufstellen kann. Doch das Team nimmt jeden mit, die Gruppe k\u00fcmmert sich. Die Spieler bringen eine Bereitschaft und Qualit\u00e4t ins Training ein, die man braucht, wenn man um Titel spielen will und die das Trainerteam t\u00e4glich erwarten und auch einfordern. Wie oft, wenn ich zuschaue beim Training, denke ich: Was sind das f\u00fcr unglaublich gute Fu\u00dfballer. Verr\u00fcckt.<strong>\u201c<\/strong><\/p>\n\n\n\n<p>Salihamidcizc ist ein k\u00e4mpfender Optimist. Er erlebt gerade seine beste Zeit als Funktion\u00e4r eines der besten Fu\u00dfballvereine der Welt. Wie narrisch freut er sich aufs Endspiel.<\/p>\n\n\n\n<p>Doch dann h\u00e4lt er inne und sagt. \u201eEs k\u00f6nnte so sch\u00f6n sein.\u201c<\/p>\n\n\n\n<p>Aber selbst f\u00fcr einen wie ihn ist es halt dann doch so\nwunderbar nicht.<\/p>\n\n\n\n<p>\u201eCorona hat uns von denen getrennt, f\u00fcr die wir spielen:\nunsere Fans. Corona hat allen, die Fu\u00dfball lieben, viel genommen. So schnell\nkriegen wir das nicht repariert.\u201c<\/p>\n","protected":false},"excerpt":{"rendered":"<p>TANZ DER VIREN, FCB8 22. August Das \u201eCascade\u201c an der Algarve: ein wunderbarer Flecken Erde. Ein geschwungener, mit Palmen ges\u00e4umter Pool. Ein Ausblick \u00fcber die Steilk\u00fcste hinweg \u00fcber den Atlantik. Driving-Range direkt auf der Anlage. Beste Laune im Haus, weil die Herren Fu\u00dfballer Sieger unter s\u00fcdlicher Sonne sind. Morgen ist Finale in der Champions League [&hellip;]<\/p>\n","protected":false},"author":3,"featured_media":3985,"comment_status":"closed","ping_status":"closed","sticky":false,"template":"","format":"standard","meta":{"footnotes":""},"categories":[930],"tags":[],"class_list":["post-4386","post","type-post","status-publish","format-standard","has-post-thumbnail","hentry","category-tanz-der-viren","has-post-title","has-post-date","has-post-category","has-post-tag","has-post-comment","has-post-author",""],"_links":{"self":[{"href":"https:\/\/vettensjournal.de\/klassischer-journalismus\/wp-json\/wp\/v2\/posts\/4386","targetHints":{"allow":["GET"]}}],"collection":[{"href":"https:\/\/vettensjournal.de\/klassischer-journalismus\/wp-json\/wp\/v2\/posts"}],"about":[{"href":"https:\/\/vettensjournal.de\/klassischer-journalismus\/wp-json\/wp\/v2\/types\/post"}],"author":[{"embeddable":true,"href":"https:\/\/vettensjournal.de\/klassischer-journalismus\/wp-json\/wp\/v2\/users\/3"}],"replies":[{"embeddable":true,"href":"https:\/\/vettensjournal.de\/klassischer-journalismus\/wp-json\/wp\/v2\/comments?post=4386"}],"version-history":[{"count":1,"href":"https:\/\/vettensjournal.de\/klassischer-journalismus\/wp-json\/wp\/v2\/posts\/4386\/revisions"}],"predecessor-version":[{"id":4402,"href":"https:\/\/vettensjournal.de\/klassischer-journalismus\/wp-json\/wp\/v2\/posts\/4386\/revisions\/4402"}],"wp:featuredmedia":[{"embeddable":true,"href":"https:\/\/vettensjournal.de\/klassischer-journalismus\/wp-json\/wp\/v2\/media\/3985"}],"wp:attachment":[{"href":"https:\/\/vettensjournal.de\/klassischer-journalismus\/wp-json\/wp\/v2\/media?parent=4386"}],"wp:term":[{"taxonomy":"category","embeddable":true,"href":"https:\/\/vettensjournal.de\/klassischer-journalismus\/wp-json\/wp\/v2\/categories?post=4386"},{"taxonomy":"post_tag","embeddable":true,"href":"https:\/\/vettensjournal.de\/klassischer-journalismus\/wp-json\/wp\/v2\/tags?post=4386"}],"curies":[{"name":"wp","href":"https:\/\/api.w.org\/{rel}","templated":true}]}}