{"id":4382,"date":"2020-08-20T08:16:47","date_gmt":"2020-08-20T08:16:47","guid":{"rendered":"https:\/\/vettensjournal.de\/klassischer-journalismus\/?p=4382"},"modified":"2020-08-24T08:42:33","modified_gmt":"2020-08-24T08:42:33","slug":"siegen","status":"publish","type":"post","link":"https:\/\/vettensjournal.de\/klassischer-journalismus\/siegen\/","title":{"rendered":"SIEGEN?"},"content":{"rendered":"\n<p><strong>TANZ DER VIREN, FCB6<\/strong><\/p>\n\n\n\n<p>20. August<\/p>\n\n\n\n<p>Es war gestern, und heute ist es auch.<\/p>\n\n\n\n<p>Ein&nbsp; Schrebergarten in\nder N\u00e4he der S\u00e4bener Str\u00e4\u00dfe. Radio. Live.<\/p>\n\n\n\n<p>Die Menschen wissen, wie verzweifelt sie sind.<\/p>\n\n\n\n<p>Bayrern gewinnt und \u201est\u00fcrmt\u201c ins Finale von irgendwas.<\/p>\n\n\n\n<p>Die Menschen h\u00f6ren es im Radio und sind froh.<\/p>\n\n\n\n<p>Dabei d\u00fcrfen sie die Helden nicht mal bejubeln (das geschah\nfr\u00fcherdings aus der Leopoldstra\u00dfe und am Marienplatz).<\/p>\n\n\n\n<p>Die Menschen am Radio w\u00fcrden gern feiern.<\/p>\n\n\n\n<p>Schei\u00dfe.<\/p>\n","protected":false},"excerpt":{"rendered":"<p>TANZ DER VIREN, FCB6 20. August Es war gestern, und heute ist es auch. Ein&nbsp; Schrebergarten in der N\u00e4he der S\u00e4bener Str\u00e4\u00dfe. Radio. Live. Die Menschen wissen, wie verzweifelt sie sind. Bayrern gewinnt und \u201est\u00fcrmt\u201c ins Finale von irgendwas. Die Menschen h\u00f6ren es im Radio und sind froh. Dabei d\u00fcrfen sie die Helden nicht mal [&hellip;]<\/p>\n","protected":false},"author":3,"featured_media":4263,"comment_status":"closed","ping_status":"closed","sticky":false,"template":"","format":"standard","meta":{"footnotes":""},"categories":[930],"tags":[],"class_list":["post-4382","post","type-post","status-publish","format-standard","has-post-thumbnail","hentry","category-tanz-der-viren","has-post-title","has-post-date","has-post-category","has-post-tag","has-post-comment","has-post-author",""],"_links":{"self":[{"href":"https:\/\/vettensjournal.de\/klassischer-journalismus\/wp-json\/wp\/v2\/posts\/4382","targetHints":{"allow":["GET"]}}],"collection":[{"href":"https:\/\/vettensjournal.de\/klassischer-journalismus\/wp-json\/wp\/v2\/posts"}],"about":[{"href":"https:\/\/vettensjournal.de\/klassischer-journalismus\/wp-json\/wp\/v2\/types\/post"}],"author":[{"embeddable":true,"href":"https:\/\/vettensjournal.de\/klassischer-journalismus\/wp-json\/wp\/v2\/users\/3"}],"replies":[{"embeddable":true,"href":"https:\/\/vettensjournal.de\/klassischer-journalismus\/wp-json\/wp\/v2\/comments?post=4382"}],"version-history":[{"count":1,"href":"https:\/\/vettensjournal.de\/klassischer-journalismus\/wp-json\/wp\/v2\/posts\/4382\/revisions"}],"predecessor-version":[{"id":4400,"href":"https:\/\/vettensjournal.de\/klassischer-journalismus\/wp-json\/wp\/v2\/posts\/4382\/revisions\/4400"}],"wp:featuredmedia":[{"embeddable":true,"href":"https:\/\/vettensjournal.de\/klassischer-journalismus\/wp-json\/wp\/v2\/media\/4263"}],"wp:attachment":[{"href":"https:\/\/vettensjournal.de\/klassischer-journalismus\/wp-json\/wp\/v2\/media?parent=4382"}],"wp:term":[{"taxonomy":"category","embeddable":true,"href":"https:\/\/vettensjournal.de\/klassischer-journalismus\/wp-json\/wp\/v2\/categories?post=4382"},{"taxonomy":"post_tag","embeddable":true,"href":"https:\/\/vettensjournal.de\/klassischer-journalismus\/wp-json\/wp\/v2\/tags?post=4382"}],"curies":[{"name":"wp","href":"https:\/\/api.w.org\/{rel}","templated":true}]}}