{"id":4380,"date":"2020-08-19T13:26:04","date_gmt":"2020-08-19T13:26:04","guid":{"rendered":"https:\/\/vettensjournal.de\/klassischer-journalismus\/?p=4380"},"modified":"2020-08-19T13:26:05","modified_gmt":"2020-08-19T13:26:05","slug":"akzeptieren","status":"publish","type":"post","link":"https:\/\/vettensjournal.de\/klassischer-journalismus\/akzeptieren\/","title":{"rendered":"AKZEPTIEREN"},"content":{"rendered":"\n<p><strong>TANZ DER VIREN, FCB5 <\/strong><\/p>\n\n\n\n<p><strong>19. August<\/strong><\/p>\n\n\n\n<p>In\nLissabon schwitzen sich die Profis des FC Bayern M\u00fcnchen f\u00fcrs Halbfinale gegen\nLyon warm \u2013 und man m\u00f6chte meinen, der Fu\u00dfball sei das Faszinosum wie eh und\nje.<\/p>\n\n\n\n<p>Derweil\nkehren sie freilich in Deutschland schon mal in die harsche Realit\u00e4t zur\u00fcck.<\/p>\n\n\n\n<p>Die Deutsche Fu\u00dfball Liga erkl\u00e4rt durch einen Sprecher, dass man einverstanden sei damit, dass man es immer noch ganz doll mit einer gro\u00dfen Gefahr zu tun habe. Deshalb akzeptiere man, dass die Politik dem Fu\u00dfball das Gesch\u00e4ft verhagelt.<\/p>\n\n\n\n<p>\u201eDie\nDFL hat immer betont, dass die Eind\u00e4mmung des Coronavirus h\u00f6chste Priorit\u00e4t\nhaben muss. Sie respektiert daher selbstverst\u00e4ndlich die Position der\nGesundheitsminister aus Bund und L\u00e4ndern. Es sollte in allen Lebensbereichen\ndas Ziel sein, mit gezielten Konzepten, schrittweise und immer der jeweiligen\nLage angemessen eine R\u00fcckkehr in Richtung Normalit\u00e4t anzustreben. Die DFL und\ndie Klubs werden sich dementsprechend bestm\u00f6glich auf eine R\u00fcckkehr von Stadionbesuchern\nvorbereiten.\u201c<\/p>\n\n\n\n<p>Bundesgesundheitsminister\nJens Spahn (CDU) sowie dessen Kollegen der Bundesl\u00e4nder hatten sich vor zwei\nTagen deutlich gegen eine schnelle R\u00fcckkehr der Fans ausgesprochen. \u201eTausende\nZuschauer in den Stadien &#8211; das passt nicht zum aktuellen Infektionsgeschehen\u201c,\ntwitterte Spahn. Erst im Herbst soll eine Neubewertung der Situation erfolgen.<\/p>\n\n\n\n<p>Brav.<\/p>\n","protected":false},"excerpt":{"rendered":"<p>TANZ DER VIREN, FCB5 19. August In Lissabon schwitzen sich die Profis des FC Bayern M\u00fcnchen f\u00fcrs Halbfinale gegen Lyon warm \u2013 und man m\u00f6chte meinen, der Fu\u00dfball sei das Faszinosum wie eh und je. Derweil kehren sie freilich in Deutschland schon mal in die harsche Realit\u00e4t zur\u00fcck. Die Deutsche Fu\u00dfball Liga erkl\u00e4rt durch einen [&hellip;]<\/p>\n","protected":false},"author":3,"featured_media":3753,"comment_status":"closed","ping_status":"closed","sticky":false,"template":"","format":"standard","meta":{"footnotes":""},"categories":[930],"tags":[],"class_list":["post-4380","post","type-post","status-publish","format-standard","has-post-thumbnail","hentry","category-tanz-der-viren","has-post-title","has-post-date","has-post-category","has-post-tag","has-post-comment","has-post-author",""],"_links":{"self":[{"href":"https:\/\/vettensjournal.de\/klassischer-journalismus\/wp-json\/wp\/v2\/posts\/4380","targetHints":{"allow":["GET"]}}],"collection":[{"href":"https:\/\/vettensjournal.de\/klassischer-journalismus\/wp-json\/wp\/v2\/posts"}],"about":[{"href":"https:\/\/vettensjournal.de\/klassischer-journalismus\/wp-json\/wp\/v2\/types\/post"}],"author":[{"embeddable":true,"href":"https:\/\/vettensjournal.de\/klassischer-journalismus\/wp-json\/wp\/v2\/users\/3"}],"replies":[{"embeddable":true,"href":"https:\/\/vettensjournal.de\/klassischer-journalismus\/wp-json\/wp\/v2\/comments?post=4380"}],"version-history":[{"count":1,"href":"https:\/\/vettensjournal.de\/klassischer-journalismus\/wp-json\/wp\/v2\/posts\/4380\/revisions"}],"predecessor-version":[{"id":4381,"href":"https:\/\/vettensjournal.de\/klassischer-journalismus\/wp-json\/wp\/v2\/posts\/4380\/revisions\/4381"}],"wp:featuredmedia":[{"embeddable":true,"href":"https:\/\/vettensjournal.de\/klassischer-journalismus\/wp-json\/wp\/v2\/media\/3753"}],"wp:attachment":[{"href":"https:\/\/vettensjournal.de\/klassischer-journalismus\/wp-json\/wp\/v2\/media?parent=4380"}],"wp:term":[{"taxonomy":"category","embeddable":true,"href":"https:\/\/vettensjournal.de\/klassischer-journalismus\/wp-json\/wp\/v2\/categories?post=4380"},{"taxonomy":"post_tag","embeddable":true,"href":"https:\/\/vettensjournal.de\/klassischer-journalismus\/wp-json\/wp\/v2\/tags?post=4380"}],"curies":[{"name":"wp","href":"https:\/\/api.w.org\/{rel}","templated":true}]}}