{"id":4312,"date":"2020-07-24T16:49:33","date_gmt":"2020-07-24T16:49:33","guid":{"rendered":"https:\/\/vettensjournal.de\/klassischer-journalismus\/?p=4312"},"modified":"2020-07-24T16:50:35","modified_gmt":"2020-07-24T16:50:35","slug":"kassieren","status":"publish","type":"post","link":"https:\/\/vettensjournal.de\/klassischer-journalismus\/kassieren\/","title":{"rendered":"KASSIEREN"},"content":{"rendered":"\n<p><strong>TANZ DER VIREN <\/strong><\/p>\n\n\n\n<p><strong>24. Juli<\/strong><\/p>\n\n\n\n<p>In Prien am Chiemsee wundern sich die H\u00f6rwicks aus K\u00e4rnten,\nwie leger die Deutschen sein k\u00f6nnen.<\/p>\n\n\n\n<p>Der Betreiber vom Campingplatz \u201eHarras\u201c h\u00e4lt zwar seine\nKunden zum Masken-Tragen und zum Schlangestehen in den Duschr\u00e4umen an. Er\nachtet auch darauf, dass die Wohnmobile nicht Sto\u00dfstange an Sto\u00dfstange stehen.\n\u00dcberall hat er Verbotstafeln angebracht. Ein guter Deutscher ist er.<\/p>\n\n\n\n<p>Wenn es aber ans Kassieren geht, wird er zum Italiener. Ganz\ngierig tippt er die Rechnung in den seit Tagen nicht desinfizierten Computer,\nAbstand h\u00e4lt er beim Geld-Nehmen \u00fcberhaupt nicht. \u201eUnd wenn er kassiert hat,\nt\u00e4t\u2018 er Dich am liebsten umarmen. Irgendwie seid Ihr nicht logisch, Ihr\nDeutschen.\u201c<\/p>\n","protected":false},"excerpt":{"rendered":"<p>TANZ DER VIREN 24. Juli In Prien am Chiemsee wundern sich die H\u00f6rwicks aus K\u00e4rnten, wie leger die Deutschen sein k\u00f6nnen. Der Betreiber vom Campingplatz \u201eHarras\u201c h\u00e4lt zwar seine Kunden zum Masken-Tragen und zum Schlangestehen in den Duschr\u00e4umen an. Er achtet auch darauf, dass die Wohnmobile nicht Sto\u00dfstange an Sto\u00dfstange stehen. \u00dcberall hat er Verbotstafeln [&hellip;]<\/p>\n","protected":false},"author":3,"featured_media":3983,"comment_status":"closed","ping_status":"closed","sticky":false,"template":"","format":"standard","meta":{"footnotes":""},"categories":[930,1],"tags":[],"class_list":["post-4312","post","type-post","status-publish","format-standard","has-post-thumbnail","hentry","category-tanz-der-viren","category-uncategorized","has-post-title","has-post-date","has-post-category","has-post-tag","has-post-comment","has-post-author",""],"_links":{"self":[{"href":"https:\/\/vettensjournal.de\/klassischer-journalismus\/wp-json\/wp\/v2\/posts\/4312","targetHints":{"allow":["GET"]}}],"collection":[{"href":"https:\/\/vettensjournal.de\/klassischer-journalismus\/wp-json\/wp\/v2\/posts"}],"about":[{"href":"https:\/\/vettensjournal.de\/klassischer-journalismus\/wp-json\/wp\/v2\/types\/post"}],"author":[{"embeddable":true,"href":"https:\/\/vettensjournal.de\/klassischer-journalismus\/wp-json\/wp\/v2\/users\/3"}],"replies":[{"embeddable":true,"href":"https:\/\/vettensjournal.de\/klassischer-journalismus\/wp-json\/wp\/v2\/comments?post=4312"}],"version-history":[{"count":1,"href":"https:\/\/vettensjournal.de\/klassischer-journalismus\/wp-json\/wp\/v2\/posts\/4312\/revisions"}],"predecessor-version":[{"id":4316,"href":"https:\/\/vettensjournal.de\/klassischer-journalismus\/wp-json\/wp\/v2\/posts\/4312\/revisions\/4316"}],"wp:featuredmedia":[{"embeddable":true,"href":"https:\/\/vettensjournal.de\/klassischer-journalismus\/wp-json\/wp\/v2\/media\/3983"}],"wp:attachment":[{"href":"https:\/\/vettensjournal.de\/klassischer-journalismus\/wp-json\/wp\/v2\/media?parent=4312"}],"wp:term":[{"taxonomy":"category","embeddable":true,"href":"https:\/\/vettensjournal.de\/klassischer-journalismus\/wp-json\/wp\/v2\/categories?post=4312"},{"taxonomy":"post_tag","embeddable":true,"href":"https:\/\/vettensjournal.de\/klassischer-journalismus\/wp-json\/wp\/v2\/tags?post=4312"}],"curies":[{"name":"wp","href":"https:\/\/api.w.org\/{rel}","templated":true}]}}