{"id":4217,"date":"2020-07-07T11:15:01","date_gmt":"2020-07-07T11:15:01","guid":{"rendered":"https:\/\/vettensjournal.de\/klassischer-journalismus\/?p=4217"},"modified":"2020-07-07T11:15:03","modified_gmt":"2020-07-07T11:15:03","slug":"zusammentun","status":"publish","type":"post","link":"https:\/\/vettensjournal.de\/klassischer-journalismus\/zusammentun\/","title":{"rendered":"ZUSAMMENTUN"},"content":{"rendered":"\n<p><strong>TANZ DER VIREN<\/strong><\/p>\n\n\n\n<p><strong>19. Juni<\/strong><\/p>\n\n\n\n<p>Matthias Krupa in der \u201eZeit\u201c: &#8220;In der Corona-Krise hat die Erfahrung besonders geschmerzt, wie abh\u00e4ngig Europa geworden ist. Schutzmasken, Schutzkleidung, Antibiotika, Penicillin \u2013 vieles, was medizinisch gebraucht wird, wird heute in Asien, vor allem in China produziert. Das gilt auch f\u00fcr andere Technologien. In einem Interview hat Angela Merkeln unl\u00e4ngst auf die Frage, was es bedeutet, wenn die EU nun geopolitisch agiere, geantwortet: Europa m\u00fcsse in der Lage sein, seine eigenen Batteriezellen und Chips herzustellen. Auch dies sei eine Frage der Souver\u00e4nit\u00e4t.<\/p>\n\n\n\n<p>Es k\u00f6nnte sich erweisen, dass die Corona-Krise die EU eher zusammenf\u00fchrt als spaltet. Das Virus l\u00e4sst sich kaum ideologisieren, das ist ein wesentlicher Unterschied etwa zum Streit \u00fcber den Umgan mit Fl\u00fcchtlingen und Migration. Die wirtschaftliche Erholung liegt im Interesse aller Mitgliedstaaten. Auch bestreitet niemand mehr, dass man sich auf k\u00fcnftige Pandemien durch gemeinsame Forschung und die Bevorratung von medizinischem Ger\u00e4t besser vorbereiten kann. Und der zuletzt viel gescholtene Multilateralismus Europas erscheint angesichts einer Pandemie, die keine Grenzen kennt, durchaus wieder attraktiv.&#8221;<\/p>\n","protected":false},"excerpt":{"rendered":"<p>TANZ DER VIREN 19. Juni Matthias Krupa in der \u201eZeit\u201c: &#8220;In der Corona-Krise hat die Erfahrung besonders geschmerzt, wie abh\u00e4ngig Europa geworden ist. Schutzmasken, Schutzkleidung, Antibiotika, Penicillin \u2013 vieles, was medizinisch gebraucht wird, wird heute in Asien, vor allem in China produziert. Das gilt auch f\u00fcr andere Technologien. In einem Interview hat Angela Merkeln unl\u00e4ngst [&hellip;]<\/p>\n","protected":false},"author":3,"featured_media":0,"comment_status":"closed","ping_status":"closed","sticky":false,"template":"","format":"standard","meta":{"footnotes":""},"categories":[930],"tags":[],"class_list":["post-4217","post","type-post","status-publish","format-standard","hentry","category-tanz-der-viren","has-post-title","has-post-date","has-post-category","has-post-tag","has-post-comment","has-post-author",""],"_links":{"self":[{"href":"https:\/\/vettensjournal.de\/klassischer-journalismus\/wp-json\/wp\/v2\/posts\/4217","targetHints":{"allow":["GET"]}}],"collection":[{"href":"https:\/\/vettensjournal.de\/klassischer-journalismus\/wp-json\/wp\/v2\/posts"}],"about":[{"href":"https:\/\/vettensjournal.de\/klassischer-journalismus\/wp-json\/wp\/v2\/types\/post"}],"author":[{"embeddable":true,"href":"https:\/\/vettensjournal.de\/klassischer-journalismus\/wp-json\/wp\/v2\/users\/3"}],"replies":[{"embeddable":true,"href":"https:\/\/vettensjournal.de\/klassischer-journalismus\/wp-json\/wp\/v2\/comments?post=4217"}],"version-history":[{"count":1,"href":"https:\/\/vettensjournal.de\/klassischer-journalismus\/wp-json\/wp\/v2\/posts\/4217\/revisions"}],"predecessor-version":[{"id":4218,"href":"https:\/\/vettensjournal.de\/klassischer-journalismus\/wp-json\/wp\/v2\/posts\/4217\/revisions\/4218"}],"wp:attachment":[{"href":"https:\/\/vettensjournal.de\/klassischer-journalismus\/wp-json\/wp\/v2\/media?parent=4217"}],"wp:term":[{"taxonomy":"category","embeddable":true,"href":"https:\/\/vettensjournal.de\/klassischer-journalismus\/wp-json\/wp\/v2\/categories?post=4217"},{"taxonomy":"post_tag","embeddable":true,"href":"https:\/\/vettensjournal.de\/klassischer-journalismus\/wp-json\/wp\/v2\/tags?post=4217"}],"curies":[{"name":"wp","href":"https:\/\/api.w.org\/{rel}","templated":true}]}}