{"id":4213,"date":"2020-07-07T11:10:45","date_gmt":"2020-07-07T11:10:45","guid":{"rendered":"https:\/\/vettensjournal.de\/klassischer-journalismus\/?p=4213"},"modified":"2020-07-07T11:10:46","modified_gmt":"2020-07-07T11:10:46","slug":"verfolgen","status":"publish","type":"post","link":"https:\/\/vettensjournal.de\/klassischer-journalismus\/verfolgen\/","title":{"rendered":"VERFOLGEN"},"content":{"rendered":"\n<p><strong>TANZ DER VIREN<\/strong><\/p>\n\n\n\n<p><strong>17. Juni<\/strong><\/p>\n\n\n\n<p>Die \u201eZeit\u201c: &#8220;Die Entwicklung der Corona Warn-App dauerte lange und war konfliktreich\u2026 Jetzt kl\u00e4rten die Politiker nur noch eine kosmetische Frage: Der Name ,Corona-Warn-App&#8217;, hei\u00dft es, sei im Kanzleramt selbst ersonnen worden.<\/p>\n\n\n\n<p>Nun ist die App da, wenn auch sp\u00e4ter als erhofft. Sie muss die Kontaktverfolgung, die bislang telefonisch erledigt wurde, erg\u00e4nzen und beschleunigen. Der wichtigste Erfolgsfaktor ist allerdings kein technischer, sondern ein psychologischer: F\u00fcrchten die Deutschen die Corona-Infektion noch genug, sodass sie die App installieren?&#8221;<\/p>\n","protected":false},"excerpt":{"rendered":"<p>TANZ DER VIREN 17. Juni Die \u201eZeit\u201c: &#8220;Die Entwicklung der Corona Warn-App dauerte lange und war konfliktreich\u2026 Jetzt kl\u00e4rten die Politiker nur noch eine kosmetische Frage: Der Name ,Corona-Warn-App&#8217;, hei\u00dft es, sei im Kanzleramt selbst ersonnen worden. Nun ist die App da, wenn auch sp\u00e4ter als erhofft. Sie muss die Kontaktverfolgung, die bislang telefonisch erledigt [&hellip;]<\/p>\n","protected":false},"author":3,"featured_media":4085,"comment_status":"closed","ping_status":"closed","sticky":false,"template":"","format":"standard","meta":{"footnotes":""},"categories":[930],"tags":[],"class_list":["post-4213","post","type-post","status-publish","format-standard","has-post-thumbnail","hentry","category-tanz-der-viren","has-post-title","has-post-date","has-post-category","has-post-tag","has-post-comment","has-post-author",""],"_links":{"self":[{"href":"https:\/\/vettensjournal.de\/klassischer-journalismus\/wp-json\/wp\/v2\/posts\/4213","targetHints":{"allow":["GET"]}}],"collection":[{"href":"https:\/\/vettensjournal.de\/klassischer-journalismus\/wp-json\/wp\/v2\/posts"}],"about":[{"href":"https:\/\/vettensjournal.de\/klassischer-journalismus\/wp-json\/wp\/v2\/types\/post"}],"author":[{"embeddable":true,"href":"https:\/\/vettensjournal.de\/klassischer-journalismus\/wp-json\/wp\/v2\/users\/3"}],"replies":[{"embeddable":true,"href":"https:\/\/vettensjournal.de\/klassischer-journalismus\/wp-json\/wp\/v2\/comments?post=4213"}],"version-history":[{"count":1,"href":"https:\/\/vettensjournal.de\/klassischer-journalismus\/wp-json\/wp\/v2\/posts\/4213\/revisions"}],"predecessor-version":[{"id":4214,"href":"https:\/\/vettensjournal.de\/klassischer-journalismus\/wp-json\/wp\/v2\/posts\/4213\/revisions\/4214"}],"wp:featuredmedia":[{"embeddable":true,"href":"https:\/\/vettensjournal.de\/klassischer-journalismus\/wp-json\/wp\/v2\/media\/4085"}],"wp:attachment":[{"href":"https:\/\/vettensjournal.de\/klassischer-journalismus\/wp-json\/wp\/v2\/media?parent=4213"}],"wp:term":[{"taxonomy":"category","embeddable":true,"href":"https:\/\/vettensjournal.de\/klassischer-journalismus\/wp-json\/wp\/v2\/categories?post=4213"},{"taxonomy":"post_tag","embeddable":true,"href":"https:\/\/vettensjournal.de\/klassischer-journalismus\/wp-json\/wp\/v2\/tags?post=4213"}],"curies":[{"name":"wp","href":"https:\/\/api.w.org\/{rel}","templated":true}]}}