{"id":4211,"date":"2020-07-07T11:08:43","date_gmt":"2020-07-07T11:08:43","guid":{"rendered":"https:\/\/vettensjournal.de\/klassischer-journalismus\/?p=4211"},"modified":"2020-07-07T11:08:44","modified_gmt":"2020-07-07T11:08:44","slug":"schwacheln-ii","status":"publish","type":"post","link":"https:\/\/vettensjournal.de\/klassischer-journalismus\/schwacheln-ii\/","title":{"rendered":"SCHW\u00c4CHELN II"},"content":{"rendered":"\n<p><strong>TANZ DER VIREN<\/strong><\/p>\n\n\n\n<p><strong>16. Juni<\/strong><\/p>\n\n\n\n<p>Die \u201eZeit\u201c \u00fcber den \u201eHerbst des Pr\u00e4sidenten \u2013 um\nEmmanuel Macron wird es einsam\u201c:<\/p>\n\n\n\n<p>&#8220;In den vergangenen Wochen sind die Umfragewerte Macrons weiter gesunken. Nur noch 39 Prozent der Franzosen sind mit dem Staatschef zufrieden.<\/p>\n\n\n\n<p>Die Pandemie, die in Frankreich weitaus st\u00e4rker zuschlug als hierzulande und etwa 29500 Todesopfer forderte, hat viel Schw\u00e4chen erst richtig offengelegt, die Krise der Krankenh\u00e4user beispielsweise oder den b\u00fcrokratischen Zentralismus. Der hatte dazu beigetragen, dass es in den ersten Wochen am N\u00f6tigsten fehlte, an Atemschutzmasken, Desinfektionsmitteln, Medikamenten und Beatmungsger\u00e4ten.<\/p>\n\n\n\n<p>Das alles wird dem Pr\u00e4sidenten nun vorgerechnet und vorgehalten, der sich zugleich mit neuen Problemen konfrontiert sieht: Frankreich wird im Herbst in eine schwere Rezession rutschen, die der Sozialstaat nur geringf\u00fcgig abfedern kann.&#8221;<\/p>\n","protected":false},"excerpt":{"rendered":"<p>TANZ DER VIREN 16. Juni Die \u201eZeit\u201c \u00fcber den \u201eHerbst des Pr\u00e4sidenten \u2013 um Emmanuel Macron wird es einsam\u201c: &#8220;In den vergangenen Wochen sind die Umfragewerte Macrons weiter gesunken. Nur noch 39 Prozent der Franzosen sind mit dem Staatschef zufrieden. Die Pandemie, die in Frankreich weitaus st\u00e4rker zuschlug als hierzulande und etwa 29500 Todesopfer forderte, [&hellip;]<\/p>\n","protected":false},"author":3,"featured_media":4109,"comment_status":"closed","ping_status":"closed","sticky":false,"template":"","format":"standard","meta":{"footnotes":""},"categories":[930],"tags":[],"class_list":["post-4211","post","type-post","status-publish","format-standard","has-post-thumbnail","hentry","category-tanz-der-viren","has-post-title","has-post-date","has-post-category","has-post-tag","has-post-comment","has-post-author",""],"_links":{"self":[{"href":"https:\/\/vettensjournal.de\/klassischer-journalismus\/wp-json\/wp\/v2\/posts\/4211","targetHints":{"allow":["GET"]}}],"collection":[{"href":"https:\/\/vettensjournal.de\/klassischer-journalismus\/wp-json\/wp\/v2\/posts"}],"about":[{"href":"https:\/\/vettensjournal.de\/klassischer-journalismus\/wp-json\/wp\/v2\/types\/post"}],"author":[{"embeddable":true,"href":"https:\/\/vettensjournal.de\/klassischer-journalismus\/wp-json\/wp\/v2\/users\/3"}],"replies":[{"embeddable":true,"href":"https:\/\/vettensjournal.de\/klassischer-journalismus\/wp-json\/wp\/v2\/comments?post=4211"}],"version-history":[{"count":1,"href":"https:\/\/vettensjournal.de\/klassischer-journalismus\/wp-json\/wp\/v2\/posts\/4211\/revisions"}],"predecessor-version":[{"id":4212,"href":"https:\/\/vettensjournal.de\/klassischer-journalismus\/wp-json\/wp\/v2\/posts\/4211\/revisions\/4212"}],"wp:featuredmedia":[{"embeddable":true,"href":"https:\/\/vettensjournal.de\/klassischer-journalismus\/wp-json\/wp\/v2\/media\/4109"}],"wp:attachment":[{"href":"https:\/\/vettensjournal.de\/klassischer-journalismus\/wp-json\/wp\/v2\/media?parent=4211"}],"wp:term":[{"taxonomy":"category","embeddable":true,"href":"https:\/\/vettensjournal.de\/klassischer-journalismus\/wp-json\/wp\/v2\/categories?post=4211"},{"taxonomy":"post_tag","embeddable":true,"href":"https:\/\/vettensjournal.de\/klassischer-journalismus\/wp-json\/wp\/v2\/tags?post=4211"}],"curies":[{"name":"wp","href":"https:\/\/api.w.org\/{rel}","templated":true}]}}