{"id":4208,"date":"2020-07-07T11:06:41","date_gmt":"2020-07-07T11:06:41","guid":{"rendered":"https:\/\/vettensjournal.de\/klassischer-journalismus\/?p=4208"},"modified":"2020-07-07T11:07:24","modified_gmt":"2020-07-07T11:07:24","slug":"schwacheln","status":"publish","type":"post","link":"https:\/\/vettensjournal.de\/klassischer-journalismus\/schwacheln\/","title":{"rendered":"SCHW\u00c4CHELN I"},"content":{"rendered":"\n<p><strong>TANZ DER VIREN<\/strong><\/p>\n\n\n\n<p><strong>15. Juni<\/strong><\/p>\n\n\n\n<p>Boris Johnson, der britische Premier, w\u00e4re fast an\nCorona gestorben. Nun treibt er viel Sport und h\u00e4lt Di\u00e4t, weil er glaubt, er\nhabe sich wegen seines \u00dcbergewichts angesteckt.<\/p>\n\n\n\n<p>Doch nach dem Zwischenstopp auf der Intensivstation ist der ehmals unkaputtbar scheinende Politiker angeknockt. Sein Kontrahent der Labour-Chef Keir Starmer, nimmt ihn hart ran.<\/p>\n\n\n\n<p>Als der \u201eDaily Telegraph\u201c vermeldete, Boris Johnson\nwerde ab sofort die \u201edirekte Kontrolle\u201c \u00fcbers Covida-Management \u00fcbernehmen, hat\nStarmer s\u00fcffisant eingworfen: \u201eWer hatte denn bislang die Kontrolle?\u201c<\/p>\n\n\n\n<p>Nun legt er nach. Er fragte den Premier: Sie haben\ndoch versprochen, am 1. Juni werde das weltbeste Track- und Trace-Management\nder Welt einsatzbereit sein. Das ist aber nicht der Fall. Warum, bittesehr?\u201c\nJohnson fiel nichts ein. Au\u00dfer: \u201eIch verstehe die ganzen Attacken nicht.\u201c\nKarmer, britisch-freundlich: \u201eSie verwechseln Nachfragen mit Attacken.\u201c<\/p>\n\n\n\n<p>Daraufhin verstummte Boris Johnson v\u00f6llig. Er ist\nnicht mehr der Alte. Nichts ist f\u00fcr ihn wie vor Corona.<\/p>\n","protected":false},"excerpt":{"rendered":"<p>TANZ DER VIREN 15. Juni Boris Johnson, der britische Premier, w\u00e4re fast an Corona gestorben. Nun treibt er viel Sport und h\u00e4lt Di\u00e4t, weil er glaubt, er habe sich wegen seines \u00dcbergewichts angesteckt. Doch nach dem Zwischenstopp auf der Intensivstation ist der ehmals unkaputtbar scheinende Politiker angeknockt. Sein Kontrahent der Labour-Chef Keir Starmer, nimmt ihn [&hellip;]<\/p>\n","protected":false},"author":3,"featured_media":4069,"comment_status":"closed","ping_status":"closed","sticky":false,"template":"","format":"standard","meta":{"footnotes":""},"categories":[930],"tags":[],"class_list":["post-4208","post","type-post","status-publish","format-standard","has-post-thumbnail","hentry","category-tanz-der-viren","has-post-title","has-post-date","has-post-category","has-post-tag","has-post-comment","has-post-author",""],"_links":{"self":[{"href":"https:\/\/vettensjournal.de\/klassischer-journalismus\/wp-json\/wp\/v2\/posts\/4208","targetHints":{"allow":["GET"]}}],"collection":[{"href":"https:\/\/vettensjournal.de\/klassischer-journalismus\/wp-json\/wp\/v2\/posts"}],"about":[{"href":"https:\/\/vettensjournal.de\/klassischer-journalismus\/wp-json\/wp\/v2\/types\/post"}],"author":[{"embeddable":true,"href":"https:\/\/vettensjournal.de\/klassischer-journalismus\/wp-json\/wp\/v2\/users\/3"}],"replies":[{"embeddable":true,"href":"https:\/\/vettensjournal.de\/klassischer-journalismus\/wp-json\/wp\/v2\/comments?post=4208"}],"version-history":[{"count":1,"href":"https:\/\/vettensjournal.de\/klassischer-journalismus\/wp-json\/wp\/v2\/posts\/4208\/revisions"}],"predecessor-version":[{"id":4210,"href":"https:\/\/vettensjournal.de\/klassischer-journalismus\/wp-json\/wp\/v2\/posts\/4208\/revisions\/4210"}],"wp:featuredmedia":[{"embeddable":true,"href":"https:\/\/vettensjournal.de\/klassischer-journalismus\/wp-json\/wp\/v2\/media\/4069"}],"wp:attachment":[{"href":"https:\/\/vettensjournal.de\/klassischer-journalismus\/wp-json\/wp\/v2\/media?parent=4208"}],"wp:term":[{"taxonomy":"category","embeddable":true,"href":"https:\/\/vettensjournal.de\/klassischer-journalismus\/wp-json\/wp\/v2\/categories?post=4208"},{"taxonomy":"post_tag","embeddable":true,"href":"https:\/\/vettensjournal.de\/klassischer-journalismus\/wp-json\/wp\/v2\/tags?post=4208"}],"curies":[{"name":"wp","href":"https:\/\/api.w.org\/{rel}","templated":true}]}}