{"id":4206,"date":"2020-07-07T11:04:27","date_gmt":"2020-07-07T11:04:27","guid":{"rendered":"https:\/\/vettensjournal.de\/klassischer-journalismus\/?p=4206"},"modified":"2020-07-07T11:04:29","modified_gmt":"2020-07-07T11:04:29","slug":"klauen","status":"publish","type":"post","link":"https:\/\/vettensjournal.de\/klassischer-journalismus\/klauen\/","title":{"rendered":"KLAUEN"},"content":{"rendered":"\n<p><strong>TANZ DER VIREN<\/strong><\/p>\n\n\n\n<p><strong>14. Juni<\/strong><\/p>\n\n\n\n<p>\u201eSpiegel\u201c: Im April lie\u00df Gesundheitsminister Jens Spahn Schutzausr\u00fcstung f\u00fcr \u00c4rzte und Pfleger f\u00fcr mindestens 900 Millionen Euro kaufen. Nun warten aber etliche Firmen auf ihr Geld. \u201eAngesichts der bei fast allen Lieferungen bestehenden Fehlerquote w\u00fcrde bei einer vollst\u00e4ndigen Zahlung f\u00fcr den Bund ein zu hohes Ausfallrisiko bestehen\u201c, teilt das Ministerium mit. Stattdessen habe man nun Lieferanten angeboten, zun\u00e4chst die H\u00e4lfte der Summe als Abschlag zu zahlen. Fast 600 Millionen Euro stehen nach Auskunft des Ministeriums noch aus.<\/p>\n\n\n\n<p>Die Lieferanten bezeichnen sich als \u201eMaskenopfer\u201c und\nden Minister als \u201eMaskendieb\u201c.<\/p>\n","protected":false},"excerpt":{"rendered":"<p>TANZ DER VIREN 14. Juni \u201eSpiegel\u201c: Im April lie\u00df Gesundheitsminister Jens Spahn Schutzausr\u00fcstung f\u00fcr \u00c4rzte und Pfleger f\u00fcr mindestens 900 Millionen Euro kaufen. Nun warten aber etliche Firmen auf ihr Geld. \u201eAngesichts der bei fast allen Lieferungen bestehenden Fehlerquote w\u00fcrde bei einer vollst\u00e4ndigen Zahlung f\u00fcr den Bund ein zu hohes Ausfallrisiko bestehen\u201c, teilt das Ministerium [&hellip;]<\/p>\n","protected":false},"author":3,"featured_media":4080,"comment_status":"closed","ping_status":"closed","sticky":false,"template":"","format":"standard","meta":{"footnotes":""},"categories":[930],"tags":[],"class_list":["post-4206","post","type-post","status-publish","format-standard","has-post-thumbnail","hentry","category-tanz-der-viren","has-post-title","has-post-date","has-post-category","has-post-tag","has-post-comment","has-post-author",""],"_links":{"self":[{"href":"https:\/\/vettensjournal.de\/klassischer-journalismus\/wp-json\/wp\/v2\/posts\/4206","targetHints":{"allow":["GET"]}}],"collection":[{"href":"https:\/\/vettensjournal.de\/klassischer-journalismus\/wp-json\/wp\/v2\/posts"}],"about":[{"href":"https:\/\/vettensjournal.de\/klassischer-journalismus\/wp-json\/wp\/v2\/types\/post"}],"author":[{"embeddable":true,"href":"https:\/\/vettensjournal.de\/klassischer-journalismus\/wp-json\/wp\/v2\/users\/3"}],"replies":[{"embeddable":true,"href":"https:\/\/vettensjournal.de\/klassischer-journalismus\/wp-json\/wp\/v2\/comments?post=4206"}],"version-history":[{"count":1,"href":"https:\/\/vettensjournal.de\/klassischer-journalismus\/wp-json\/wp\/v2\/posts\/4206\/revisions"}],"predecessor-version":[{"id":4207,"href":"https:\/\/vettensjournal.de\/klassischer-journalismus\/wp-json\/wp\/v2\/posts\/4206\/revisions\/4207"}],"wp:featuredmedia":[{"embeddable":true,"href":"https:\/\/vettensjournal.de\/klassischer-journalismus\/wp-json\/wp\/v2\/media\/4080"}],"wp:attachment":[{"href":"https:\/\/vettensjournal.de\/klassischer-journalismus\/wp-json\/wp\/v2\/media?parent=4206"}],"wp:term":[{"taxonomy":"category","embeddable":true,"href":"https:\/\/vettensjournal.de\/klassischer-journalismus\/wp-json\/wp\/v2\/categories?post=4206"},{"taxonomy":"post_tag","embeddable":true,"href":"https:\/\/vettensjournal.de\/klassischer-journalismus\/wp-json\/wp\/v2\/tags?post=4206"}],"curies":[{"name":"wp","href":"https:\/\/api.w.org\/{rel}","templated":true}]}}