{"id":4202,"date":"2020-07-07T11:00:46","date_gmt":"2020-07-07T11:00:46","guid":{"rendered":"https:\/\/vettensjournal.de\/klassischer-journalismus\/?p=4202"},"modified":"2020-07-07T11:00:47","modified_gmt":"2020-07-07T11:00:47","slug":"vergessen","status":"publish","type":"post","link":"https:\/\/vettensjournal.de\/klassischer-journalismus\/vergessen\/","title":{"rendered":"VERGESSEN"},"content":{"rendered":"\n<p><strong>TANZ DER VIREN<\/strong><\/p>\n\n\n\n<p><strong>12. Juni<\/strong><\/p>\n\n\n\n<p>Das b\u00f6seste Virus der heutigen Welt ist nicht Corona, der Schlimmste seiner Zunft l\u00f6st die \u201eSchwindsucht\u201c aus. Obwohl die Mediziner seit Robert Koch Waffen gegen die Tuberkulose zur Hand haben, t\u00f6tet die Krankheit j\u00e4hrlich 1,5 Millionen Menschen, darunter mehr als 200000 Kinder. In den Industriel\u00e4ndern ist die \u201eSchwindsucht\u201c nur noch eine b\u00f6se Erinnerung, in der armen Welt w\u00fctet sie weiter \u2013 vor allem in Afrika und Indien.<\/p>\n\n\n\n<p>Vor Corona hatten die \u00c4rzte gemeint, sie k\u00f6nnten die\nTuberkulose bis 2030 ausrotten.<\/p>\n\n\n\n<p>Jetzt ist Covid 19 der Star unter den Viren. Mehr als\n500 superteure Studien besch\u00e4ftigen sich mit Corona. Weltweit wird gespendet, die\nSpezialisten kennen scheinbar nur noch das eine Thema.<\/p>\n\n\n\n<p>Gut f\u00fcr die \u201eSchwindsucht\u201c \u2013 da kann sie wieder Land\ngewinnen. Vor allem in Osteuropa sind multiresistente Tuberkulosest\u00e4mme auf dem\nVormarsch.<\/p>\n","protected":false},"excerpt":{"rendered":"<p>TANZ DER VIREN 12. Juni Das b\u00f6seste Virus der heutigen Welt ist nicht Corona, der Schlimmste seiner Zunft l\u00f6st die \u201eSchwindsucht\u201c aus. Obwohl die Mediziner seit Robert Koch Waffen gegen die Tuberkulose zur Hand haben, t\u00f6tet die Krankheit j\u00e4hrlich 1,5 Millionen Menschen, darunter mehr als 200000 Kinder. In den Industriel\u00e4ndern ist die \u201eSchwindsucht\u201c nur noch [&hellip;]<\/p>\n","protected":false},"author":3,"featured_media":4020,"comment_status":"closed","ping_status":"closed","sticky":false,"template":"","format":"standard","meta":{"footnotes":""},"categories":[930],"tags":[],"class_list":["post-4202","post","type-post","status-publish","format-standard","has-post-thumbnail","hentry","category-tanz-der-viren","has-post-title","has-post-date","has-post-category","has-post-tag","has-post-comment","has-post-author",""],"_links":{"self":[{"href":"https:\/\/vettensjournal.de\/klassischer-journalismus\/wp-json\/wp\/v2\/posts\/4202","targetHints":{"allow":["GET"]}}],"collection":[{"href":"https:\/\/vettensjournal.de\/klassischer-journalismus\/wp-json\/wp\/v2\/posts"}],"about":[{"href":"https:\/\/vettensjournal.de\/klassischer-journalismus\/wp-json\/wp\/v2\/types\/post"}],"author":[{"embeddable":true,"href":"https:\/\/vettensjournal.de\/klassischer-journalismus\/wp-json\/wp\/v2\/users\/3"}],"replies":[{"embeddable":true,"href":"https:\/\/vettensjournal.de\/klassischer-journalismus\/wp-json\/wp\/v2\/comments?post=4202"}],"version-history":[{"count":1,"href":"https:\/\/vettensjournal.de\/klassischer-journalismus\/wp-json\/wp\/v2\/posts\/4202\/revisions"}],"predecessor-version":[{"id":4203,"href":"https:\/\/vettensjournal.de\/klassischer-journalismus\/wp-json\/wp\/v2\/posts\/4202\/revisions\/4203"}],"wp:featuredmedia":[{"embeddable":true,"href":"https:\/\/vettensjournal.de\/klassischer-journalismus\/wp-json\/wp\/v2\/media\/4020"}],"wp:attachment":[{"href":"https:\/\/vettensjournal.de\/klassischer-journalismus\/wp-json\/wp\/v2\/media?parent=4202"}],"wp:term":[{"taxonomy":"category","embeddable":true,"href":"https:\/\/vettensjournal.de\/klassischer-journalismus\/wp-json\/wp\/v2\/categories?post=4202"},{"taxonomy":"post_tag","embeddable":true,"href":"https:\/\/vettensjournal.de\/klassischer-journalismus\/wp-json\/wp\/v2\/tags?post=4202"}],"curies":[{"name":"wp","href":"https:\/\/api.w.org\/{rel}","templated":true}]}}